{"id":694,"date":"2021-01-02T09:59:00","date_gmt":"2021-01-02T08:59:00","guid":{"rendered":"https:\/\/izo.si\/?p=694"},"modified":"2022-01-10T15:47:11","modified_gmt":"2022-01-10T14:47:11","slug":"cepljenje-proti-covid-19","status":"publish","type":"post","link":"https:\/\/izo.si\/en\/cepljenje-proti-covid-19\/","title":{"rendered":"Cepljenje proti covidu-19"},"content":{"rendered":"<p>Pandemija covida-19 je povzro\u010dila eno najve\u010djih zdravstvenih, gospodarskih in dru\u017ebenih kriz v zadnjem stoletju in s cepljenjem lahko vsak od nas pomembno pripomore, da se epidemija uspe\u0161no obvlada. Tega se zavedamo tudi na In\u0161titutu za zdravje in okolje, zato bomo aktivno podprli cepljenje proti covidu-19 kot naju\u010dinkovitej\u0161i ukrep za za\u0161\u010dito na\u0161ega zdravja ter zdravja na\u0161ih dru\u017einskih \u010dlanov, prijateljev, sosedov, znancev in sodelavcev.<\/p>\n\n\n\n<p>Poleg u\u010dinkovitega in varnega cepiva je za ustavitev epidemije potrebna zadostna precepljenost prebivalstva. Zato bo vsak posameznik s cepljenjem prispeval tako k svoji za\u0161\u010diti kot tudi k re\u0161itvi izjemno velikega dru\u017ebenega problema, ki \u017ee leto dni hromi na\u0161a \u017eivljenja.<\/p>\n\n\n\n<div class=\"wp-block-image\"><figure class=\"aligncenter size-full is-resized\"><img fetchpriority=\"high\" decoding=\"async\" src=\"https:\/\/izo.si\/wp-content\/uploads\/2022\/01\/94_image-768x402-1.png\" alt=\"\" class=\"wp-image-2683\" width=\"576\" height=\"302\" srcset=\"https:\/\/izo.si\/wp-content\/uploads\/2022\/01\/94_image-768x402-1.png 768w, https:\/\/izo.si\/wp-content\/uploads\/2022\/01\/94_image-768x402-1-300x157.png 300w\" sizes=\"(max-width: 576px) 100vw, 576px\" \/><\/figure><\/div>\n\n\n\n<p><meta charset=\"utf-8\">Klju\u010dnega pomena pri tem pa bo predvsem na\u0161e zaupanje v varnost in u\u010dinkovitost cepiva in tega se zavedamo tudi na In\u0161titutu za zdravje in okolje. Zato bomo v sodelovanju z Nacionalnim in\u0161titutom za javno zdravje v prihodnjih tednih in mesecih posredovali \u010dim ve\u010d zanesljivih informacij in nasvetov glede cepljenja, ki jih bomo vsi mi potrebovali, ko bodo cepiva na voljo. Pomembno je, da za uspe\u0161no ustavitev epidemije stopimo skupaj.<\/p>","protected":false},"excerpt":{"rendered":"<p>Pandemija covida-19 je povzro\u010dila eno najve\u010djih zdravstvenih, gospodarskih in dru\u017ebenih kriz v zadnjem stoletju in s cepljenjem lahko vsak od nas pomembno pripomore, da se epidemija uspe\u0161no obvlada. Tega se zavedamo tudi na In\u0161titutu za zdravje in okolje, zato bomo aktivno podprli cepljenje proti covidu-19 kot naju\u010dinkovitej\u0161i ukrep za za\u0161\u010dito na\u0161ega zdravja ter zdravja na\u0161ih [&hellip;]<\/p>","protected":false},"author":1,"featured_media":2685,"comment_status":"closed","ping_status":"closed","sticky":false,"template":"","format":"standard","meta":{"_monsterinsights_skip_tracking":false,"_monsterinsights_sitenote_active":false,"_monsterinsights_sitenote_note":"","_monsterinsights_sitenote_category":0,"_uf_show_specific_survey":0,"_uf_disable_surveys":false,"footnotes":""},"categories":[7],"tags":[],"class_list":["post-694","post","type-post","status-publish","format-standard","has-post-thumbnail","hentry","category-novice"],"aioseo_notices":[],"yoast_head":"<!-- This site is optimized with the Yoast SEO plugin v24.5 - https:\/\/yoast.com\/wordpress\/plugins\/seo\/ -->\n<title>Cepljenje proti covidu-19 - IZO<\/title>\n<meta name=\"robots\" content=\"index, follow, max-snippet:-1, max-image-preview:large, max-video-preview:-1\" \/>\n<link rel=\"canonical\" href=\"https:\/\/izo.si\/en\/cepljenje-proti-covid-19\/\" \/>\n<meta property=\"og:locale\" content=\"en_GB\" \/>\n<meta property=\"og:type\" content=\"article\" \/>\n<meta property=\"og:title\" content=\"Cepljenje proti covidu-19 - IZO\" \/>\n<meta property=\"og:description\" content=\"Pandemija covida-19 je povzro\u010dila eno najve\u010djih zdravstvenih, gospodarskih in dru\u017ebenih kriz v zadnjem stoletju in s cepljenjem lahko vsak od nas pomembno pripomore, da se epidemija uspe\u0161no obvlada. Tega se zavedamo tudi na In\u0161titutu za zdravje in okolje, zato bomo aktivno podprli cepljenje proti covidu-19 kot naju\u010dinkovitej\u0161i ukrep za za\u0161\u010dito na\u0161ega zdravja ter zdravja na\u0161ih [&hellip;]\" \/>\n<meta property=\"og:url\" content=\"https:\/\/izo.si\/en\/cepljenje-proti-covid-19\/\" \/>\n<meta property=\"og:site_name\" content=\"IZO\" \/>\n<meta property=\"article:published_time\" content=\"2021-01-02T08:59:00+00:00\" \/>\n<meta property=\"article:modified_time\" content=\"2022-01-10T14:47:11+00:00\" \/>\n<meta property=\"og:image\" content=\"https:\/\/izo.si\/wp-content\/uploads\/2021\/01\/Izdelek-brez-naslova-5.png\" \/>\n\t<meta property=\"og:image:width\" content=\"940\" \/>\n\t<meta property=\"og:image:height\" content=\"788\" \/>\n\t<meta property=\"og:image:type\" content=\"image\/png\" \/>\n<meta name=\"author\" content=\"jan\" \/>\n<meta name=\"twitter:card\" content=\"summary_large_image\" \/>\n<meta name=\"twitter:label1\" content=\"Written by\" \/>\n\t<meta name=\"twitter:data1\" content=\"jan\" \/>\n\t<meta name=\"twitter:label2\" content=\"Estimated reading time\" \/>\n\t<meta name=\"twitter:data2\" content=\"1 minute\" \/>\n<script type=\"application\/ld+json\" class=\"yoast-schema-graph\">{\"@context\":\"https:\/\/schema.org\",\"@graph\":[{\"@type\":\"Article\",\"@id\":\"https:\/\/izo.si\/en\/cepljenje-proti-covid-19\/#article\",\"isPartOf\":{\"@id\":\"https:\/\/izo.si\/en\/cepljenje-proti-covid-19\/\"},\"author\":{\"name\":\"jan\",\"@id\":\"https:\/\/izo.si\/#\/schema\/person\/b7917d9aefe84fc4fbf41df2d3461cc9\"},\"headline\":\"Cepljenje proti covidu-19\",\"datePublished\":\"2021-01-02T08:59:00+00:00\",\"dateModified\":\"2022-01-10T14:47:11+00:00\",\"mainEntityOfPage\":{\"@id\":\"https:\/\/izo.si\/en\/cepljenje-proti-covid-19\/\"},\"wordCount\":195,\"publisher\":{\"@id\":\"https:\/\/izo.si\/#organization\"},\"image\":{\"@id\":\"https:\/\/izo.si\/en\/cepljenje-proti-covid-19\/#primaryimage\"},\"thumbnailUrl\":\"https:\/\/izo.si\/wp-content\/uploads\/2021\/01\/Izdelek-brez-naslova-5.png\",\"articleSection\":[\"Novice\"],\"inLanguage\":\"en-GB\"},{\"@type\":\"WebPage\",\"@id\":\"https:\/\/izo.si\/en\/cepljenje-proti-covid-19\/\",\"url\":\"https:\/\/izo.si\/en\/cepljenje-proti-covid-19\/\",\"name\":\"Cepljenje proti covidu-19 - IZO\",\"isPartOf\":{\"@id\":\"https:\/\/izo.si\/#website\"},\"primaryImageOfPage\":{\"@id\":\"https:\/\/izo.si\/en\/cepljenje-proti-covid-19\/#primaryimage\"},\"image\":{\"@id\":\"https:\/\/izo.si\/en\/cepljenje-proti-covid-19\/#primaryimage\"},\"thumbnailUrl\":\"https:\/\/izo.si\/wp-content\/uploads\/2021\/01\/Izdelek-brez-naslova-5.png\",\"datePublished\":\"2021-01-02T08:59:00+00:00\",\"dateModified\":\"2022-01-10T14:47:11+00:00\",\"breadcrumb\":{\"@id\":\"https:\/\/izo.si\/en\/cepljenje-proti-covid-19\/#breadcrumb\"},\"inLanguage\":\"en-GB\",\"potentialAction\":[{\"@type\":\"ReadAction\",\"target\":[\"https:\/\/izo.si\/en\/cepljenje-proti-covid-19\/\"]}]},{\"@type\":\"ImageObject\",\"inLanguage\":\"en-GB\",\"@id\":\"https:\/\/izo.si\/en\/cepljenje-proti-covid-19\/#primaryimage\",\"url\":\"https:\/\/izo.si\/wp-content\/uploads\/2021\/01\/Izdelek-brez-naslova-5.png\",\"contentUrl\":\"https:\/\/izo.si\/wp-content\/uploads\/2021\/01\/Izdelek-brez-naslova-5.png\",\"width\":940,\"height\":788},{\"@type\":\"BreadcrumbList\",\"@id\":\"https:\/\/izo.si\/en\/cepljenje-proti-covid-19\/#breadcrumb\",\"itemListElement\":[{\"@type\":\"ListItem\",\"position\":1,\"name\":\"Home\",\"item\":\"https:\/\/izo.si\/\"},{\"@type\":\"ListItem\",\"position\":2,\"name\":\"Cepljenje proti covidu-19\"}]},{\"@type\":\"WebSite\",\"@id\":\"https:\/\/izo.si\/#website\",\"url\":\"https:\/\/izo.si\/\",\"name\":\"IZO\",\"description\":\"In\u0161titut za zdravje in okolje\",\"publisher\":{\"@id\":\"https:\/\/izo.si\/#organization\"},\"potentialAction\":[{\"@type\":\"SearchAction\",\"target\":{\"@type\":\"EntryPoint\",\"urlTemplate\":\"https:\/\/izo.si\/?s={search_term_string}\"},\"query-input\":{\"@type\":\"PropertyValueSpecification\",\"valueRequired\":true,\"valueName\":\"search_term_string\"}}],\"inLanguage\":\"en-GB\"},{\"@type\":\"Organization\",\"@id\":\"https:\/\/izo.si\/#organization\",\"name\":\"IZO\",\"url\":\"https:\/\/izo.si\/\",\"logo\":{\"@type\":\"ImageObject\",\"inLanguage\":\"en-GB\",\"@id\":\"https:\/\/izo.si\/#\/schema\/logo\/image\/\",\"url\":\"https:\/\/izo.si\/wp-content\/uploads\/2021\/01\/izo-logo@2x.png\",\"contentUrl\":\"https:\/\/izo.si\/wp-content\/uploads\/2021\/01\/izo-logo@2x.png\",\"width\":262,\"height\":139,\"caption\":\"IZO\"},\"image\":{\"@id\":\"https:\/\/izo.si\/#\/schema\/logo\/image\/\"}},{\"@type\":\"Person\",\"@id\":\"https:\/\/izo.si\/#\/schema\/person\/b7917d9aefe84fc4fbf41df2d3461cc9\",\"name\":\"jan\",\"image\":{\"@type\":\"ImageObject\",\"inLanguage\":\"en-GB\",\"@id\":\"https:\/\/izo.si\/#\/schema\/person\/image\/\",\"url\":\"https:\/\/secure.gravatar.com\/avatar\/16e9c05e4b70ee60f1738cda906bf9e1babc13fde99e500f2164f6fd97552278?s=96&d=mm&r=g\",\"contentUrl\":\"https:\/\/secure.gravatar.com\/avatar\/16e9c05e4b70ee60f1738cda906bf9e1babc13fde99e500f2164f6fd97552278?s=96&d=mm&r=g\",\"caption\":\"jan\"},\"sameAs\":[\"https:\/\/izo.si\"],\"url\":\"https:\/\/izo.si\/en\/author\/jan\/\"}]}<\/script>\n<!-- \/ Yoast SEO plugin. -->","yoast_head_json":{"title":"Cepljenje proti covidu-19 - IZO","robots":{"index":"index","follow":"follow","max-snippet":"max-snippet:-1","max-image-preview":"max-image-preview:large","max-video-preview":"max-video-preview:-1"},"canonical":"https:\/\/izo.si\/en\/cepljenje-proti-covid-19\/","og_locale":"en_GB","og_type":"article","og_title":"Cepljenje proti covidu-19 - IZO","og_description":"Pandemija covida-19 je povzro\u010dila eno najve\u010djih zdravstvenih, gospodarskih in dru\u017ebenih kriz v zadnjem stoletju in s cepljenjem lahko vsak od nas pomembno pripomore, da se epidemija uspe\u0161no obvlada. Tega se zavedamo tudi na In\u0161titutu za zdravje in okolje, zato bomo aktivno podprli cepljenje proti covidu-19 kot naju\u010dinkovitej\u0161i ukrep za za\u0161\u010dito na\u0161ega zdravja ter zdravja na\u0161ih [&hellip;]","og_url":"https:\/\/izo.si\/en\/cepljenje-proti-covid-19\/","og_site_name":"IZO","article_published_time":"2021-01-02T08:59:00+00:00","article_modified_time":"2022-01-10T14:47:11+00:00","og_image":[{"width":940,"height":788,"url":"https:\/\/izo.si\/wp-content\/uploads\/2021\/01\/Izdelek-brez-naslova-5.png","type":"image\/png"}],"author":"jan","twitter_card":"summary_large_image","twitter_misc":{"Written by":"jan","Estimated reading time":"1 minute"},"schema":{"@context":"https:\/\/schema.org","@graph":[{"@type":"Article","@id":"https:\/\/izo.si\/en\/cepljenje-proti-covid-19\/#article","isPartOf":{"@id":"https:\/\/izo.si\/en\/cepljenje-proti-covid-19\/"},"author":{"name":"jan","@id":"https:\/\/izo.si\/#\/schema\/person\/b7917d9aefe84fc4fbf41df2d3461cc9"},"headline":"Cepljenje proti covidu-19","datePublished":"2021-01-02T08:59:00+00:00","dateModified":"2022-01-10T14:47:11+00:00","mainEntityOfPage":{"@id":"https:\/\/izo.si\/en\/cepljenje-proti-covid-19\/"},"wordCount":195,"publisher":{"@id":"https:\/\/izo.si\/#organization"},"image":{"@id":"https:\/\/izo.si\/en\/cepljenje-proti-covid-19\/#primaryimage"},"thumbnailUrl":"https:\/\/izo.si\/wp-content\/uploads\/2021\/01\/Izdelek-brez-naslova-5.png","articleSection":["Novice"],"inLanguage":"en-GB"},{"@type":"WebPage","@id":"https:\/\/izo.si\/en\/cepljenje-proti-covid-19\/","url":"https:\/\/izo.si\/en\/cepljenje-proti-covid-19\/","name":"Cepljenje proti covidu-19 - IZO","isPartOf":{"@id":"https:\/\/izo.si\/#website"},"primaryImageOfPage":{"@id":"https:\/\/izo.si\/en\/cepljenje-proti-covid-19\/#primaryimage"},"image":{"@id":"https:\/\/izo.si\/en\/cepljenje-proti-covid-19\/#primaryimage"},"thumbnailUrl":"https:\/\/izo.si\/wp-content\/uploads\/2021\/01\/Izdelek-brez-naslova-5.png","datePublished":"2021-01-02T08:59:00+00:00","dateModified":"2022-01-10T14:47:11+00:00","breadcrumb":{"@id":"https:\/\/izo.si\/en\/cepljenje-proti-covid-19\/#breadcrumb"},"inLanguage":"en-GB","potentialAction":[{"@type":"ReadAction","target":["https:\/\/izo.si\/en\/cepljenje-proti-covid-19\/"]}]},{"@type":"ImageObject","inLanguage":"en-GB","@id":"https:\/\/izo.si\/en\/cepljenje-proti-covid-19\/#primaryimage","url":"https:\/\/izo.si\/wp-content\/uploads\/2021\/01\/Izdelek-brez-naslova-5.png","contentUrl":"https:\/\/izo.si\/wp-content\/uploads\/2021\/01\/Izdelek-brez-naslova-5.png","width":940,"height":788},{"@type":"BreadcrumbList","@id":"https:\/\/izo.si\/en\/cepljenje-proti-covid-19\/#breadcrumb","itemListElement":[{"@type":"ListItem","position":1,"name":"Home","item":"https:\/\/izo.si\/"},{"@type":"ListItem","position":2,"name":"Cepljenje proti covidu-19"}]},{"@type":"WebSite","@id":"https:\/\/izo.si\/#website","url":"https:\/\/izo.si\/","name":"IZO","description":"Institute for Health and Environment","publisher":{"@id":"https:\/\/izo.si\/#organization"},"potentialAction":[{"@type":"SearchAction","target":{"@type":"EntryPoint","urlTemplate":"https:\/\/izo.si\/?s={search_term_string}"},"query-input":{"@type":"PropertyValueSpecification","valueRequired":true,"valueName":"search_term_string"}}],"inLanguage":"en-GB"},{"@type":"Organization","@id":"https:\/\/izo.si\/#organization","name":"IZO","url":"https:\/\/izo.si\/","logo":{"@type":"ImageObject","inLanguage":"en-GB","@id":"https:\/\/izo.si\/#\/schema\/logo\/image\/","url":"https:\/\/izo.si\/wp-content\/uploads\/2021\/01\/izo-logo@2x.png","contentUrl":"https:\/\/izo.si\/wp-content\/uploads\/2021\/01\/izo-logo@2x.png","width":262,"height":139,"caption":"IZO"},"image":{"@id":"https:\/\/izo.si\/#\/schema\/logo\/image\/"}},{"@type":"Person","@id":"https:\/\/izo.si\/#\/schema\/person\/b7917d9aefe84fc4fbf41df2d3461cc9","name":"jan","image":{"@type":"ImageObject","inLanguage":"en-GB","@id":"https:\/\/izo.si\/#\/schema\/person\/image\/","url":"https:\/\/secure.gravatar.com\/avatar\/16e9c05e4b70ee60f1738cda906bf9e1babc13fde99e500f2164f6fd97552278?s=96&d=mm&r=g","contentUrl":"https:\/\/secure.gravatar.com\/avatar\/16e9c05e4b70ee60f1738cda906bf9e1babc13fde99e500f2164f6fd97552278?s=96&d=mm&r=g","caption":"jan"},"sameAs":["https:\/\/izo.si"],"url":"https:\/\/izo.si\/en\/author\/jan\/"}]}},"_links":{"self":[{"href":"https:\/\/izo.si\/en\/wp-json\/wp\/v2\/posts\/694","targetHints":{"allow":["GET"]}}],"collection":[{"href":"https:\/\/izo.si\/en\/wp-json\/wp\/v2\/posts"}],"about":[{"href":"https:\/\/izo.si\/en\/wp-json\/wp\/v2\/types\/post"}],"author":[{"embeddable":true,"href":"https:\/\/izo.si\/en\/wp-json\/wp\/v2\/users\/1"}],"replies":[{"embeddable":true,"href":"https:\/\/izo.si\/en\/wp-json\/wp\/v2\/comments?post=694"}],"version-history":[{"count":3,"href":"https:\/\/izo.si\/en\/wp-json\/wp\/v2\/posts\/694\/revisions"}],"predecessor-version":[{"id":2686,"href":"https:\/\/izo.si\/en\/wp-json\/wp\/v2\/posts\/694\/revisions\/2686"}],"wp:featuredmedia":[{"embeddable":true,"href":"https:\/\/izo.si\/en\/wp-json\/wp\/v2\/media\/2685"}],"wp:attachment":[{"href":"https:\/\/izo.si\/en\/wp-json\/wp\/v2\/media?parent=694"}],"wp:term":[{"taxonomy":"category","embeddable":true,"href":"https:\/\/izo.si\/en\/wp-json\/wp\/v2\/categories?post=694"},{"taxonomy":"post_tag","embeddable":true,"href":"https:\/\/izo.si\/en\/wp-json\/wp\/v2\/tags?post=694"}],"curies":[{"name":"wp","href":"https:\/\/api.w.org\/{rel}","templated":true}]}}