{"id":5111,"date":"2025-04-22T11:19:30","date_gmt":"2025-04-22T09:19:30","guid":{"rendered":"https:\/\/izo.si\/?p=5111"},"modified":"2025-04-22T11:19:30","modified_gmt":"2025-04-22T09:19:30","slug":"svetovni-dan-zemlje-2025","status":"publish","type":"post","link":"https:\/\/izo.si\/en\/svetovni-dan-zemlje-2025\/","title":{"rendered":"SZJ: Svetovni dan Zemlje letos v znamenju individualne odgovornosti do energetske prihodnosti planeta"},"content":{"rendered":"<p><strong>Ljubljana, 22. april 2025<\/strong> \u2013 <strong>Danes<\/strong> <strong>obele\u017eujemo Svetovni dan Zemlje<\/strong> \u2013 dan, ki nas opominja na odgovornost do okolja ter spodbuja k bolj zavestnemu in trajnostnemu ravnanju z naravnimi viri. Na\u0161 odnos do planeta je tesno povezan z zdravjem in kakovostjo \u017eivljenja, zato leto\u0161nji moto ob <strong>55. obletnici Svetovnega dneva Zemlje<\/strong>, <em>\u00bb<\/em><strong><em>Na\u0161a mo\u010d, na\u0161 planet<\/em><\/strong><em>\u00ab<\/em> poudarja, kako pomembno je, da usmerimo pozornost v trajnostno energetsko prihodnost in uresni\u010dujemo spremembe, ki bodo ohranile Zemljo tudi za prihodnje generacije.<br><\/p>\n\n\n\n<p>Zana\u0161anje na fosilna goriva za zadovoljevanje nara\u0161\u010dajo\u010dih energetskih potreb ni dolgoro\u010dna re\u0161itev. <em>\u201dNjihova uporaba ne povzro\u010da le iz\u010drpavanja naravnih virov, temve\u010d predvsem prispeva k pove\u010danju emisij toplogrednih plinov, ki jih na\u0161i ekosistemi ne zmorejo ve\u010d u\u010dinkovito predelati. Posledi\u010dno se podnebne razmere vse hitreje spreminjajo, kar vpliva tako na naravo kot na zdravje ljudi. \u010ce \u017eelimo zagotoviti varno, stabilno in pravi\u010dno prihodnost, moramo usmeriti napore v prehod na \u010diste, obnovljive vire energije, ki dolgoro\u010dno predstavljajo okoljsko in gospodarsko vzdr\u017enej\u0161o izbiro\u201d<\/em>, opozarja <strong>Toma\u017e Gorenc<\/strong>, direktor <a href=\"https:\/\/izo.si\/en\/\" target=\"_blank\" rel=\"noreferrer noopener\">In\u0161tituta za zdravje in okolje<\/a>.<\/p>\n\n\n\n<p>Fosilna goriva so glavni vir nevarnih emisij toplogrednih plinov, ki neposredno prispevajo k pospe\u0161evanju podnebnih sprememb, povzro\u010dajo obse\u017eno degradacijo okolja ter negativno vplivajo na zdravje ljudi. Prehod na obnovljive vire energije ne le da omogo\u010da cenej\u0161o in bolj trajnostno proizvodnjo elektri\u010dne energije, temve\u010d je tudi klju\u010dni korak pri obratu negativnih trendov. Zato je cilj leto\u0161nje <a href=\"https:\/\/www.earthday.org\/our-power-our-planet-earth-days-2025-theme-decoded\/#:~:text=The%20era%20of%20oil%2C%20gas,our%20most%20important%20theme%20ever\" target=\"_blank\" rel=\"noreferrer noopener\">kampanje ob dnevu Zemlje<\/a> podpora hitrej\u0161emu uvajanju obnovljivih virov energije in potrojitev njihove rabe do leta 2030.<\/p>\n\n\n\n<p class=\"has-medium-font-size\"><strong>Izzivi in prilo\u017enosti energetske prihodnosti<\/strong><\/p>\n\n\n\n<p>Organizacija <a href=\"https:\/\/www.earthday.org\/\" target=\"_blank\" rel=\"noreferrer noopener\">Earth Day Network<\/a> v svojih analizah izpostavlja spodbudne primere uporabe \u010diste energije v razli\u010dnih dr\u017eavah. \u0160e posebej izstopa primer Urugvaja, ki je v zadnjih letih temeljito preoblikoval svoj energetski sektor. Namesto odvisnosti od uvoza nafte danes 98 % elektri\u010dne energije v dr\u017eavi proizvaja iz obnovljivih virov. Zgled, ki jasno ka\u017ee, da lahko dr\u017eave z ustreznimi ukrepi in nalo\u017ebami v obnovljive vire uspe\u0161no preoblikujejo svojo energetsko infrastrukturo in pomembno prispevajo k boju proti podnebnim spremembam. Obnovljiva energija pa ima tudi&nbsp;ogromen gospodarski potencial, saj lahko na globalni ravni ustvari <a href=\"https:\/\/www.earthday.org\/our-power-our-planet-earth-days-2025-theme-decoded\/#:~:text=The%20era%20of%20oil%2C%20gas,our%20most%20important%20theme%20ever\" target=\"_blank\" rel=\"noreferrer noopener\">14 milijonov novih delovnih mest<\/a>.<\/p>\n\n\n\n<p class=\"has-medium-font-size\"><strong>Premagovanje ob\u010dutka nemo\u010di: vloga posameznika<\/strong><\/p>\n\n\n\n<p>Osrednji moto dneva Zemlje 2025 poudarja \u0161e en pomemben vidik \u2013 mo\u010d posameznika v boju za skupno dobro. Na individualni ravni se namre\u010d pod te\u017eo geopoliti\u010dnega dogajanja in na\u010dina medijskega poro\u010danja pogosto po\u010dutimo nemo\u010dne ali imamo ob\u010dutek, da sami ne (z)moremo ni\u010desar spremeniti. S perspektivo nemo\u010di se ne smemo sprijazniti \u2013 treba jo je obrniti: mo\u010d pomeni zmo\u017enost odlo\u010danja, dejanj in poti do \u017eelenih sprememb. A \u010de \u017eelimo, da bodo ta dejanja resni\u010dno u\u010dinkovita, jih moramo postaviti v \u0161ir\u0161i kontekst \u2013 kontekst, v katerem individualna mo\u010d dobi svojo pravo te\u017eo \u0161ele takrat, ko jo podpira tudi sistemska sprememba.&nbsp;<\/p>\n\n\n\n<p>Na to pomembno razmerje med posameznikom in sistemom opozarja tudi <strong>dr. Alessandro Galli<\/strong>, direktor raziskav iz <a href=\"https:\/\/hotorcool.org\/\" target=\"_blank\" rel=\"noreferrer noopener\">Hot or Cool Institute<\/a>: <em>\u201dSoo\u010damo se z medsebojno povezanimi krizami \u2013 podnebnimi spremembami, izgubo biotske raznovrstnosti in nara\u0161\u010dajo\u010do neenakostjo \u2013, ki se medsebojno krepijo u\u010dinkoviteje kot na\u0161i odzivi. V tem kontekstu se zlahka po\u010dutimo nemo\u010dne. A \u010deprav so odlo\u010ditve posameznikov pomembne, same po sebi niso dovolj. Na\u0161e odlo\u010ditve so namre\u010d oblikovane z obstoje\u010dimi sistemi, normami in neenakostmi. Zato so klju\u010dnega pomena sistemske spremembe. Ponovna pridobitev na\u0161e mo\u010di ne pomeni le odgovornega delovanja posameznikov, temve\u010d tudi zahteve po vzpostavitvi sistemov, ki bodo omogo\u010dili, da bo po\u0161teno in trajnostno \u017eivljenje postalo norma<\/em>.\u201c<\/p>\n\n\n\n<p class=\"has-black-color has-text-color has-link-color has-medium-font-size wp-elements-743ad423bb80027952156b32c42febf0\"><strong>Dan Zemlje in ekolo\u0161ki dolg Slovenije<\/strong><\/p>\n\n\n\n<p>V leto\u0161njem aprilu Slovenija poleg svetovnega dneva Zemlje obele\u017euje tudi dan svojega <strong>ekolo\u0161kega dolga<\/strong>. <a href=\"https:\/\/izo.si\/en\/szj-8-april-dan-ekoloskega-dolga-za-slovenijo\/\" target=\"_blank\" rel=\"noreferrer noopener\">Letos je ta dan nastopil \u017ee 8. aprila<\/a>, kar je kar 17 dni prej kot lani, ko je bil ekolo\u0161ki dolg dose\u017een 25. aprila. To pomeni, da smo dosegli mejni trenutek, ko smo porabili vse naravne vire in ekosistemske storitve, ki jih Zemlja lahko obnovi v enem letu. V lu\u010di leto\u0161njega gesla \u00bbNa\u0161a mo\u010d, na\u0161 planet\u00ab, ki izpostavlja nujnost trajnostne energetske prihodnosti, je to opozorilo toliko bolj zgovorno. Prehod na obnovljive vire energije, ve\u010dja energetska u\u010dinkovitost in zmanj\u0161anje rabe fosilnih goriv niso ve\u010d izbira, temve\u010d nujnost. Le z odlo\u010dno usmeritvijo v trajnostne re\u0161itve bomo lahko zagotovili, da bo na\u0161 planet ostal \u017eivljenjski prostor tudi za prihodnje generacije.<\/p>\n\n\n\n<div style=\"height:35px\" aria-hidden=\"true\" class=\"wp-block-spacer\"><\/div>\n\n\n\n<p><strong>Kontakt:<\/strong><\/p>\n\n\n\n<p>Toma\u017e Gorenc, In\u0161titut za zdravje in okolje, tomaz.gorenc@izo.si, +386 40 493 460<\/p>\n\n\n\n<p><\/p>","protected":false},"excerpt":{"rendered":"<p>Ljubljana, 22. april 2025 \u2013 Danes obele\u017eujemo Svetovni dan Zemlje \u2013 dan, ki nas opominja na odgovornost do okolja ter spodbuja k bolj zavestnemu in trajnostnemu ravnanju z naravnimi viri. Na\u0161 odnos do planeta je tesno povezan z zdravjem in kakovostjo \u017eivljenja, zato leto\u0161nji moto ob 55. obletnici Svetovnega dneva Zemlje, \u00bbNa\u0161a mo\u010d, na\u0161 planet\u00ab [&hellip;]<\/p>","protected":false},"author":8,"featured_media":5114,"comment_status":"closed","ping_status":"closed","sticky":false,"template":"","format":"standard","meta":{"_monsterinsights_skip_tracking":false,"_monsterinsights_sitenote_active":false,"_monsterinsights_sitenote_note":"","_monsterinsights_sitenote_category":0,"_uf_show_specific_survey":0,"_uf_disable_surveys":false,"footnotes":""},"categories":[7],"tags":[33,35,34],"class_list":["post-5111","post","type-post","status-publish","format-standard","has-post-thumbnail","hentry","category-novice","tag-dan-zemlje","tag-ekoloski-dolg","tag-obnovljivi-viri-energije"],"aioseo_notices":[],"yoast_head":"<!-- This site is optimized with the Yoast SEO plugin v24.5 - https:\/\/yoast.com\/wordpress\/plugins\/seo\/ -->\n<title>SZJ: Svetovni dan Zemlje letos v znamenju individualne odgovornosti do energetske prihodnosti planeta - IZO<\/title>\n<meta name=\"robots\" content=\"index, follow, max-snippet:-1, max-image-preview:large, max-video-preview:-1\" \/>\n<link rel=\"canonical\" href=\"https:\/\/izo.si\/en\/svetovni-dan-zemlje-2025\/\" \/>\n<meta property=\"og:locale\" content=\"en_GB\" \/>\n<meta property=\"og:type\" content=\"article\" \/>\n<meta property=\"og:title\" content=\"SZJ: Svetovni dan Zemlje letos v znamenju individualne odgovornosti do energetske prihodnosti planeta - IZO\" \/>\n<meta property=\"og:description\" content=\"Ljubljana, 22. april 2025 \u2013 Danes obele\u017eujemo Svetovni dan Zemlje \u2013 dan, ki nas opominja na odgovornost do okolja ter spodbuja k bolj zavestnemu in trajnostnemu ravnanju z naravnimi viri. Na\u0161 odnos do planeta je tesno povezan z zdravjem in kakovostjo \u017eivljenja, zato leto\u0161nji moto ob 55. obletnici Svetovnega dneva Zemlje, \u00bbNa\u0161a mo\u010d, na\u0161 planet\u00ab [&hellip;]\" \/>\n<meta property=\"og:url\" content=\"https:\/\/izo.si\/en\/svetovni-dan-zemlje-2025\/\" \/>\n<meta property=\"og:site_name\" content=\"IZO\" \/>\n<meta property=\"article:published_time\" content=\"2025-04-22T09:19:30+00:00\" \/>\n<meta property=\"og:image\" content=\"https:\/\/izo.si\/wp-content\/uploads\/2025\/04\/Thumbnail_SZJ_Dan-Zemlje-2025.png\" \/>\n\t<meta property=\"og:image:width\" content=\"1280\" \/>\n\t<meta property=\"og:image:height\" content=\"720\" \/>\n\t<meta property=\"og:image:type\" content=\"image\/png\" \/>\n<meta name=\"author\" content=\"info@izo.si\" \/>\n<meta name=\"twitter:card\" content=\"summary_large_image\" \/>\n<meta name=\"twitter:label1\" content=\"Written by\" \/>\n\t<meta name=\"twitter:data1\" content=\"info@izo.si\" \/>\n\t<meta name=\"twitter:label2\" content=\"Estimated reading time\" \/>\n\t<meta name=\"twitter:data2\" content=\"4 minutes\" \/>\n<script type=\"application\/ld+json\" class=\"yoast-schema-graph\">{\"@context\":\"https:\/\/schema.org\",\"@graph\":[{\"@type\":\"Article\",\"@id\":\"https:\/\/izo.si\/svetovni-dan-zemlje-2025\/#article\",\"isPartOf\":{\"@id\":\"https:\/\/izo.si\/svetovni-dan-zemlje-2025\/\"},\"author\":{\"name\":\"info@izo.si\",\"@id\":\"https:\/\/izo.si\/#\/schema\/person\/7c1d308fe359416255fc3003e716015d\"},\"headline\":\"SZJ: Svetovni dan Zemlje letos v znamenju individualne odgovornosti do energetske prihodnosti planeta\",\"datePublished\":\"2025-04-22T09:19:30+00:00\",\"mainEntityOfPage\":{\"@id\":\"https:\/\/izo.si\/svetovni-dan-zemlje-2025\/\"},\"wordCount\":768,\"publisher\":{\"@id\":\"https:\/\/izo.si\/#organization\"},\"image\":{\"@id\":\"https:\/\/izo.si\/svetovni-dan-zemlje-2025\/#primaryimage\"},\"thumbnailUrl\":\"https:\/\/izo.si\/wp-content\/uploads\/2025\/04\/Thumbnail_SZJ_Dan-Zemlje-2025.png\",\"keywords\":[\"Dan Zemlje\",\"Ekolo\u0161ki dolg\",\"Obnovljivi viri energije\"],\"articleSection\":[\"Novice\"],\"inLanguage\":\"en-GB\"},{\"@type\":\"WebPage\",\"@id\":\"https:\/\/izo.si\/svetovni-dan-zemlje-2025\/\",\"url\":\"https:\/\/izo.si\/svetovni-dan-zemlje-2025\/\",\"name\":\"SZJ: Svetovni dan Zemlje letos v znamenju individualne odgovornosti do energetske prihodnosti planeta - IZO\",\"isPartOf\":{\"@id\":\"https:\/\/izo.si\/#website\"},\"primaryImageOfPage\":{\"@id\":\"https:\/\/izo.si\/svetovni-dan-zemlje-2025\/#primaryimage\"},\"image\":{\"@id\":\"https:\/\/izo.si\/svetovni-dan-zemlje-2025\/#primaryimage\"},\"thumbnailUrl\":\"https:\/\/izo.si\/wp-content\/uploads\/2025\/04\/Thumbnail_SZJ_Dan-Zemlje-2025.png\",\"datePublished\":\"2025-04-22T09:19:30+00:00\",\"breadcrumb\":{\"@id\":\"https:\/\/izo.si\/svetovni-dan-zemlje-2025\/#breadcrumb\"},\"inLanguage\":\"en-GB\",\"potentialAction\":[{\"@type\":\"ReadAction\",\"target\":[\"https:\/\/izo.si\/svetovni-dan-zemlje-2025\/\"]}]},{\"@type\":\"ImageObject\",\"inLanguage\":\"en-GB\",\"@id\":\"https:\/\/izo.si\/svetovni-dan-zemlje-2025\/#primaryimage\",\"url\":\"https:\/\/izo.si\/wp-content\/uploads\/2025\/04\/Thumbnail_SZJ_Dan-Zemlje-2025.png\",\"contentUrl\":\"https:\/\/izo.si\/wp-content\/uploads\/2025\/04\/Thumbnail_SZJ_Dan-Zemlje-2025.png\",\"width\":1280,\"height\":720},{\"@type\":\"BreadcrumbList\",\"@id\":\"https:\/\/izo.si\/svetovni-dan-zemlje-2025\/#breadcrumb\",\"itemListElement\":[{\"@type\":\"ListItem\",\"position\":1,\"name\":\"Home\",\"item\":\"https:\/\/izo.si\/\"},{\"@type\":\"ListItem\",\"position\":2,\"name\":\"SZJ: Svetovni dan Zemlje letos v znamenju individualne odgovornosti do energetske prihodnosti planeta\"}]},{\"@type\":\"WebSite\",\"@id\":\"https:\/\/izo.si\/#website\",\"url\":\"https:\/\/izo.si\/\",\"name\":\"IZO\",\"description\":\"In\u0161titut za zdravje in okolje\",\"publisher\":{\"@id\":\"https:\/\/izo.si\/#organization\"},\"potentialAction\":[{\"@type\":\"SearchAction\",\"target\":{\"@type\":\"EntryPoint\",\"urlTemplate\":\"https:\/\/izo.si\/?s={search_term_string}\"},\"query-input\":{\"@type\":\"PropertyValueSpecification\",\"valueRequired\":true,\"valueName\":\"search_term_string\"}}],\"inLanguage\":\"en-GB\"},{\"@type\":\"Organization\",\"@id\":\"https:\/\/izo.si\/#organization\",\"name\":\"IZO\",\"url\":\"https:\/\/izo.si\/\",\"logo\":{\"@type\":\"ImageObject\",\"inLanguage\":\"en-GB\",\"@id\":\"https:\/\/izo.si\/#\/schema\/logo\/image\/\",\"url\":\"https:\/\/izo.si\/wp-content\/uploads\/2021\/01\/izo-logo@2x.png\",\"contentUrl\":\"https:\/\/izo.si\/wp-content\/uploads\/2021\/01\/izo-logo@2x.png\",\"width\":262,\"height\":139,\"caption\":\"IZO\"},\"image\":{\"@id\":\"https:\/\/izo.si\/#\/schema\/logo\/image\/\"}},{\"@type\":\"Person\",\"@id\":\"https:\/\/izo.si\/#\/schema\/person\/7c1d308fe359416255fc3003e716015d\",\"name\":\"info@izo.si\",\"image\":{\"@type\":\"ImageObject\",\"inLanguage\":\"en-GB\",\"@id\":\"https:\/\/izo.si\/#\/schema\/person\/image\/\",\"url\":\"https:\/\/secure.gravatar.com\/avatar\/6119564cb294b108df0fe93b796cfc2f405adef8ccb4e9788179335543b4f393?s=96&d=mm&r=g\",\"contentUrl\":\"https:\/\/secure.gravatar.com\/avatar\/6119564cb294b108df0fe93b796cfc2f405adef8ccb4e9788179335543b4f393?s=96&d=mm&r=g\",\"caption\":\"info@izo.si\"},\"url\":\"https:\/\/izo.si\/en\/author\/infoizo-si\/\"}]}<\/script>\n<!-- \/ Yoast SEO plugin. -->","yoast_head_json":{"title":"SZJ: Svetovni dan Zemlje letos v znamenju individualne odgovornosti do energetske prihodnosti planeta - IZO","robots":{"index":"index","follow":"follow","max-snippet":"max-snippet:-1","max-image-preview":"max-image-preview:large","max-video-preview":"max-video-preview:-1"},"canonical":"https:\/\/izo.si\/en\/svetovni-dan-zemlje-2025\/","og_locale":"en_GB","og_type":"article","og_title":"SZJ: Svetovni dan Zemlje letos v znamenju individualne odgovornosti do energetske prihodnosti planeta - IZO","og_description":"Ljubljana, 22. april 2025 \u2013 Danes obele\u017eujemo Svetovni dan Zemlje \u2013 dan, ki nas opominja na odgovornost do okolja ter spodbuja k bolj zavestnemu in trajnostnemu ravnanju z naravnimi viri. Na\u0161 odnos do planeta je tesno povezan z zdravjem in kakovostjo \u017eivljenja, zato leto\u0161nji moto ob 55. obletnici Svetovnega dneva Zemlje, \u00bbNa\u0161a mo\u010d, na\u0161 planet\u00ab [&hellip;]","og_url":"https:\/\/izo.si\/en\/svetovni-dan-zemlje-2025\/","og_site_name":"IZO","article_published_time":"2025-04-22T09:19:30+00:00","og_image":[{"width":1280,"height":720,"url":"https:\/\/izo.si\/wp-content\/uploads\/2025\/04\/Thumbnail_SZJ_Dan-Zemlje-2025.png","type":"image\/png"}],"author":"info@izo.si","twitter_card":"summary_large_image","twitter_misc":{"Written by":"info@izo.si","Estimated reading time":"4 minutes"},"schema":{"@context":"https:\/\/schema.org","@graph":[{"@type":"Article","@id":"https:\/\/izo.si\/svetovni-dan-zemlje-2025\/#article","isPartOf":{"@id":"https:\/\/izo.si\/svetovni-dan-zemlje-2025\/"},"author":{"name":"info@izo.si","@id":"https:\/\/izo.si\/#\/schema\/person\/7c1d308fe359416255fc3003e716015d"},"headline":"SZJ: Svetovni dan Zemlje letos v znamenju individualne odgovornosti do energetske prihodnosti planeta","datePublished":"2025-04-22T09:19:30+00:00","mainEntityOfPage":{"@id":"https:\/\/izo.si\/svetovni-dan-zemlje-2025\/"},"wordCount":768,"publisher":{"@id":"https:\/\/izo.si\/#organization"},"image":{"@id":"https:\/\/izo.si\/svetovni-dan-zemlje-2025\/#primaryimage"},"thumbnailUrl":"https:\/\/izo.si\/wp-content\/uploads\/2025\/04\/Thumbnail_SZJ_Dan-Zemlje-2025.png","keywords":["Dan Zemlje","Ekolo\u0161ki dolg","Obnovljivi viri energije"],"articleSection":["Novice"],"inLanguage":"en-GB"},{"@type":"WebPage","@id":"https:\/\/izo.si\/svetovni-dan-zemlje-2025\/","url":"https:\/\/izo.si\/svetovni-dan-zemlje-2025\/","name":"SZJ: Svetovni dan Zemlje letos v znamenju individualne odgovornosti do energetske prihodnosti planeta - IZO","isPartOf":{"@id":"https:\/\/izo.si\/#website"},"primaryImageOfPage":{"@id":"https:\/\/izo.si\/svetovni-dan-zemlje-2025\/#primaryimage"},"image":{"@id":"https:\/\/izo.si\/svetovni-dan-zemlje-2025\/#primaryimage"},"thumbnailUrl":"https:\/\/izo.si\/wp-content\/uploads\/2025\/04\/Thumbnail_SZJ_Dan-Zemlje-2025.png","datePublished":"2025-04-22T09:19:30+00:00","breadcrumb":{"@id":"https:\/\/izo.si\/svetovni-dan-zemlje-2025\/#breadcrumb"},"inLanguage":"en-GB","potentialAction":[{"@type":"ReadAction","target":["https:\/\/izo.si\/svetovni-dan-zemlje-2025\/"]}]},{"@type":"ImageObject","inLanguage":"en-GB","@id":"https:\/\/izo.si\/svetovni-dan-zemlje-2025\/#primaryimage","url":"https:\/\/izo.si\/wp-content\/uploads\/2025\/04\/Thumbnail_SZJ_Dan-Zemlje-2025.png","contentUrl":"https:\/\/izo.si\/wp-content\/uploads\/2025\/04\/Thumbnail_SZJ_Dan-Zemlje-2025.png","width":1280,"height":720},{"@type":"BreadcrumbList","@id":"https:\/\/izo.si\/svetovni-dan-zemlje-2025\/#breadcrumb","itemListElement":[{"@type":"ListItem","position":1,"name":"Home","item":"https:\/\/izo.si\/"},{"@type":"ListItem","position":2,"name":"SZJ: Svetovni dan Zemlje letos v znamenju individualne odgovornosti do energetske prihodnosti planeta"}]},{"@type":"WebSite","@id":"https:\/\/izo.si\/#website","url":"https:\/\/izo.si\/","name":"IZO","description":"Institute for Health and Environment","publisher":{"@id":"https:\/\/izo.si\/#organization"},"potentialAction":[{"@type":"SearchAction","target":{"@type":"EntryPoint","urlTemplate":"https:\/\/izo.si\/?s={search_term_string}"},"query-input":{"@type":"PropertyValueSpecification","valueRequired":true,"valueName":"search_term_string"}}],"inLanguage":"en-GB"},{"@type":"Organization","@id":"https:\/\/izo.si\/#organization","name":"IZO","url":"https:\/\/izo.si\/","logo":{"@type":"ImageObject","inLanguage":"en-GB","@id":"https:\/\/izo.si\/#\/schema\/logo\/image\/","url":"https:\/\/izo.si\/wp-content\/uploads\/2021\/01\/izo-logo@2x.png","contentUrl":"https:\/\/izo.si\/wp-content\/uploads\/2021\/01\/izo-logo@2x.png","width":262,"height":139,"caption":"IZO"},"image":{"@id":"https:\/\/izo.si\/#\/schema\/logo\/image\/"}},{"@type":"Person","@id":"https:\/\/izo.si\/#\/schema\/person\/7c1d308fe359416255fc3003e716015d","name":"info@izo.si","image":{"@type":"ImageObject","inLanguage":"en-GB","@id":"https:\/\/izo.si\/#\/schema\/person\/image\/","url":"https:\/\/secure.gravatar.com\/avatar\/6119564cb294b108df0fe93b796cfc2f405adef8ccb4e9788179335543b4f393?s=96&d=mm&r=g","contentUrl":"https:\/\/secure.gravatar.com\/avatar\/6119564cb294b108df0fe93b796cfc2f405adef8ccb4e9788179335543b4f393?s=96&d=mm&r=g","caption":"info@izo.si"},"url":"https:\/\/izo.si\/en\/author\/infoizo-si\/"}]}},"_links":{"self":[{"href":"https:\/\/izo.si\/en\/wp-json\/wp\/v2\/posts\/5111","targetHints":{"allow":["GET"]}}],"collection":[{"href":"https:\/\/izo.si\/en\/wp-json\/wp\/v2\/posts"}],"about":[{"href":"https:\/\/izo.si\/en\/wp-json\/wp\/v2\/types\/post"}],"author":[{"embeddable":true,"href":"https:\/\/izo.si\/en\/wp-json\/wp\/v2\/users\/8"}],"replies":[{"embeddable":true,"href":"https:\/\/izo.si\/en\/wp-json\/wp\/v2\/comments?post=5111"}],"version-history":[{"count":11,"href":"https:\/\/izo.si\/en\/wp-json\/wp\/v2\/posts\/5111\/revisions"}],"predecessor-version":[{"id":5123,"href":"https:\/\/izo.si\/en\/wp-json\/wp\/v2\/posts\/5111\/revisions\/5123"}],"wp:featuredmedia":[{"embeddable":true,"href":"https:\/\/izo.si\/en\/wp-json\/wp\/v2\/media\/5114"}],"wp:attachment":[{"href":"https:\/\/izo.si\/en\/wp-json\/wp\/v2\/media?parent=5111"}],"wp:term":[{"taxonomy":"category","embeddable":true,"href":"https:\/\/izo.si\/en\/wp-json\/wp\/v2\/categories?post=5111"},{"taxonomy":"post_tag","embeddable":true,"href":"https:\/\/izo.si\/en\/wp-json\/wp\/v2\/tags?post=5111"}],"curies":[{"name":"wp","href":"https:\/\/api.w.org\/{rel}","templated":true}]}}