{"id":5086,"date":"2025-04-08T11:57:17","date_gmt":"2025-04-08T09:57:17","guid":{"rendered":"https:\/\/izo.si\/?p=5086"},"modified":"2025-04-08T12:01:24","modified_gmt":"2025-04-08T10:01:24","slug":"szj-8-april-dan-ekoloskega-dolga-za-slovenijo","status":"publish","type":"post","link":"https:\/\/izo.si\/en\/szj-8-april-dan-ekoloskega-dolga-za-slovenijo\/","title":{"rendered":"SZJ: 8. april &#8211; dan ekolo\u0161kega dolga za Slovenijo"},"content":{"rendered":"<p><strong>Ljubljana, 8. april 2025<\/strong> \u2013 Dan ekolo\u0161kega dolga Slovenije, ki ga letos obele\u017eujemo 8. aprila, pomeni, da smo na ta dan porabili \u017ee vse naravne vire in ekosistemske storitve, ki jih Zemlja lahko obnovi v enem letu. Od tega trenutka naprej prebivalci Slovenije \u017eivimo v ekolo\u0161kem dolgu, kar ima resne posledice za na\u0161o prihodnost.<\/p>\n\n\n\n<p>V \u010dasu, ko geopoliti\u010dni izzivi in trgovinske vojne vse bolj oblikujejo svetovno dogajanje, se v Sloveniji odvija tiha, a ni\u010d manj zaskrbljujo\u010da kriza \u2013 prekomerna raba naravnih virov. Zaskrbljujo\u010de je, da bomo letos dan ekolo\u0161kega dolga dosegli \u017ee pred koncem prve tretjine leta, kar jasno ka\u017ee na alarmantno prekomerno rabo virov in ekosistemskih storitev. <strong>Toma\u017e Gorenc, direktor In\u0161tituta za zdravje in okolje<\/strong>, ob tem opozarja: <em>\u201cPrekomerna raba naravnih virov ne ogro\u017ea zgolj stabilnosti na\u0161ih ekosistemov, temve\u010d ima znatne posledice tudi na dolgoro\u010dno prehransko varnost, zdravje ljudi in odpornost dru\u017ebe kot celote. To ni le ekolo\u0161ki problem, temve\u010d pomembno vpra\u0161anje na\u0161e kakovosti \u017eivljenja v prihodnosti.\u201d<\/em>.<\/p>\n\n\n\n<p>V tej lu\u010di iz <a href=\"https:\/\/www.umanotera.org\/\" target=\"_blank\" rel=\"noreferrer noopener\"><strong>Umanotere<\/strong><\/a><strong> ob dnevu ekolo\u0161kega dolga opozarjajo na pomanjkanje ustrezne dru\u017ebene odzivnosti<\/strong>. Namesto da bi se v ospredje postavila vpra\u0161anja, kako se kot skupnost prilagoditi okoljskim omejitvam in usmeriti v bolj trajnostne prakse, prevladujejo razprave o pove\u010devanju voja\u0161kih izdatkov: <em>\u201cV \u010dasu, ko Slovenija dosega svoj dan ekolo\u0161kega dolga, je glavna debata, za koliko bomo zvi\u0161ali voja\u0161ke izdatke in ne, kako bomo naslovili \u010dedalje bolj zaostreno podnebno problematiko ter z njo povezane \u0161tevilne druge dru\u017ebene krize. Nara\u0161\u010dajo\u010de neenakosti po svetu ne povzro\u010dajo samo nestabilnosti in posredno konflikte, ampak so tudi zelo problemati\u010dne iz okoljskega vidika. Bogate dr\u017eave, bogati posamezniki in najve\u010dje korporacije blokirajo napredne politike in imajo nesorazmerno ve\u010dji negativen vpliv na naravo in podnebje. Zato ob leto\u0161nji 30. obletnici delovanja Umanotere bolj kot kadarkoli zagovarjamo, da lahko trajnostno dru\u017ebo dose\u017eemo le z resni\u010dno pravi\u010dnim prehodom k okoljsko vzdr\u017eni, solidarni in demokrati\u010dni dru\u017ebi.\u201d<\/em><\/p>\n\n\n\n<p>Prehranska industrija z visoko porabo naravnih virov in mo\u010dno obremenitvijo okolja pomembno prispeva k ekolo\u0161kemu dolgu. Pridelava hrane vklju\u010duje intenzivno rabo zemlji\u0161\u010d, vode in energije ter povzro\u010da izpuste toplogrednih plinov, s \u010dimer mo\u010dno obremenjuje okolje. Po drugi strani pa so prehranski sistemi tudi med prvimi, ki ob\u010dutijo posledice podnebnih sprememb. Su\u0161e, poplave in ekstremni vremenski dogodki ogro\u017eajo stabilnost oskrbe s hrano, zvi\u0161ujejo stro\u0161ke pridelave ter zmanj\u0161ujejo razpolo\u017eljivost in kakovost hrane. Prehranska varnost ni zgolj vpra\u0161anje koli\u010dine hrane, temve\u010d tudi njene&nbsp; kakovosti, dostopnosti in stabilnosti oskrbe.&nbsp;<\/p>\n\n\n\n<p>Za u\u010dinkovito re\u0161evanje okoljskih in prehranskih izzivov je nujno zdru\u017eiti sistemske ukrepe in odgovornost posameznikov. Klju\u010dno je podpiranje lokalnih pridelovalcev, spodbujanje kratkih dobavnih verig, zmanj\u0161evanje odpadkov in sprejemanje trajnostnih prehranskih odlo\u010ditev. Dolgoro\u010dne re\u0161itve pa zahtevajo tudi aktivno vklju\u010devanje mladih, saj so pomembni akterji pri oblikovanju prihodnosti. <strong>Karin Kri\u017eman,<\/strong> predstavnica <strong>Mladinske zveze Brez izgovora<\/strong>, poudarja, da opa\u017eajo, da je mladim zelo pomembno, da so opremljeni z znanjem, ki jim omogo\u010da vplivanje na pozitivne dolgoro\u010dne spremembe v svetu okoli njih: \u201c<em>To ne le pove\u010duje njihov ob\u010dutek odgovornosti, temve\u010d jim tudi daje ob\u010dutek mo\u010di in prilo\u017enosti ter jih opolnomo\u010di za aktivno in pozitivno delovanje v dru\u017ebi.\u201d<\/em><\/p>\n\n\n\n<p>Na <a href=\"https:\/\/izo.si\/en\/\" target=\"_blank\" rel=\"noreferrer noopener\"><strong>In\u0161titutu za zdravje in okolje<\/strong><\/a> se zavedajo, kako pomembno je izobra\u017eevanje in ozave\u0161\u010danje mladih pri naslavljanju okoljskih in prehranskih izzivov prihodnosti. V okviru mednarodnega projektnega programa <strong>The Food Odyssey<\/strong> nadgrajujejo sistem poklicnega izobra\u017eevanja z inovativnimi pristopi, kot so digitalizacija, igrifikacija ter osredoto\u010denost na trajnostne prehranske sisteme. Posebna pozornost je namenjena krepitvi kompetenc u\u010diteljev poklicnega izobra\u017eevanja prek <a href=\"https:\/\/www.the-food-odyssey.eu\/the-results\/training-course\" target=\"_blank\" rel=\"noreferrer noopener\">strokovnih gradiv<\/a> in usposabljanj, katerih vsebine vklju\u010dujejo podnebne vplive prehranske proizvodnje, principe kro\u017enega gospodarstva, ekolo\u0161ki prehod ter uporabo igrifikacije v izobra\u017eevanju. Klju\u010dni rezultat projekta je <strong>digitalna soba pobega<\/strong>, zasnovana kot interaktivno orodje za u\u010denje, ki dijakom omogo\u010da raziskovanje povezav med prehrano, okoljem in podnebnimi spremembami. Spletna soba pobega bo javno dostopna, kar bo prispevalo k \u0161irjenju znanja in ve\u010dji dru\u017ebeni odpornosti na podro\u010dju prehranske varnosti in trajnostnega razvoja.<\/p>\n\n\n\n<p>Mladi se vedno bolj zavedajo okoljskih izzivov in nujnosti trajnostne prehranske oskrbe, kar potrjuje tudi projekt <a href=\"https:\/\/www.noexcuse.si\/projekti\/glas-mladih-brez-kmetij-se-ne-da-zivet\/\" target=\"_blank\" rel=\"noreferrer noopener\">Glas mladih: Brez kmetij se ne da \u017eivet!<\/a>, ki ga v letu 2025 izvajata <a href=\"https:\/\/www.noexcuse.si\/\" target=\"_blank\" rel=\"noreferrer noopener\"><strong>Mladinska zveza Brez izgovora Slovenije<\/strong><\/a> and <a href=\"https:\/\/zspm.si\/\" target=\"_blank\" rel=\"noreferrer noopener\"><strong>Zveza slovenske pode\u017eelske mladine<\/strong><\/a>. Projekt si prizadeva opolnomo\u010diti mlade, da aktivno sodelujejo pri oblikovanju trajnostnih re\u0161itev za kmetijstvo in prehranske sisteme, ki bodo dolgoro\u010dno vplivali na prihodnost hrane v Sloveniji. Z vklju\u010devanjem mladih v sooblikovanje re\u0161itev oblikujemo dru\u017ebo, ki bo pripravljena na izzive prihodnosti. Ob dnevu ekolo\u0161kega dolga se moramo zavedati, da na\u0161e izbire danes oblikujejo svet jutri. Za zagotavljanje trajnostne prehranske varnosti je nujno povezati sistemske spremembe z lokalnimi prizadevanji. Le tako bomo zagotovili prihodnost hrane, ki bo pravi\u010dna, dostopna in okoljsko vzdr\u017ena. Za za\u010detek je pomembno, da poznamo svoj ekolo\u0161ki odtis, kar lahko enostavno izra\u010dunamo s <a href=\"https:\/\/izo.si\/en\/izracunaj-ekoloski-odtis\/\" target=\"_blank\" rel=\"noreferrer noopener\">ecological footprint calculator<\/a>. To orodje omogo\u010da, da posameznik_ica pridobi vpogled v svoj vpliv na okolje, kar mu\/ji pomaga pri sprejemanju bolj trajnostnih in odgovornih odlo\u010ditev.<\/p>\n\n\n\n<div style=\"height:35px\" aria-hidden=\"true\" class=\"wp-block-spacer\"><\/div>\n\n\n\n<p><strong>Kontakt:<\/strong><\/p>\n\n\n\n<p>Toma\u017e Gorenc, In\u0161titut za zdravje in okolje, tomaz.gorenc@izo.si, +386 40 493 460<\/p>","protected":false},"excerpt":{"rendered":"<p>Ljubljana, 8. april 2025 \u2013 Dan ekolo\u0161kega dolga Slovenije, ki ga letos obele\u017eujemo 8. aprila, pomeni, da smo na ta dan porabili \u017ee vse naravne vire in ekosistemske storitve, ki jih Zemlja lahko obnovi v enem letu. Od tega trenutka naprej prebivalci Slovenije \u017eivimo v ekolo\u0161kem dolgu, kar ima resne posledice za na\u0161o prihodnost. V [&hellip;]<\/p>","protected":false},"author":8,"featured_media":5088,"comment_status":"closed","ping_status":"closed","sticky":false,"template":"","format":"standard","meta":{"_monsterinsights_skip_tracking":false,"_monsterinsights_sitenote_active":false,"_monsterinsights_sitenote_note":"","_monsterinsights_sitenote_category":0,"_uf_show_specific_survey":0,"_uf_disable_surveys":false,"footnotes":""},"categories":[7],"tags":[],"class_list":["post-5086","post","type-post","status-publish","format-standard","has-post-thumbnail","hentry","category-novice"],"aioseo_notices":[],"yoast_head":"<!-- This site is optimized with the Yoast SEO plugin v24.5 - https:\/\/yoast.com\/wordpress\/plugins\/seo\/ -->\n<title>SZJ: 8. april - dan ekolo\u0161kega dolga za Slovenijo - IZO<\/title>\n<meta name=\"robots\" content=\"index, follow, max-snippet:-1, max-image-preview:large, max-video-preview:-1\" \/>\n<link rel=\"canonical\" href=\"https:\/\/izo.si\/en\/szj-8-april-dan-ekoloskega-dolga-za-slovenijo\/\" \/>\n<meta property=\"og:locale\" content=\"en_GB\" \/>\n<meta property=\"og:type\" content=\"article\" \/>\n<meta property=\"og:title\" content=\"SZJ: 8. april - dan ekolo\u0161kega dolga za Slovenijo - IZO\" \/>\n<meta property=\"og:description\" content=\"Ljubljana, 8. april 2025 \u2013 Dan ekolo\u0161kega dolga Slovenije, ki ga letos obele\u017eujemo 8. aprila, pomeni, da smo na ta dan porabili \u017ee vse naravne vire in ekosistemske storitve, ki jih Zemlja lahko obnovi v enem letu. Od tega trenutka naprej prebivalci Slovenije \u017eivimo v ekolo\u0161kem dolgu, kar ima resne posledice za na\u0161o prihodnost. V [&hellip;]\" \/>\n<meta property=\"og:url\" content=\"https:\/\/izo.si\/en\/szj-8-april-dan-ekoloskega-dolga-za-slovenijo\/\" \/>\n<meta property=\"og:site_name\" content=\"IZO\" \/>\n<meta property=\"article:published_time\" content=\"2025-04-08T09:57:17+00:00\" \/>\n<meta property=\"article:modified_time\" content=\"2025-04-08T10:01:24+00:00\" \/>\n<meta property=\"og:image\" content=\"https:\/\/izo.si\/wp-content\/uploads\/2025\/04\/2149217814.jpg\" \/>\n\t<meta property=\"og:image:width\" content=\"845\" \/>\n\t<meta property=\"og:image:height\" content=\"563\" \/>\n\t<meta property=\"og:image:type\" content=\"image\/jpeg\" \/>\n<meta name=\"author\" content=\"info@izo.si\" \/>\n<meta name=\"twitter:card\" content=\"summary_large_image\" \/>\n<meta name=\"twitter:label1\" content=\"Written by\" \/>\n\t<meta name=\"twitter:data1\" content=\"info@izo.si\" \/>\n\t<meta name=\"twitter:label2\" content=\"Estimated reading time\" \/>\n\t<meta name=\"twitter:data2\" content=\"4 minutes\" \/>\n<script type=\"application\/ld+json\" class=\"yoast-schema-graph\">{\"@context\":\"https:\/\/schema.org\",\"@graph\":[{\"@type\":\"Article\",\"@id\":\"https:\/\/izo.si\/szj-8-april-dan-ekoloskega-dolga-za-slovenijo\/#article\",\"isPartOf\":{\"@id\":\"https:\/\/izo.si\/szj-8-april-dan-ekoloskega-dolga-za-slovenijo\/\"},\"author\":{\"name\":\"info@izo.si\",\"@id\":\"https:\/\/izo.si\/#\/schema\/person\/7c1d308fe359416255fc3003e716015d\"},\"headline\":\"SZJ: 8. april &#8211; dan ekolo\u0161kega dolga za Slovenijo\",\"datePublished\":\"2025-04-08T09:57:17+00:00\",\"dateModified\":\"2025-04-08T10:01:24+00:00\",\"mainEntityOfPage\":{\"@id\":\"https:\/\/izo.si\/szj-8-april-dan-ekoloskega-dolga-za-slovenijo\/\"},\"wordCount\":904,\"publisher\":{\"@id\":\"https:\/\/izo.si\/#organization\"},\"image\":{\"@id\":\"https:\/\/izo.si\/szj-8-april-dan-ekoloskega-dolga-za-slovenijo\/#primaryimage\"},\"thumbnailUrl\":\"https:\/\/izo.si\/wp-content\/uploads\/2025\/04\/2149217814.jpg\",\"articleSection\":[\"Novice\"],\"inLanguage\":\"en-GB\"},{\"@type\":\"WebPage\",\"@id\":\"https:\/\/izo.si\/szj-8-april-dan-ekoloskega-dolga-za-slovenijo\/\",\"url\":\"https:\/\/izo.si\/szj-8-april-dan-ekoloskega-dolga-za-slovenijo\/\",\"name\":\"SZJ: 8. april - dan ekolo\u0161kega dolga za Slovenijo - IZO\",\"isPartOf\":{\"@id\":\"https:\/\/izo.si\/#website\"},\"primaryImageOfPage\":{\"@id\":\"https:\/\/izo.si\/szj-8-april-dan-ekoloskega-dolga-za-slovenijo\/#primaryimage\"},\"image\":{\"@id\":\"https:\/\/izo.si\/szj-8-april-dan-ekoloskega-dolga-za-slovenijo\/#primaryimage\"},\"thumbnailUrl\":\"https:\/\/izo.si\/wp-content\/uploads\/2025\/04\/2149217814.jpg\",\"datePublished\":\"2025-04-08T09:57:17+00:00\",\"dateModified\":\"2025-04-08T10:01:24+00:00\",\"breadcrumb\":{\"@id\":\"https:\/\/izo.si\/szj-8-april-dan-ekoloskega-dolga-za-slovenijo\/#breadcrumb\"},\"inLanguage\":\"en-GB\",\"potentialAction\":[{\"@type\":\"ReadAction\",\"target\":[\"https:\/\/izo.si\/szj-8-april-dan-ekoloskega-dolga-za-slovenijo\/\"]}]},{\"@type\":\"ImageObject\",\"inLanguage\":\"en-GB\",\"@id\":\"https:\/\/izo.si\/szj-8-april-dan-ekoloskega-dolga-za-slovenijo\/#primaryimage\",\"url\":\"https:\/\/izo.si\/wp-content\/uploads\/2025\/04\/2149217814.jpg\",\"contentUrl\":\"https:\/\/izo.si\/wp-content\/uploads\/2025\/04\/2149217814.jpg\",\"width\":845,\"height\":563},{\"@type\":\"BreadcrumbList\",\"@id\":\"https:\/\/izo.si\/szj-8-april-dan-ekoloskega-dolga-za-slovenijo\/#breadcrumb\",\"itemListElement\":[{\"@type\":\"ListItem\",\"position\":1,\"name\":\"Home\",\"item\":\"https:\/\/izo.si\/\"},{\"@type\":\"ListItem\",\"position\":2,\"name\":\"SZJ: 8. april &#8211; dan ekolo\u0161kega dolga za Slovenijo\"}]},{\"@type\":\"WebSite\",\"@id\":\"https:\/\/izo.si\/#website\",\"url\":\"https:\/\/izo.si\/\",\"name\":\"IZO\",\"description\":\"In\u0161titut za zdravje in okolje\",\"publisher\":{\"@id\":\"https:\/\/izo.si\/#organization\"},\"potentialAction\":[{\"@type\":\"SearchAction\",\"target\":{\"@type\":\"EntryPoint\",\"urlTemplate\":\"https:\/\/izo.si\/?s={search_term_string}\"},\"query-input\":{\"@type\":\"PropertyValueSpecification\",\"valueRequired\":true,\"valueName\":\"search_term_string\"}}],\"inLanguage\":\"en-GB\"},{\"@type\":\"Organization\",\"@id\":\"https:\/\/izo.si\/#organization\",\"name\":\"IZO\",\"url\":\"https:\/\/izo.si\/\",\"logo\":{\"@type\":\"ImageObject\",\"inLanguage\":\"en-GB\",\"@id\":\"https:\/\/izo.si\/#\/schema\/logo\/image\/\",\"url\":\"https:\/\/izo.si\/wp-content\/uploads\/2021\/01\/izo-logo@2x.png\",\"contentUrl\":\"https:\/\/izo.si\/wp-content\/uploads\/2021\/01\/izo-logo@2x.png\",\"width\":262,\"height\":139,\"caption\":\"IZO\"},\"image\":{\"@id\":\"https:\/\/izo.si\/#\/schema\/logo\/image\/\"}},{\"@type\":\"Person\",\"@id\":\"https:\/\/izo.si\/#\/schema\/person\/7c1d308fe359416255fc3003e716015d\",\"name\":\"info@izo.si\",\"image\":{\"@type\":\"ImageObject\",\"inLanguage\":\"en-GB\",\"@id\":\"https:\/\/izo.si\/#\/schema\/person\/image\/\",\"url\":\"https:\/\/secure.gravatar.com\/avatar\/6119564cb294b108df0fe93b796cfc2f405adef8ccb4e9788179335543b4f393?s=96&d=mm&r=g\",\"contentUrl\":\"https:\/\/secure.gravatar.com\/avatar\/6119564cb294b108df0fe93b796cfc2f405adef8ccb4e9788179335543b4f393?s=96&d=mm&r=g\",\"caption\":\"info@izo.si\"},\"url\":\"https:\/\/izo.si\/en\/author\/infoizo-si\/\"}]}<\/script>\n<!-- \/ Yoast SEO plugin. -->","yoast_head_json":{"title":"SZJ: 8. april - dan ekolo\u0161kega dolga za Slovenijo - IZO","robots":{"index":"index","follow":"follow","max-snippet":"max-snippet:-1","max-image-preview":"max-image-preview:large","max-video-preview":"max-video-preview:-1"},"canonical":"https:\/\/izo.si\/en\/szj-8-april-dan-ekoloskega-dolga-za-slovenijo\/","og_locale":"en_GB","og_type":"article","og_title":"SZJ: 8. april - dan ekolo\u0161kega dolga za Slovenijo - IZO","og_description":"Ljubljana, 8. april 2025 \u2013 Dan ekolo\u0161kega dolga Slovenije, ki ga letos obele\u017eujemo 8. aprila, pomeni, da smo na ta dan porabili \u017ee vse naravne vire in ekosistemske storitve, ki jih Zemlja lahko obnovi v enem letu. Od tega trenutka naprej prebivalci Slovenije \u017eivimo v ekolo\u0161kem dolgu, kar ima resne posledice za na\u0161o prihodnost. V [&hellip;]","og_url":"https:\/\/izo.si\/en\/szj-8-april-dan-ekoloskega-dolga-za-slovenijo\/","og_site_name":"IZO","article_published_time":"2025-04-08T09:57:17+00:00","article_modified_time":"2025-04-08T10:01:24+00:00","og_image":[{"width":845,"height":563,"url":"https:\/\/izo.si\/wp-content\/uploads\/2025\/04\/2149217814.jpg","type":"image\/jpeg"}],"author":"info@izo.si","twitter_card":"summary_large_image","twitter_misc":{"Written by":"info@izo.si","Estimated reading time":"4 minutes"},"schema":{"@context":"https:\/\/schema.org","@graph":[{"@type":"Article","@id":"https:\/\/izo.si\/szj-8-april-dan-ekoloskega-dolga-za-slovenijo\/#article","isPartOf":{"@id":"https:\/\/izo.si\/szj-8-april-dan-ekoloskega-dolga-za-slovenijo\/"},"author":{"name":"info@izo.si","@id":"https:\/\/izo.si\/#\/schema\/person\/7c1d308fe359416255fc3003e716015d"},"headline":"SZJ: 8. april &#8211; dan ekolo\u0161kega dolga za Slovenijo","datePublished":"2025-04-08T09:57:17+00:00","dateModified":"2025-04-08T10:01:24+00:00","mainEntityOfPage":{"@id":"https:\/\/izo.si\/szj-8-april-dan-ekoloskega-dolga-za-slovenijo\/"},"wordCount":904,"publisher":{"@id":"https:\/\/izo.si\/#organization"},"image":{"@id":"https:\/\/izo.si\/szj-8-april-dan-ekoloskega-dolga-za-slovenijo\/#primaryimage"},"thumbnailUrl":"https:\/\/izo.si\/wp-content\/uploads\/2025\/04\/2149217814.jpg","articleSection":["Novice"],"inLanguage":"en-GB"},{"@type":"WebPage","@id":"https:\/\/izo.si\/szj-8-april-dan-ekoloskega-dolga-za-slovenijo\/","url":"https:\/\/izo.si\/szj-8-april-dan-ekoloskega-dolga-za-slovenijo\/","name":"SZJ: 8. april - dan ekolo\u0161kega dolga za Slovenijo - IZO","isPartOf":{"@id":"https:\/\/izo.si\/#website"},"primaryImageOfPage":{"@id":"https:\/\/izo.si\/szj-8-april-dan-ekoloskega-dolga-za-slovenijo\/#primaryimage"},"image":{"@id":"https:\/\/izo.si\/szj-8-april-dan-ekoloskega-dolga-za-slovenijo\/#primaryimage"},"thumbnailUrl":"https:\/\/izo.si\/wp-content\/uploads\/2025\/04\/2149217814.jpg","datePublished":"2025-04-08T09:57:17+00:00","dateModified":"2025-04-08T10:01:24+00:00","breadcrumb":{"@id":"https:\/\/izo.si\/szj-8-april-dan-ekoloskega-dolga-za-slovenijo\/#breadcrumb"},"inLanguage":"en-GB","potentialAction":[{"@type":"ReadAction","target":["https:\/\/izo.si\/szj-8-april-dan-ekoloskega-dolga-za-slovenijo\/"]}]},{"@type":"ImageObject","inLanguage":"en-GB","@id":"https:\/\/izo.si\/szj-8-april-dan-ekoloskega-dolga-za-slovenijo\/#primaryimage","url":"https:\/\/izo.si\/wp-content\/uploads\/2025\/04\/2149217814.jpg","contentUrl":"https:\/\/izo.si\/wp-content\/uploads\/2025\/04\/2149217814.jpg","width":845,"height":563},{"@type":"BreadcrumbList","@id":"https:\/\/izo.si\/szj-8-april-dan-ekoloskega-dolga-za-slovenijo\/#breadcrumb","itemListElement":[{"@type":"ListItem","position":1,"name":"Home","item":"https:\/\/izo.si\/"},{"@type":"ListItem","position":2,"name":"SZJ: 8. april &#8211; dan ekolo\u0161kega dolga za Slovenijo"}]},{"@type":"WebSite","@id":"https:\/\/izo.si\/#website","url":"https:\/\/izo.si\/","name":"IZO","description":"Institute for Health and Environment","publisher":{"@id":"https:\/\/izo.si\/#organization"},"potentialAction":[{"@type":"SearchAction","target":{"@type":"EntryPoint","urlTemplate":"https:\/\/izo.si\/?s={search_term_string}"},"query-input":{"@type":"PropertyValueSpecification","valueRequired":true,"valueName":"search_term_string"}}],"inLanguage":"en-GB"},{"@type":"Organization","@id":"https:\/\/izo.si\/#organization","name":"IZO","url":"https:\/\/izo.si\/","logo":{"@type":"ImageObject","inLanguage":"en-GB","@id":"https:\/\/izo.si\/#\/schema\/logo\/image\/","url":"https:\/\/izo.si\/wp-content\/uploads\/2021\/01\/izo-logo@2x.png","contentUrl":"https:\/\/izo.si\/wp-content\/uploads\/2021\/01\/izo-logo@2x.png","width":262,"height":139,"caption":"IZO"},"image":{"@id":"https:\/\/izo.si\/#\/schema\/logo\/image\/"}},{"@type":"Person","@id":"https:\/\/izo.si\/#\/schema\/person\/7c1d308fe359416255fc3003e716015d","name":"info@izo.si","image":{"@type":"ImageObject","inLanguage":"en-GB","@id":"https:\/\/izo.si\/#\/schema\/person\/image\/","url":"https:\/\/secure.gravatar.com\/avatar\/6119564cb294b108df0fe93b796cfc2f405adef8ccb4e9788179335543b4f393?s=96&d=mm&r=g","contentUrl":"https:\/\/secure.gravatar.com\/avatar\/6119564cb294b108df0fe93b796cfc2f405adef8ccb4e9788179335543b4f393?s=96&d=mm&r=g","caption":"info@izo.si"},"url":"https:\/\/izo.si\/en\/author\/infoizo-si\/"}]}},"_links":{"self":[{"href":"https:\/\/izo.si\/en\/wp-json\/wp\/v2\/posts\/5086","targetHints":{"allow":["GET"]}}],"collection":[{"href":"https:\/\/izo.si\/en\/wp-json\/wp\/v2\/posts"}],"about":[{"href":"https:\/\/izo.si\/en\/wp-json\/wp\/v2\/types\/post"}],"author":[{"embeddable":true,"href":"https:\/\/izo.si\/en\/wp-json\/wp\/v2\/users\/8"}],"replies":[{"embeddable":true,"href":"https:\/\/izo.si\/en\/wp-json\/wp\/v2\/comments?post=5086"}],"version-history":[{"count":3,"href":"https:\/\/izo.si\/en\/wp-json\/wp\/v2\/posts\/5086\/revisions"}],"predecessor-version":[{"id":5090,"href":"https:\/\/izo.si\/en\/wp-json\/wp\/v2\/posts\/5086\/revisions\/5090"}],"wp:featuredmedia":[{"embeddable":true,"href":"https:\/\/izo.si\/en\/wp-json\/wp\/v2\/media\/5088"}],"wp:attachment":[{"href":"https:\/\/izo.si\/en\/wp-json\/wp\/v2\/media?parent=5086"}],"wp:term":[{"taxonomy":"category","embeddable":true,"href":"https:\/\/izo.si\/en\/wp-json\/wp\/v2\/categories?post=5086"},{"taxonomy":"post_tag","embeddable":true,"href":"https:\/\/izo.si\/en\/wp-json\/wp\/v2\/tags?post=5086"}],"curies":[{"name":"wp","href":"https:\/\/api.w.org\/{rel}","templated":true}]}}