{"id":4724,"date":"2024-10-14T16:13:15","date_gmt":"2024-10-14T14:13:15","guid":{"rendered":"https:\/\/izo.si\/?p=4724"},"modified":"2024-10-14T16:13:15","modified_gmt":"2024-10-14T14:13:15","slug":"szj-z-novimi-standardi-do-preboja-v-kakovosti-zraka-in-zasciti-javnega-zdravja","status":"publish","type":"post","link":"https:\/\/izo.si\/en\/szj-z-novimi-standardi-do-preboja-v-kakovosti-zraka-in-zasciti-javnega-zdravja\/","title":{"rendered":"SZJ: Z novimi standardi do preboja v kakovosti zraka in za\u0161\u010diti javnega zdravja"},"content":{"rendered":"<p><strong>Ljubljana, Slovenija, 11. 10. 2024<\/strong> \u2013 Kakovost zraka \u0161e vedno predstavlja eno najresnej\u0161ih okoljskih gro\u017eenj za zdravje prebivalcev Evropske unije, kljub napredku pri zmanj\u0161anju emisij v zadnjih desetletjih. <a href=\"https:\/\/www.eea.europa.eu\/publications\/harm-to-human-health-from-air-pollution\/\">Po ocenah Evropske agencije za okolje (EEA)<\/a> je bila v letu 2021 kroni\u010dna izpostavljenost drobnim delcem (PM 2,5) odgovorna za pribli\u017eno 253.000 prezgodnjih smrti v Evropi, izpostavljenost du\u0161ikovemu dioksidu (NO\u2082) za dodatnih 52.000 smrti, medtem ko je izpostavljenost ozonu (O\u2083) povzro\u010dila pribli\u017eno 22.000 akutnih smrti. Ti podatki poudarjajo nujnost nadaljnjih ukrepov za izbolj\u0161anje kakovosti zraka, da bi zmanj\u0161ali \u0161kodljive vplive na zdravje ljudi.<\/p>\n\n\n\n<p>Onesna\u017eenost zraka na zdravje prebivalstva vpliva na ve\u010d na\u010dinov. Kroni\u010dna izpostavljenost drobnim delcem je povezana s pove\u010danim tveganjem za razvoj bolezni srca, plju\u010dnega raka, mo\u017eganske kapi in dihalnih bolezni, kot je astma. Po zbranih <a href=\"https:\/\/www.niehs.nih.gov\/health\/topics\/agents\/air-pollution\">podatkih<\/a> lahko fine delce PM 2,5, ki so 30-krat tanj\u0161i od \u010dlove\u0161kega lasu, vdihujemo globoko v plju\u010da, kjer povzro\u010dajo oksidativni stres in vnetja. Slednje lahko vodi v razvoj kroni\u010dnih bolezni in pove\u010dano smrtnost. Dodatno izpostavljenost ozonu in du\u0161ikovemu dioksidu pove\u010duje tveganje za sr\u010dno-\u017eilne bolezni ter povzro\u010da akutne dihalne te\u017eave, \u0161e posebej med ranljivimi skupinami prebivalstva, kot so otroci, starej\u0161i in ljudje s predhodnimi boleznimi.<\/p>\n\n\n\n<p>Onesna\u017eenje zraka iz velikih industrijskih obratov v Evropi \u0161e vedno predstavlja velik problem za okolje in zdravje ljudi, \u010deprav so se stro\u0161ki tega onesna\u017eevanja v zadnjem desetletju zni\u017eali. <a href=\"https:\/\/www.eea.europa.eu\/en\/newsroom\/news\/costs-of-industrial-pollution\">Po podatkih Evropske agencije za okolje (EEA)<\/a> stro\u0161ki, ki jih povzro\u010dajo najve\u010dje industrijske naprave, zna\u0161ajo med 268 in 428 milijardami evrov na leto, kar predstavlja pribli\u017eno 2 % letnega BDP Evropske unije. Zmanj\u0161anje stro\u0161kov, povezanih z zdravjem in okoljem, je posledica uvajanja naprednej\u0161ih tehnologij in prehoda na \u010distej\u0161e vire energije, kar je s svojimi politikami spodbudila tudi Evropska unija. Evropski zeleni dogovor si prizadeva, da bi industrija postala bolj okolju prijazna in tehnolo\u0161ko napredna. Nedavne spremembe zakonodaje, kot so Direktiva o industrijskih emisijah in nova Uredba o industrijskih emisijah, naj bi pripomogle k temu, da bo industrija v prihodnosti manj onesna\u017eevala in bolj podpirala kro\u017eno gospodarstvo.<\/p>\n\n\n\n<p>Poleg tega se pri\u010dakuje, da bo okrepljena Direktiva o kakovosti zraka \u0161e dodatno izbolj\u0161ala situacijo, saj bo postavila stro\u017eje omejitve za onesna\u017eenje, usklajene s smernicami Svetovne zdravstvene organizacije.&nbsp;<\/p>\n\n\n\n<p>Nova Direktiva o kakovosti zunanjega zraka (AAQD), ki jo EU obravnava v okviru svojih okoljskih politik, vklju\u010duje zni\u017eanje dovoljenih mejnih vrednosti za onesna\u017eevalce, kot so delci PM 2,5 in du\u0161ikov dioksid (NO\u2082), v skladu s <a href=\"https:\/\/iris.who.int\/bitstream\/handle\/10665\/345329\/9789240034228-eng.pdf?sequence=1\">smernicami<\/a> Svetovne zdravstvene organizacije (WHO) iz leta 2021. WHO je takrat priporo\u010dila, da se letna mejna vrednost za PM 2,5 zni\u017ea na 5 \u00b5g\/m\u00b3, saj raziskave ka\u017eejo, da \u017ee zelo nizke koncentracije teh delcev \u0161kodujejo zdravju.<\/p>\n\n\n\n<p><strong>Toma\u017e Gorenc, direktor <\/strong><a href=\"https:\/\/izo.si\/en\/\"><strong>In\u0161tituta za zdravje in okolje<\/strong><\/a>, poudarja, da bo &#8220;<em>sprejetje novih standardov kakovosti zraka prineslo \u0161tevilne koristi tako za javno zdravje kot za gospodarstvo. Z izbolj\u0161anjem kakovosti zraka bo mogo\u010de prepre\u010diti \u0161tevilne prezgodnje smrti in zmanj\u0161ati breme kroni\u010dnih bolezni, hkrati pa tudi zmanj\u0161ati pritisk na zdravstvene sisteme. Stro\u017eji standardi kakovosti zraka bodo prispevali tudi k zmanj\u0161anju emisij toplogrednih plinov, saj so ukrepi za izbolj\u0161anje kakovosti zraka tesno povezani z ukrepi za zmanj\u0161anje vplivov podnebnih sprememb<\/em>.\u201d Za spremljanje trenutne kakovosti zraka je na voljo <a href=\"https:\/\/www.eea.europa.eu\/en\/analysis\/maps-and-charts\/index\">Evropski indeks kakovosti zraka<\/a>, ki v realnem \u010dasu prikazuje podatke o onesna\u017eenosti zraka po vsej Evropi ter uporabnikom omogo\u010da, da pridobijo vpogled v kakovost zraka v svojih regijah.<\/p>\n\n\n\n<p><strong>Kontakt:<\/strong><\/p>\n\n\n\n<p>V imenu konzorcijev Partnerstva za okolje in zdravje, delovne skupine okolje-zdravje pri Plan B ter Slovenskega zdru\u017eenja za kroni\u010dne nenalezljive bolezni<\/p>\n\n\n\n<p>Toma\u017e Gorenc, In\u0161titut za zdravje in okolje, tomaz.gorenc@izo.si, +386 40 493 460<\/p>","protected":false},"excerpt":{"rendered":"<p>Ljubljana, Slovenija, 11. 10. 2024 \u2013 Kakovost zraka \u0161e vedno predstavlja eno najresnej\u0161ih okoljskih gro\u017eenj za zdravje prebivalcev Evropske unije, kljub napredku pri zmanj\u0161anju emisij v zadnjih desetletjih. Po ocenah Evropske agencije za okolje (EEA) je bila v letu 2021 kroni\u010dna izpostavljenost drobnim delcem (PM 2,5) odgovorna za pribli\u017eno 253.000 prezgodnjih smrti v Evropi, izpostavljenost [&hellip;]<\/p>","protected":false},"author":8,"featured_media":4725,"comment_status":"closed","ping_status":"closed","sticky":false,"template":"","format":"standard","meta":{"_monsterinsights_skip_tracking":false,"_monsterinsights_sitenote_active":false,"_monsterinsights_sitenote_note":"","_monsterinsights_sitenote_category":0,"_uf_show_specific_survey":0,"_uf_disable_surveys":false,"footnotes":""},"categories":[7],"tags":[],"class_list":["post-4724","post","type-post","status-publish","format-standard","has-post-thumbnail","hentry","category-novice"],"aioseo_notices":[],"yoast_head":"<!-- This site is optimized with the Yoast SEO plugin v24.5 - https:\/\/yoast.com\/wordpress\/plugins\/seo\/ -->\n<title>SZJ: Z novimi standardi do preboja v kakovosti zraka in za\u0161\u010diti javnega zdravja - IZO<\/title>\n<meta name=\"robots\" content=\"index, follow, max-snippet:-1, max-image-preview:large, max-video-preview:-1\" \/>\n<link rel=\"canonical\" href=\"https:\/\/izo.si\/en\/szj-z-novimi-standardi-do-preboja-v-kakovosti-zraka-in-zasciti-javnega-zdravja\/\" \/>\n<meta property=\"og:locale\" content=\"en_GB\" \/>\n<meta property=\"og:type\" content=\"article\" \/>\n<meta property=\"og:title\" content=\"SZJ: Z novimi standardi do preboja v kakovosti zraka in za\u0161\u010diti javnega zdravja - IZO\" \/>\n<meta property=\"og:description\" content=\"Ljubljana, Slovenija, 11. 10. 2024 \u2013 Kakovost zraka \u0161e vedno predstavlja eno najresnej\u0161ih okoljskih gro\u017eenj za zdravje prebivalcev Evropske unije, kljub napredku pri zmanj\u0161anju emisij v zadnjih desetletjih. Po ocenah Evropske agencije za okolje (EEA) je bila v letu 2021 kroni\u010dna izpostavljenost drobnim delcem (PM 2,5) odgovorna za pribli\u017eno 253.000 prezgodnjih smrti v Evropi, izpostavljenost [&hellip;]\" \/>\n<meta property=\"og:url\" content=\"https:\/\/izo.si\/en\/szj-z-novimi-standardi-do-preboja-v-kakovosti-zraka-in-zasciti-javnega-zdravja\/\" \/>\n<meta property=\"og:site_name\" content=\"IZO\" \/>\n<meta property=\"article:published_time\" content=\"2024-10-14T14:13:15+00:00\" \/>\n<meta property=\"og:image\" content=\"https:\/\/izo.si\/wp-content\/uploads\/2024\/10\/ASRO-novice-1.png\" \/>\n\t<meta property=\"og:image:width\" content=\"1500\" \/>\n\t<meta property=\"og:image:height\" content=\"987\" \/>\n\t<meta property=\"og:image:type\" content=\"image\/png\" \/>\n<meta name=\"author\" content=\"info@izo.si\" \/>\n<meta name=\"twitter:card\" content=\"summary_large_image\" \/>\n<meta name=\"twitter:label1\" content=\"Written by\" \/>\n\t<meta name=\"twitter:data1\" content=\"info@izo.si\" \/>\n\t<meta name=\"twitter:label2\" content=\"Estimated reading time\" \/>\n\t<meta name=\"twitter:data2\" content=\"3 minutes\" \/>\n<script type=\"application\/ld+json\" class=\"yoast-schema-graph\">{\"@context\":\"https:\/\/schema.org\",\"@graph\":[{\"@type\":\"Article\",\"@id\":\"https:\/\/izo.si\/szj-z-novimi-standardi-do-preboja-v-kakovosti-zraka-in-zasciti-javnega-zdravja\/#article\",\"isPartOf\":{\"@id\":\"https:\/\/izo.si\/szj-z-novimi-standardi-do-preboja-v-kakovosti-zraka-in-zasciti-javnega-zdravja\/\"},\"author\":{\"name\":\"info@izo.si\",\"@id\":\"https:\/\/izo.si\/#\/schema\/person\/7c1d308fe359416255fc3003e716015d\"},\"headline\":\"SZJ: Z novimi standardi do preboja v kakovosti zraka in za\u0161\u010diti javnega zdravja\",\"datePublished\":\"2024-10-14T14:13:15+00:00\",\"mainEntityOfPage\":{\"@id\":\"https:\/\/izo.si\/szj-z-novimi-standardi-do-preboja-v-kakovosti-zraka-in-zasciti-javnega-zdravja\/\"},\"wordCount\":638,\"publisher\":{\"@id\":\"https:\/\/izo.si\/#organization\"},\"image\":{\"@id\":\"https:\/\/izo.si\/szj-z-novimi-standardi-do-preboja-v-kakovosti-zraka-in-zasciti-javnega-zdravja\/#primaryimage\"},\"thumbnailUrl\":\"https:\/\/izo.si\/wp-content\/uploads\/2024\/10\/ASRO-novice-1.png\",\"articleSection\":[\"Novice\"],\"inLanguage\":\"en-GB\"},{\"@type\":\"WebPage\",\"@id\":\"https:\/\/izo.si\/szj-z-novimi-standardi-do-preboja-v-kakovosti-zraka-in-zasciti-javnega-zdravja\/\",\"url\":\"https:\/\/izo.si\/szj-z-novimi-standardi-do-preboja-v-kakovosti-zraka-in-zasciti-javnega-zdravja\/\",\"name\":\"SZJ: Z novimi standardi do preboja v kakovosti zraka in za\u0161\u010diti javnega zdravja - IZO\",\"isPartOf\":{\"@id\":\"https:\/\/izo.si\/#website\"},\"primaryImageOfPage\":{\"@id\":\"https:\/\/izo.si\/szj-z-novimi-standardi-do-preboja-v-kakovosti-zraka-in-zasciti-javnega-zdravja\/#primaryimage\"},\"image\":{\"@id\":\"https:\/\/izo.si\/szj-z-novimi-standardi-do-preboja-v-kakovosti-zraka-in-zasciti-javnega-zdravja\/#primaryimage\"},\"thumbnailUrl\":\"https:\/\/izo.si\/wp-content\/uploads\/2024\/10\/ASRO-novice-1.png\",\"datePublished\":\"2024-10-14T14:13:15+00:00\",\"breadcrumb\":{\"@id\":\"https:\/\/izo.si\/szj-z-novimi-standardi-do-preboja-v-kakovosti-zraka-in-zasciti-javnega-zdravja\/#breadcrumb\"},\"inLanguage\":\"en-GB\",\"potentialAction\":[{\"@type\":\"ReadAction\",\"target\":[\"https:\/\/izo.si\/szj-z-novimi-standardi-do-preboja-v-kakovosti-zraka-in-zasciti-javnega-zdravja\/\"]}]},{\"@type\":\"ImageObject\",\"inLanguage\":\"en-GB\",\"@id\":\"https:\/\/izo.si\/szj-z-novimi-standardi-do-preboja-v-kakovosti-zraka-in-zasciti-javnega-zdravja\/#primaryimage\",\"url\":\"https:\/\/izo.si\/wp-content\/uploads\/2024\/10\/ASRO-novice-1.png\",\"contentUrl\":\"https:\/\/izo.si\/wp-content\/uploads\/2024\/10\/ASRO-novice-1.png\",\"width\":1500,\"height\":987},{\"@type\":\"BreadcrumbList\",\"@id\":\"https:\/\/izo.si\/szj-z-novimi-standardi-do-preboja-v-kakovosti-zraka-in-zasciti-javnega-zdravja\/#breadcrumb\",\"itemListElement\":[{\"@type\":\"ListItem\",\"position\":1,\"name\":\"Home\",\"item\":\"https:\/\/izo.si\/\"},{\"@type\":\"ListItem\",\"position\":2,\"name\":\"SZJ: Z novimi standardi do preboja v kakovosti zraka in za\u0161\u010diti javnega zdravja\"}]},{\"@type\":\"WebSite\",\"@id\":\"https:\/\/izo.si\/#website\",\"url\":\"https:\/\/izo.si\/\",\"name\":\"IZO\",\"description\":\"In\u0161titut za zdravje in okolje\",\"publisher\":{\"@id\":\"https:\/\/izo.si\/#organization\"},\"potentialAction\":[{\"@type\":\"SearchAction\",\"target\":{\"@type\":\"EntryPoint\",\"urlTemplate\":\"https:\/\/izo.si\/?s={search_term_string}\"},\"query-input\":{\"@type\":\"PropertyValueSpecification\",\"valueRequired\":true,\"valueName\":\"search_term_string\"}}],\"inLanguage\":\"en-GB\"},{\"@type\":\"Organization\",\"@id\":\"https:\/\/izo.si\/#organization\",\"name\":\"IZO\",\"url\":\"https:\/\/izo.si\/\",\"logo\":{\"@type\":\"ImageObject\",\"inLanguage\":\"en-GB\",\"@id\":\"https:\/\/izo.si\/#\/schema\/logo\/image\/\",\"url\":\"https:\/\/izo.si\/wp-content\/uploads\/2021\/01\/izo-logo@2x.png\",\"contentUrl\":\"https:\/\/izo.si\/wp-content\/uploads\/2021\/01\/izo-logo@2x.png\",\"width\":262,\"height\":139,\"caption\":\"IZO\"},\"image\":{\"@id\":\"https:\/\/izo.si\/#\/schema\/logo\/image\/\"}},{\"@type\":\"Person\",\"@id\":\"https:\/\/izo.si\/#\/schema\/person\/7c1d308fe359416255fc3003e716015d\",\"name\":\"info@izo.si\",\"image\":{\"@type\":\"ImageObject\",\"inLanguage\":\"en-GB\",\"@id\":\"https:\/\/izo.si\/#\/schema\/person\/image\/\",\"url\":\"https:\/\/secure.gravatar.com\/avatar\/6119564cb294b108df0fe93b796cfc2f405adef8ccb4e9788179335543b4f393?s=96&d=mm&r=g\",\"contentUrl\":\"https:\/\/secure.gravatar.com\/avatar\/6119564cb294b108df0fe93b796cfc2f405adef8ccb4e9788179335543b4f393?s=96&d=mm&r=g\",\"caption\":\"info@izo.si\"},\"url\":\"https:\/\/izo.si\/en\/author\/infoizo-si\/\"}]}<\/script>\n<!-- \/ Yoast SEO plugin. -->","yoast_head_json":{"title":"SZJ: Z novimi standardi do preboja v kakovosti zraka in za\u0161\u010diti javnega zdravja - IZO","robots":{"index":"index","follow":"follow","max-snippet":"max-snippet:-1","max-image-preview":"max-image-preview:large","max-video-preview":"max-video-preview:-1"},"canonical":"https:\/\/izo.si\/en\/szj-z-novimi-standardi-do-preboja-v-kakovosti-zraka-in-zasciti-javnega-zdravja\/","og_locale":"en_GB","og_type":"article","og_title":"SZJ: Z novimi standardi do preboja v kakovosti zraka in za\u0161\u010diti javnega zdravja - IZO","og_description":"Ljubljana, Slovenija, 11. 10. 2024 \u2013 Kakovost zraka \u0161e vedno predstavlja eno najresnej\u0161ih okoljskih gro\u017eenj za zdravje prebivalcev Evropske unije, kljub napredku pri zmanj\u0161anju emisij v zadnjih desetletjih. Po ocenah Evropske agencije za okolje (EEA) je bila v letu 2021 kroni\u010dna izpostavljenost drobnim delcem (PM 2,5) odgovorna za pribli\u017eno 253.000 prezgodnjih smrti v Evropi, izpostavljenost [&hellip;]","og_url":"https:\/\/izo.si\/en\/szj-z-novimi-standardi-do-preboja-v-kakovosti-zraka-in-zasciti-javnega-zdravja\/","og_site_name":"IZO","article_published_time":"2024-10-14T14:13:15+00:00","og_image":[{"width":1500,"height":987,"url":"https:\/\/izo.si\/wp-content\/uploads\/2024\/10\/ASRO-novice-1.png","type":"image\/png"}],"author":"info@izo.si","twitter_card":"summary_large_image","twitter_misc":{"Written by":"info@izo.si","Estimated reading time":"3 minutes"},"schema":{"@context":"https:\/\/schema.org","@graph":[{"@type":"Article","@id":"https:\/\/izo.si\/szj-z-novimi-standardi-do-preboja-v-kakovosti-zraka-in-zasciti-javnega-zdravja\/#article","isPartOf":{"@id":"https:\/\/izo.si\/szj-z-novimi-standardi-do-preboja-v-kakovosti-zraka-in-zasciti-javnega-zdravja\/"},"author":{"name":"info@izo.si","@id":"https:\/\/izo.si\/#\/schema\/person\/7c1d308fe359416255fc3003e716015d"},"headline":"SZJ: Z novimi standardi do preboja v kakovosti zraka in za\u0161\u010diti javnega zdravja","datePublished":"2024-10-14T14:13:15+00:00","mainEntityOfPage":{"@id":"https:\/\/izo.si\/szj-z-novimi-standardi-do-preboja-v-kakovosti-zraka-in-zasciti-javnega-zdravja\/"},"wordCount":638,"publisher":{"@id":"https:\/\/izo.si\/#organization"},"image":{"@id":"https:\/\/izo.si\/szj-z-novimi-standardi-do-preboja-v-kakovosti-zraka-in-zasciti-javnega-zdravja\/#primaryimage"},"thumbnailUrl":"https:\/\/izo.si\/wp-content\/uploads\/2024\/10\/ASRO-novice-1.png","articleSection":["Novice"],"inLanguage":"en-GB"},{"@type":"WebPage","@id":"https:\/\/izo.si\/szj-z-novimi-standardi-do-preboja-v-kakovosti-zraka-in-zasciti-javnega-zdravja\/","url":"https:\/\/izo.si\/szj-z-novimi-standardi-do-preboja-v-kakovosti-zraka-in-zasciti-javnega-zdravja\/","name":"SZJ: Z novimi standardi do preboja v kakovosti zraka in za\u0161\u010diti javnega zdravja - IZO","isPartOf":{"@id":"https:\/\/izo.si\/#website"},"primaryImageOfPage":{"@id":"https:\/\/izo.si\/szj-z-novimi-standardi-do-preboja-v-kakovosti-zraka-in-zasciti-javnega-zdravja\/#primaryimage"},"image":{"@id":"https:\/\/izo.si\/szj-z-novimi-standardi-do-preboja-v-kakovosti-zraka-in-zasciti-javnega-zdravja\/#primaryimage"},"thumbnailUrl":"https:\/\/izo.si\/wp-content\/uploads\/2024\/10\/ASRO-novice-1.png","datePublished":"2024-10-14T14:13:15+00:00","breadcrumb":{"@id":"https:\/\/izo.si\/szj-z-novimi-standardi-do-preboja-v-kakovosti-zraka-in-zasciti-javnega-zdravja\/#breadcrumb"},"inLanguage":"en-GB","potentialAction":[{"@type":"ReadAction","target":["https:\/\/izo.si\/szj-z-novimi-standardi-do-preboja-v-kakovosti-zraka-in-zasciti-javnega-zdravja\/"]}]},{"@type":"ImageObject","inLanguage":"en-GB","@id":"https:\/\/izo.si\/szj-z-novimi-standardi-do-preboja-v-kakovosti-zraka-in-zasciti-javnega-zdravja\/#primaryimage","url":"https:\/\/izo.si\/wp-content\/uploads\/2024\/10\/ASRO-novice-1.png","contentUrl":"https:\/\/izo.si\/wp-content\/uploads\/2024\/10\/ASRO-novice-1.png","width":1500,"height":987},{"@type":"BreadcrumbList","@id":"https:\/\/izo.si\/szj-z-novimi-standardi-do-preboja-v-kakovosti-zraka-in-zasciti-javnega-zdravja\/#breadcrumb","itemListElement":[{"@type":"ListItem","position":1,"name":"Home","item":"https:\/\/izo.si\/"},{"@type":"ListItem","position":2,"name":"SZJ: Z novimi standardi do preboja v kakovosti zraka in za\u0161\u010diti javnega zdravja"}]},{"@type":"WebSite","@id":"https:\/\/izo.si\/#website","url":"https:\/\/izo.si\/","name":"IZO","description":"Institute for Health and Environment","publisher":{"@id":"https:\/\/izo.si\/#organization"},"potentialAction":[{"@type":"SearchAction","target":{"@type":"EntryPoint","urlTemplate":"https:\/\/izo.si\/?s={search_term_string}"},"query-input":{"@type":"PropertyValueSpecification","valueRequired":true,"valueName":"search_term_string"}}],"inLanguage":"en-GB"},{"@type":"Organization","@id":"https:\/\/izo.si\/#organization","name":"IZO","url":"https:\/\/izo.si\/","logo":{"@type":"ImageObject","inLanguage":"en-GB","@id":"https:\/\/izo.si\/#\/schema\/logo\/image\/","url":"https:\/\/izo.si\/wp-content\/uploads\/2021\/01\/izo-logo@2x.png","contentUrl":"https:\/\/izo.si\/wp-content\/uploads\/2021\/01\/izo-logo@2x.png","width":262,"height":139,"caption":"IZO"},"image":{"@id":"https:\/\/izo.si\/#\/schema\/logo\/image\/"}},{"@type":"Person","@id":"https:\/\/izo.si\/#\/schema\/person\/7c1d308fe359416255fc3003e716015d","name":"info@izo.si","image":{"@type":"ImageObject","inLanguage":"en-GB","@id":"https:\/\/izo.si\/#\/schema\/person\/image\/","url":"https:\/\/secure.gravatar.com\/avatar\/6119564cb294b108df0fe93b796cfc2f405adef8ccb4e9788179335543b4f393?s=96&d=mm&r=g","contentUrl":"https:\/\/secure.gravatar.com\/avatar\/6119564cb294b108df0fe93b796cfc2f405adef8ccb4e9788179335543b4f393?s=96&d=mm&r=g","caption":"info@izo.si"},"url":"https:\/\/izo.si\/en\/author\/infoizo-si\/"}]}},"_links":{"self":[{"href":"https:\/\/izo.si\/en\/wp-json\/wp\/v2\/posts\/4724","targetHints":{"allow":["GET"]}}],"collection":[{"href":"https:\/\/izo.si\/en\/wp-json\/wp\/v2\/posts"}],"about":[{"href":"https:\/\/izo.si\/en\/wp-json\/wp\/v2\/types\/post"}],"author":[{"embeddable":true,"href":"https:\/\/izo.si\/en\/wp-json\/wp\/v2\/users\/8"}],"replies":[{"embeddable":true,"href":"https:\/\/izo.si\/en\/wp-json\/wp\/v2\/comments?post=4724"}],"version-history":[{"count":1,"href":"https:\/\/izo.si\/en\/wp-json\/wp\/v2\/posts\/4724\/revisions"}],"predecessor-version":[{"id":4726,"href":"https:\/\/izo.si\/en\/wp-json\/wp\/v2\/posts\/4724\/revisions\/4726"}],"wp:featuredmedia":[{"embeddable":true,"href":"https:\/\/izo.si\/en\/wp-json\/wp\/v2\/media\/4725"}],"wp:attachment":[{"href":"https:\/\/izo.si\/en\/wp-json\/wp\/v2\/media?parent=4724"}],"wp:term":[{"taxonomy":"category","embeddable":true,"href":"https:\/\/izo.si\/en\/wp-json\/wp\/v2\/categories?post=4724"},{"taxonomy":"post_tag","embeddable":true,"href":"https:\/\/izo.si\/en\/wp-json\/wp\/v2\/tags?post=4724"}],"curies":[{"name":"wp","href":"https:\/\/api.w.org\/{rel}","templated":true}]}}