{"id":4719,"date":"2024-10-07T14:44:52","date_gmt":"2024-10-07T12:44:52","guid":{"rendered":"https:\/\/izo.si\/?p=4719"},"modified":"2024-10-07T14:44:53","modified_gmt":"2024-10-07T12:44:53","slug":"novi-standardi-kakovosti-zraka-kljucen-korak-k-boljsemu-zdravju-ter-nizjim-stroskom-za-slovenijo-in-eu","status":"publish","type":"post","link":"https:\/\/izo.si\/en\/novi-standardi-kakovosti-zraka-kljucen-korak-k-boljsemu-zdravju-ter-nizjim-stroskom-za-slovenijo-in-eu\/","title":{"rendered":"Novi standardi kakovosti zraka: klju\u010den korak k bolj\u0161emu zdravju ter ni\u017ejim stro\u0161kom za Slovenijo in EU"},"content":{"rendered":"<p>Kljub zmanj\u0161anju emisij onesna\u017eeval v zadnjih dveh desetletjih in posledi\u010dnemu izbolj\u0161anju kakovosti zraka onesna\u017eenost zraka \u0161e vedno ostaja najpomembnej\u0161e okoljsko tveganje za zdravje v Evropski uniji in Sloveniji. \u0160tevilni prebivalci so vsakodnevno izpostavljeni koncentracijam onesna\u017eeval, ki presegajo priporo\u010dila Svetovne zdravstvene organizacije (WHO). V letu 2021 je izpostavljenost drobnim delcem (PM2,5) povzro\u010dila pribli\u017eno 253.000 prezgodnjih smrti, medtem ko je izpostavljenost du\u0161ikovemu dioksidu (NO2) povzro\u010dila dodatnih 52.000 prezgodnjih smrti. Poleg tega je bila izpostavljenost ozonu (O3) odgovorna za pribli\u017eno 22.000 dodatnih smrti.<\/p>\n\n\n\n<p>Onesna\u017eevala, kot so drobni delci in du\u0161ikov dioksid, niso le povzro\u010ditelji prezgodnje umrljivosti, temve\u010d prispevajo tudi k pove\u010dani obolevnosti, saj so neposredno povezana z resnimi zdravstvenimi te\u017eavami, kot so astma, sr\u010dno-\u017eilne bolezni in mo\u017eganska kap. To predstavlja pomembno breme za prebivalce, ki morajo \u017eiveti z boleznimi, povezanimi z onesna\u017eenostjo zraka, ter hkrati povzro\u010da znatne stro\u0161ke za zdravstvene sisteme po vsej Evropski uniji in Sloveniji.<\/p>\n\n\n\n<p>Poleg vplivov na zdravje ima onesna\u017eenost zraka tudi znaten negativni u\u010dinek na gospodarstvo. Pove\u010dani stro\u0161ki zdravstvene oskrbe, zmanj\u0161ana pri\u010dakovana \u017eivljenjska doba in izgubljeni delovni dnevi predstavljajo znatne gospodarske izgube. Onesna\u017eenost zraka \u0161koduje tudi vegetaciji, uni\u010duje ekosisteme ter onesna\u017euje tla in vode, kar dodatno ogro\u017ea naravne vire in ekosistemske storitve.<\/p>\n\n\n\n<p>Po dogovoru, dose\u017eenem februarja 2024, bo Svet Evropske unije kmalu glasoval o posodobitvi standardov kakovosti zraka, katerih cilj je izbolj\u0161ati zdravje prebivalcev ter zmanj\u0161ati stro\u0161ke, povezane z zdravstvenimi te\u017eavami zaradi onesna\u017eenosti zraka. Revidirana Direktiva o kakovosti zunanjega zraka predstavlja pomemben korak v smeri bolj\u0161e za\u0161\u010dite prebivalstva pred \u0161kodljivimi vplivi onesna\u017eenega zraka.<\/p>\n\n\n\n<p>V sodelovanju z organizacijo Health and Environment Alliance smo slovenskemu ministru za okolje, podnebje in energijo poslali pismo, v katerem smo izpostavili nujnost podpore revidirane Direktive ter njeno \u010dim hitrej\u0161o implementacijo v nacionalno zakonodajo. Poudarili smo, da mora Slovenija v okviru teh zakonodajnih sprememb dati prednost za\u0161\u010diti zdravja svojih prebivalcev in okolja. Pripravljeni smo nuditi strokovno podporo pri tem procesu, da bi zagotovili hitro uresni\u010ditev novih standardov kakovosti zraka, ki bodo prispevali k izbolj\u0161anju javnega zdravja ter dolgoro\u010dnim ekonomskim in okoljskim koristim.<\/p>\n\n\n\n<p>Pismo objavljamo v nadaljevanju:<\/p>\n\n\n\n<div data-wp-interactive=\"core\/file\" class=\"wp-block-file\"><object data-wp-bind--hidden=\"!state.hasPdfPreview\" hidden class=\"wp-block-file__embed\" data=\"https:\/\/izo.si\/wp-content\/uploads\/2024\/10\/Pismo-ministru.pdf\" type=\"application\/pdf\" style=\"width:100%;height:600px\" aria-label=\"Embed of Pismo ministru.\"><\/object><a id=\"wp-block-file--media-9dd6a6e1-4e31-448d-8b23-994e6bb1f60f\" href=\"https:\/\/izo.si\/wp-content\/uploads\/2024\/10\/Pismo-ministru.pdf\">Pismo ministru<\/a><a href=\"https:\/\/izo.si\/wp-content\/uploads\/2024\/10\/Pismo-ministru.pdf\" class=\"wp-block-file__button wp-element-button\" download aria-describedby=\"wp-block-file--media-9dd6a6e1-4e31-448d-8b23-994e6bb1f60f\">Download<\/a><\/div>","protected":false},"excerpt":{"rendered":"<p>Kljub zmanj\u0161anju emisij onesna\u017eeval v zadnjih dveh desetletjih in posledi\u010dnemu izbolj\u0161anju kakovosti zraka onesna\u017eenost zraka \u0161e vedno ostaja najpomembnej\u0161e okoljsko tveganje za zdravje v Evropski uniji in Sloveniji. \u0160tevilni prebivalci so vsakodnevno izpostavljeni koncentracijam onesna\u017eeval, ki presegajo priporo\u010dila Svetovne zdravstvene organizacije (WHO). V letu 2021 je izpostavljenost drobnim delcem (PM2,5) povzro\u010dila pribli\u017eno 253.000 prezgodnjih smrti, [&hellip;]<\/p>","protected":false},"author":8,"featured_media":4720,"comment_status":"closed","ping_status":"closed","sticky":false,"template":"","format":"standard","meta":{"_monsterinsights_skip_tracking":false,"_monsterinsights_sitenote_active":false,"_monsterinsights_sitenote_note":"","_monsterinsights_sitenote_category":0,"_uf_show_specific_survey":0,"_uf_disable_surveys":false,"footnotes":""},"categories":[7],"tags":[],"class_list":["post-4719","post","type-post","status-publish","format-standard","has-post-thumbnail","hentry","category-novice"],"aioseo_notices":[],"yoast_head":"<!-- This site is optimized with the Yoast SEO plugin v24.5 - https:\/\/yoast.com\/wordpress\/plugins\/seo\/ -->\n<title>Novi standardi kakovosti zraka: klju\u010den korak k bolj\u0161emu zdravju ter ni\u017ejim stro\u0161kom za Slovenijo in EU - IZO<\/title>\n<meta name=\"robots\" content=\"index, follow, max-snippet:-1, max-image-preview:large, max-video-preview:-1\" \/>\n<link rel=\"canonical\" href=\"https:\/\/izo.si\/en\/novi-standardi-kakovosti-zraka-kljucen-korak-k-boljsemu-zdravju-ter-nizjim-stroskom-za-slovenijo-in-eu\/\" \/>\n<meta property=\"og:locale\" content=\"en_GB\" \/>\n<meta property=\"og:type\" content=\"article\" \/>\n<meta property=\"og:title\" content=\"Novi standardi kakovosti zraka: klju\u010den korak k bolj\u0161emu zdravju ter ni\u017ejim stro\u0161kom za Slovenijo in EU - IZO\" \/>\n<meta property=\"og:description\" content=\"Kljub zmanj\u0161anju emisij onesna\u017eeval v zadnjih dveh desetletjih in posledi\u010dnemu izbolj\u0161anju kakovosti zraka onesna\u017eenost zraka \u0161e vedno ostaja najpomembnej\u0161e okoljsko tveganje za zdravje v Evropski uniji in Sloveniji. \u0160tevilni prebivalci so vsakodnevno izpostavljeni koncentracijam onesna\u017eeval, ki presegajo priporo\u010dila Svetovne zdravstvene organizacije (WHO). V letu 2021 je izpostavljenost drobnim delcem (PM2,5) povzro\u010dila pribli\u017eno 253.000 prezgodnjih smrti, [&hellip;]\" \/>\n<meta property=\"og:url\" content=\"https:\/\/izo.si\/en\/novi-standardi-kakovosti-zraka-kljucen-korak-k-boljsemu-zdravju-ter-nizjim-stroskom-za-slovenijo-in-eu\/\" \/>\n<meta property=\"og:site_name\" content=\"IZO\" \/>\n<meta property=\"article:published_time\" content=\"2024-10-07T12:44:52+00:00\" \/>\n<meta property=\"article:modified_time\" content=\"2024-10-07T12:44:53+00:00\" \/>\n<meta property=\"og:image\" content=\"https:\/\/izo.si\/wp-content\/uploads\/2024\/10\/IZO-naslovna-fotografija-za-clanek.png\" \/>\n\t<meta property=\"og:image:width\" content=\"1500\" \/>\n\t<meta property=\"og:image:height\" content=\"987\" \/>\n\t<meta property=\"og:image:type\" content=\"image\/png\" \/>\n<meta name=\"author\" content=\"info@izo.si\" \/>\n<meta name=\"twitter:card\" content=\"summary_large_image\" \/>\n<meta name=\"twitter:label1\" content=\"Written by\" \/>\n\t<meta name=\"twitter:data1\" content=\"info@izo.si\" \/>\n\t<meta name=\"twitter:label2\" content=\"Estimated reading time\" \/>\n\t<meta name=\"twitter:data2\" content=\"2 minutes\" \/>\n<script type=\"application\/ld+json\" class=\"yoast-schema-graph\">{\"@context\":\"https:\/\/schema.org\",\"@graph\":[{\"@type\":\"Article\",\"@id\":\"https:\/\/izo.si\/novi-standardi-kakovosti-zraka-kljucen-korak-k-boljsemu-zdravju-ter-nizjim-stroskom-za-slovenijo-in-eu\/#article\",\"isPartOf\":{\"@id\":\"https:\/\/izo.si\/novi-standardi-kakovosti-zraka-kljucen-korak-k-boljsemu-zdravju-ter-nizjim-stroskom-za-slovenijo-in-eu\/\"},\"author\":{\"name\":\"info@izo.si\",\"@id\":\"https:\/\/izo.si\/#\/schema\/person\/7c1d308fe359416255fc3003e716015d\"},\"headline\":\"Novi standardi kakovosti zraka: klju\u010den korak k bolj\u0161emu zdravju ter ni\u017ejim stro\u0161kom za Slovenijo in EU\",\"datePublished\":\"2024-10-07T12:44:52+00:00\",\"dateModified\":\"2024-10-07T12:44:53+00:00\",\"mainEntityOfPage\":{\"@id\":\"https:\/\/izo.si\/novi-standardi-kakovosti-zraka-kljucen-korak-k-boljsemu-zdravju-ter-nizjim-stroskom-za-slovenijo-in-eu\/\"},\"wordCount\":396,\"publisher\":{\"@id\":\"https:\/\/izo.si\/#organization\"},\"image\":{\"@id\":\"https:\/\/izo.si\/novi-standardi-kakovosti-zraka-kljucen-korak-k-boljsemu-zdravju-ter-nizjim-stroskom-za-slovenijo-in-eu\/#primaryimage\"},\"thumbnailUrl\":\"https:\/\/izo.si\/wp-content\/uploads\/2024\/10\/IZO-naslovna-fotografija-za-clanek.png\",\"articleSection\":[\"Novice\"],\"inLanguage\":\"en-GB\"},{\"@type\":\"WebPage\",\"@id\":\"https:\/\/izo.si\/novi-standardi-kakovosti-zraka-kljucen-korak-k-boljsemu-zdravju-ter-nizjim-stroskom-za-slovenijo-in-eu\/\",\"url\":\"https:\/\/izo.si\/novi-standardi-kakovosti-zraka-kljucen-korak-k-boljsemu-zdravju-ter-nizjim-stroskom-za-slovenijo-in-eu\/\",\"name\":\"Novi standardi kakovosti zraka: klju\u010den korak k bolj\u0161emu zdravju ter ni\u017ejim stro\u0161kom za Slovenijo in EU - IZO\",\"isPartOf\":{\"@id\":\"https:\/\/izo.si\/#website\"},\"primaryImageOfPage\":{\"@id\":\"https:\/\/izo.si\/novi-standardi-kakovosti-zraka-kljucen-korak-k-boljsemu-zdravju-ter-nizjim-stroskom-za-slovenijo-in-eu\/#primaryimage\"},\"image\":{\"@id\":\"https:\/\/izo.si\/novi-standardi-kakovosti-zraka-kljucen-korak-k-boljsemu-zdravju-ter-nizjim-stroskom-za-slovenijo-in-eu\/#primaryimage\"},\"thumbnailUrl\":\"https:\/\/izo.si\/wp-content\/uploads\/2024\/10\/IZO-naslovna-fotografija-za-clanek.png\",\"datePublished\":\"2024-10-07T12:44:52+00:00\",\"dateModified\":\"2024-10-07T12:44:53+00:00\",\"breadcrumb\":{\"@id\":\"https:\/\/izo.si\/novi-standardi-kakovosti-zraka-kljucen-korak-k-boljsemu-zdravju-ter-nizjim-stroskom-za-slovenijo-in-eu\/#breadcrumb\"},\"inLanguage\":\"en-GB\",\"potentialAction\":[{\"@type\":\"ReadAction\",\"target\":[\"https:\/\/izo.si\/novi-standardi-kakovosti-zraka-kljucen-korak-k-boljsemu-zdravju-ter-nizjim-stroskom-za-slovenijo-in-eu\/\"]}]},{\"@type\":\"ImageObject\",\"inLanguage\":\"en-GB\",\"@id\":\"https:\/\/izo.si\/novi-standardi-kakovosti-zraka-kljucen-korak-k-boljsemu-zdravju-ter-nizjim-stroskom-za-slovenijo-in-eu\/#primaryimage\",\"url\":\"https:\/\/izo.si\/wp-content\/uploads\/2024\/10\/IZO-naslovna-fotografija-za-clanek.png\",\"contentUrl\":\"https:\/\/izo.si\/wp-content\/uploads\/2024\/10\/IZO-naslovna-fotografija-za-clanek.png\",\"width\":1500,\"height\":987},{\"@type\":\"BreadcrumbList\",\"@id\":\"https:\/\/izo.si\/novi-standardi-kakovosti-zraka-kljucen-korak-k-boljsemu-zdravju-ter-nizjim-stroskom-za-slovenijo-in-eu\/#breadcrumb\",\"itemListElement\":[{\"@type\":\"ListItem\",\"position\":1,\"name\":\"Home\",\"item\":\"https:\/\/izo.si\/\"},{\"@type\":\"ListItem\",\"position\":2,\"name\":\"Novi standardi kakovosti zraka: klju\u010den korak k bolj\u0161emu zdravju ter ni\u017ejim stro\u0161kom za Slovenijo in EU\"}]},{\"@type\":\"WebSite\",\"@id\":\"https:\/\/izo.si\/#website\",\"url\":\"https:\/\/izo.si\/\",\"name\":\"IZO\",\"description\":\"In\u0161titut za zdravje in okolje\",\"publisher\":{\"@id\":\"https:\/\/izo.si\/#organization\"},\"potentialAction\":[{\"@type\":\"SearchAction\",\"target\":{\"@type\":\"EntryPoint\",\"urlTemplate\":\"https:\/\/izo.si\/?s={search_term_string}\"},\"query-input\":{\"@type\":\"PropertyValueSpecification\",\"valueRequired\":true,\"valueName\":\"search_term_string\"}}],\"inLanguage\":\"en-GB\"},{\"@type\":\"Organization\",\"@id\":\"https:\/\/izo.si\/#organization\",\"name\":\"IZO\",\"url\":\"https:\/\/izo.si\/\",\"logo\":{\"@type\":\"ImageObject\",\"inLanguage\":\"en-GB\",\"@id\":\"https:\/\/izo.si\/#\/schema\/logo\/image\/\",\"url\":\"https:\/\/izo.si\/wp-content\/uploads\/2021\/01\/izo-logo@2x.png\",\"contentUrl\":\"https:\/\/izo.si\/wp-content\/uploads\/2021\/01\/izo-logo@2x.png\",\"width\":262,\"height\":139,\"caption\":\"IZO\"},\"image\":{\"@id\":\"https:\/\/izo.si\/#\/schema\/logo\/image\/\"}},{\"@type\":\"Person\",\"@id\":\"https:\/\/izo.si\/#\/schema\/person\/7c1d308fe359416255fc3003e716015d\",\"name\":\"info@izo.si\",\"image\":{\"@type\":\"ImageObject\",\"inLanguage\":\"en-GB\",\"@id\":\"https:\/\/izo.si\/#\/schema\/person\/image\/\",\"url\":\"https:\/\/secure.gravatar.com\/avatar\/6119564cb294b108df0fe93b796cfc2f405adef8ccb4e9788179335543b4f393?s=96&d=mm&r=g\",\"contentUrl\":\"https:\/\/secure.gravatar.com\/avatar\/6119564cb294b108df0fe93b796cfc2f405adef8ccb4e9788179335543b4f393?s=96&d=mm&r=g\",\"caption\":\"info@izo.si\"},\"url\":\"https:\/\/izo.si\/en\/author\/infoizo-si\/\"}]}<\/script>\n<!-- \/ Yoast SEO plugin. -->","yoast_head_json":{"title":"Novi standardi kakovosti zraka: klju\u010den korak k bolj\u0161emu zdravju ter ni\u017ejim stro\u0161kom za Slovenijo in EU - IZO","robots":{"index":"index","follow":"follow","max-snippet":"max-snippet:-1","max-image-preview":"max-image-preview:large","max-video-preview":"max-video-preview:-1"},"canonical":"https:\/\/izo.si\/en\/novi-standardi-kakovosti-zraka-kljucen-korak-k-boljsemu-zdravju-ter-nizjim-stroskom-za-slovenijo-in-eu\/","og_locale":"en_GB","og_type":"article","og_title":"Novi standardi kakovosti zraka: klju\u010den korak k bolj\u0161emu zdravju ter ni\u017ejim stro\u0161kom za Slovenijo in EU - IZO","og_description":"Kljub zmanj\u0161anju emisij onesna\u017eeval v zadnjih dveh desetletjih in posledi\u010dnemu izbolj\u0161anju kakovosti zraka onesna\u017eenost zraka \u0161e vedno ostaja najpomembnej\u0161e okoljsko tveganje za zdravje v Evropski uniji in Sloveniji. \u0160tevilni prebivalci so vsakodnevno izpostavljeni koncentracijam onesna\u017eeval, ki presegajo priporo\u010dila Svetovne zdravstvene organizacije (WHO). V letu 2021 je izpostavljenost drobnim delcem (PM2,5) povzro\u010dila pribli\u017eno 253.000 prezgodnjih smrti, [&hellip;]","og_url":"https:\/\/izo.si\/en\/novi-standardi-kakovosti-zraka-kljucen-korak-k-boljsemu-zdravju-ter-nizjim-stroskom-za-slovenijo-in-eu\/","og_site_name":"IZO","article_published_time":"2024-10-07T12:44:52+00:00","article_modified_time":"2024-10-07T12:44:53+00:00","og_image":[{"width":1500,"height":987,"url":"https:\/\/izo.si\/wp-content\/uploads\/2024\/10\/IZO-naslovna-fotografija-za-clanek.png","type":"image\/png"}],"author":"info@izo.si","twitter_card":"summary_large_image","twitter_misc":{"Written by":"info@izo.si","Estimated reading time":"2 minutes"},"schema":{"@context":"https:\/\/schema.org","@graph":[{"@type":"Article","@id":"https:\/\/izo.si\/novi-standardi-kakovosti-zraka-kljucen-korak-k-boljsemu-zdravju-ter-nizjim-stroskom-za-slovenijo-in-eu\/#article","isPartOf":{"@id":"https:\/\/izo.si\/novi-standardi-kakovosti-zraka-kljucen-korak-k-boljsemu-zdravju-ter-nizjim-stroskom-za-slovenijo-in-eu\/"},"author":{"name":"info@izo.si","@id":"https:\/\/izo.si\/#\/schema\/person\/7c1d308fe359416255fc3003e716015d"},"headline":"Novi standardi kakovosti zraka: klju\u010den korak k bolj\u0161emu zdravju ter ni\u017ejim stro\u0161kom za Slovenijo in EU","datePublished":"2024-10-07T12:44:52+00:00","dateModified":"2024-10-07T12:44:53+00:00","mainEntityOfPage":{"@id":"https:\/\/izo.si\/novi-standardi-kakovosti-zraka-kljucen-korak-k-boljsemu-zdravju-ter-nizjim-stroskom-za-slovenijo-in-eu\/"},"wordCount":396,"publisher":{"@id":"https:\/\/izo.si\/#organization"},"image":{"@id":"https:\/\/izo.si\/novi-standardi-kakovosti-zraka-kljucen-korak-k-boljsemu-zdravju-ter-nizjim-stroskom-za-slovenijo-in-eu\/#primaryimage"},"thumbnailUrl":"https:\/\/izo.si\/wp-content\/uploads\/2024\/10\/IZO-naslovna-fotografija-za-clanek.png","articleSection":["Novice"],"inLanguage":"en-GB"},{"@type":"WebPage","@id":"https:\/\/izo.si\/novi-standardi-kakovosti-zraka-kljucen-korak-k-boljsemu-zdravju-ter-nizjim-stroskom-za-slovenijo-in-eu\/","url":"https:\/\/izo.si\/novi-standardi-kakovosti-zraka-kljucen-korak-k-boljsemu-zdravju-ter-nizjim-stroskom-za-slovenijo-in-eu\/","name":"Novi standardi kakovosti zraka: klju\u010den korak k bolj\u0161emu zdravju ter ni\u017ejim stro\u0161kom za Slovenijo in EU - IZO","isPartOf":{"@id":"https:\/\/izo.si\/#website"},"primaryImageOfPage":{"@id":"https:\/\/izo.si\/novi-standardi-kakovosti-zraka-kljucen-korak-k-boljsemu-zdravju-ter-nizjim-stroskom-za-slovenijo-in-eu\/#primaryimage"},"image":{"@id":"https:\/\/izo.si\/novi-standardi-kakovosti-zraka-kljucen-korak-k-boljsemu-zdravju-ter-nizjim-stroskom-za-slovenijo-in-eu\/#primaryimage"},"thumbnailUrl":"https:\/\/izo.si\/wp-content\/uploads\/2024\/10\/IZO-naslovna-fotografija-za-clanek.png","datePublished":"2024-10-07T12:44:52+00:00","dateModified":"2024-10-07T12:44:53+00:00","breadcrumb":{"@id":"https:\/\/izo.si\/novi-standardi-kakovosti-zraka-kljucen-korak-k-boljsemu-zdravju-ter-nizjim-stroskom-za-slovenijo-in-eu\/#breadcrumb"},"inLanguage":"en-GB","potentialAction":[{"@type":"ReadAction","target":["https:\/\/izo.si\/novi-standardi-kakovosti-zraka-kljucen-korak-k-boljsemu-zdravju-ter-nizjim-stroskom-za-slovenijo-in-eu\/"]}]},{"@type":"ImageObject","inLanguage":"en-GB","@id":"https:\/\/izo.si\/novi-standardi-kakovosti-zraka-kljucen-korak-k-boljsemu-zdravju-ter-nizjim-stroskom-za-slovenijo-in-eu\/#primaryimage","url":"https:\/\/izo.si\/wp-content\/uploads\/2024\/10\/IZO-naslovna-fotografija-za-clanek.png","contentUrl":"https:\/\/izo.si\/wp-content\/uploads\/2024\/10\/IZO-naslovna-fotografija-za-clanek.png","width":1500,"height":987},{"@type":"BreadcrumbList","@id":"https:\/\/izo.si\/novi-standardi-kakovosti-zraka-kljucen-korak-k-boljsemu-zdravju-ter-nizjim-stroskom-za-slovenijo-in-eu\/#breadcrumb","itemListElement":[{"@type":"ListItem","position":1,"name":"Home","item":"https:\/\/izo.si\/"},{"@type":"ListItem","position":2,"name":"Novi standardi kakovosti zraka: klju\u010den korak k bolj\u0161emu zdravju ter ni\u017ejim stro\u0161kom za Slovenijo in EU"}]},{"@type":"WebSite","@id":"https:\/\/izo.si\/#website","url":"https:\/\/izo.si\/","name":"IZO","description":"Institute for Health and Environment","publisher":{"@id":"https:\/\/izo.si\/#organization"},"potentialAction":[{"@type":"SearchAction","target":{"@type":"EntryPoint","urlTemplate":"https:\/\/izo.si\/?s={search_term_string}"},"query-input":{"@type":"PropertyValueSpecification","valueRequired":true,"valueName":"search_term_string"}}],"inLanguage":"en-GB"},{"@type":"Organization","@id":"https:\/\/izo.si\/#organization","name":"IZO","url":"https:\/\/izo.si\/","logo":{"@type":"ImageObject","inLanguage":"en-GB","@id":"https:\/\/izo.si\/#\/schema\/logo\/image\/","url":"https:\/\/izo.si\/wp-content\/uploads\/2021\/01\/izo-logo@2x.png","contentUrl":"https:\/\/izo.si\/wp-content\/uploads\/2021\/01\/izo-logo@2x.png","width":262,"height":139,"caption":"IZO"},"image":{"@id":"https:\/\/izo.si\/#\/schema\/logo\/image\/"}},{"@type":"Person","@id":"https:\/\/izo.si\/#\/schema\/person\/7c1d308fe359416255fc3003e716015d","name":"info@izo.si","image":{"@type":"ImageObject","inLanguage":"en-GB","@id":"https:\/\/izo.si\/#\/schema\/person\/image\/","url":"https:\/\/secure.gravatar.com\/avatar\/6119564cb294b108df0fe93b796cfc2f405adef8ccb4e9788179335543b4f393?s=96&d=mm&r=g","contentUrl":"https:\/\/secure.gravatar.com\/avatar\/6119564cb294b108df0fe93b796cfc2f405adef8ccb4e9788179335543b4f393?s=96&d=mm&r=g","caption":"info@izo.si"},"url":"https:\/\/izo.si\/en\/author\/infoizo-si\/"}]}},"_links":{"self":[{"href":"https:\/\/izo.si\/en\/wp-json\/wp\/v2\/posts\/4719","targetHints":{"allow":["GET"]}}],"collection":[{"href":"https:\/\/izo.si\/en\/wp-json\/wp\/v2\/posts"}],"about":[{"href":"https:\/\/izo.si\/en\/wp-json\/wp\/v2\/types\/post"}],"author":[{"embeddable":true,"href":"https:\/\/izo.si\/en\/wp-json\/wp\/v2\/users\/8"}],"replies":[{"embeddable":true,"href":"https:\/\/izo.si\/en\/wp-json\/wp\/v2\/comments?post=4719"}],"version-history":[{"count":1,"href":"https:\/\/izo.si\/en\/wp-json\/wp\/v2\/posts\/4719\/revisions"}],"predecessor-version":[{"id":4722,"href":"https:\/\/izo.si\/en\/wp-json\/wp\/v2\/posts\/4719\/revisions\/4722"}],"wp:featuredmedia":[{"embeddable":true,"href":"https:\/\/izo.si\/en\/wp-json\/wp\/v2\/media\/4720"}],"wp:attachment":[{"href":"https:\/\/izo.si\/en\/wp-json\/wp\/v2\/media?parent=4719"}],"wp:term":[{"taxonomy":"category","embeddable":true,"href":"https:\/\/izo.si\/en\/wp-json\/wp\/v2\/categories?post=4719"},{"taxonomy":"post_tag","embeddable":true,"href":"https:\/\/izo.si\/en\/wp-json\/wp\/v2\/tags?post=4719"}],"curies":[{"name":"wp","href":"https:\/\/api.w.org\/{rel}","templated":true}]}}