{"id":4665,"date":"2024-08-01T10:51:45","date_gmt":"2024-08-01T08:51:45","guid":{"rendered":"https:\/\/izo.si\/?p=4665"},"modified":"2024-08-01T10:57:04","modified_gmt":"2024-08-01T08:57:04","slug":"szj-ob-svetovnem-dnevu-ekoloskega-dolga-vilice-kot-kljuc-do-bolj-trajnostne-prihodnosti","status":"publish","type":"post","link":"https:\/\/izo.si\/en\/szj-ob-svetovnem-dnevu-ekoloskega-dolga-vilice-kot-kljuc-do-bolj-trajnostne-prihodnosti\/","title":{"rendered":"SZJ ob svetovnem dnevu ekolo\u0161kega dolga: Vilice kot klju\u010d do bolj trajnostne prihodnosti"},"content":{"rendered":"<p><strong>Ljubljana, Slovenija, 1. 8. 2024<\/strong> \u2013 Kot ka\u017eejo najnovej\u0161a poro\u010dila o ekolo\u0161kem odtisu in biokapaciteti, ki jih je pripravila organizacija <strong>Footprint Data Foundation<\/strong> (FDF), bomo letos svetovni dan ekolo\u0161kega dolga obele\u017eili 1. avgusta. To pomeni, da bomo na ta dan porabili vse vire in ekosistemske storitve, ki jih lahko Zemlja obnovi v enem letu, zato bomo do konca leta \u017eiveli na kredo oziroma v t. i. ekolo\u0161kem dolgu. Svetovni dan ekolo\u0161kega dolga nam je v primerjavi z lanskim letom, ko smo ga obele\u017eili 2. avgusta, torej uspelo zamakniti, a \u017eal v napa\u010dno smer.<\/p>\n\n\n\n<p>V zadnjih petih letih se je trend ekolo\u0161kega dolga sicer nekoliko izravnal, kljub temu pa napredek pri zamiku dneva ekolo\u0161kega dolga \u0161e vedno ni dovolj hiter in ambiciozen glede na razse\u017enost izzivov, s katerimi se soo\u010damo. <strong>Debora Barioni, koordinatorka projektov iz organizacije <\/strong><a href=\"https:\/\/www.footprintnetwork.org\/\"><strong>Global Footprint Network<\/strong><\/a>, ki v okviru FDF bdi nad izra\u010duni ekolo\u0161kega odtisa, izpostavlja: \u201c<em>V organizaciji Global Footprint Network verjamemo v potencial \u010dlove\u0161tva, da z usmerjenim delovanjem naredi konec prekomernemu ekolo\u0161kemu odtisu. Dan ekolo\u0161kega dolga za leto 2024 nas kriti\u010dno opominja, da naravne vire uporabljamo 1,7-krat hitreje, kot jih lahko planet obnovi. Z osredoto\u010danjem na inovativne re\u0161itve, povezane z mesti, energijo, hrano, prebivalstvom in planetom, lahko bistveno premaknemo datum. Zavezani smo izvajanju teh sprememb ter zagotavljanju trajnostne prihodnosti, v kateri sta varnost virov in okoljska stabilnost dosegljivi za vse<\/em>.&#8221;<\/p>\n\n\n\n<figure class=\"wp-block-image size-large is-resized\"><img fetchpriority=\"high\" decoding=\"async\" width=\"1024\" height=\"758\" src=\"https:\/\/izo.si\/wp-content\/uploads\/2024\/08\/image-1024x758.png\" alt=\"\" class=\"wp-image-4666\" style=\"width:840px;height:auto\" srcset=\"https:\/\/izo.si\/wp-content\/uploads\/2024\/08\/image-1024x758.png 1024w, https:\/\/izo.si\/wp-content\/uploads\/2024\/08\/image-300x222.png 300w, https:\/\/izo.si\/wp-content\/uploads\/2024\/08\/image-768x569.png 768w, https:\/\/izo.si\/wp-content\/uploads\/2024\/08\/image-1536x1137.png 1536w, https:\/\/izo.si\/wp-content\/uploads\/2024\/08\/image-16x12.png 16w, https:\/\/izo.si\/wp-content\/uploads\/2024\/08\/image.png 2048w\" sizes=\"(max-width: 1024px) 100vw, 1024px\" \/><\/figure>\n\n\n\n<p>Ekolo\u0161ki odtis je merilo vpliva \u010dlove\u0161kih dejavnosti na okolje. Predstavlja koli\u010dino naravnih virov, ki jih porabimo za zadovoljevanje svojih potreb, in koli\u010dino odpadkov, ki jih pri tem ustvarimo. Z drugimi besedami, ekolo\u0161ki odtis vklju\u010duje vse od hrane, ki jo jemo, do energije, ki jo porabimo, in izdelkov, ki jih kupujemo. Kot izpostavlja <strong>dr. Alessandro Galli z in\u0161tituta<\/strong><strong> <\/strong><a href=\"https:\/\/hotorcool.org\/\"><strong>Hot or Cool<\/strong><\/a>, pa so prav \u201c<em>na\u0161e vilice eno naju\u010dinkovitej\u0161ih orodij za prispevanje k bolj zeleni dru\u017ebi. \u010ce bi prepolovili koli\u010dino zavr\u017eene hrane, bi lahko dan ekolo\u0161kega dolga zamaknili kar za 13 dni. Poleg tega je na\u0161 prehranski odtis ve\u010dji, ko u\u017eivamo meso \u2013 zamenjava 50 % globalne porabe mesa z rastlinskimi nadomestki bi zmanj\u0161ala emisije toplogrednih plinov in dan ekolo\u0161kega dolga premaknila za dodatnih 7 dni. Pri in\u0161titutu Hot or Cool verjamemo, da je vklju\u010devanje dr\u017eavljanov v trajnostni prehod klju\u010dno, vendar je treba priznati, da na na\u0161e potro\u0161ni\u0161ke navade mo\u010dno vplivajo socialna in politi\u010dna okolja, v katerih \u017eivimo. Zato zmanj\u0161anje prehranskega odtisa zahteva tako spremembo preferenc posameznikov kot tudi osredoto\u010danje na sistemske spremembe<\/em>.\u201d<\/p>\n\n\n\n<p>Tudi iz tega razloga so pri In\u0161titutu za zdravje in okolje (IZO) lani pri\u010deli z izvajanjem projekta <strong>FoOdyssey<\/strong>, ki je del programa Erasmus+. S projektom si predvsem s pomo\u010djo igrifikacije prizadevajo opolnomo\u010diti u\u010ditelje z naprednimi orodji pri ozave\u0161\u010danju o povezavi med prehranskimi sistemi in podnebnimi spremembami. Kot poudarja <strong>Giulia Lombardo Pijola, strokovnjakinja za trajnost prehranskih sistemov pri organizaciji <\/strong><a href=\"https:\/\/www.areaeuropa.it\/\"><strong>Area Europa<\/strong><\/a>, je \u201c<em>prehrana hkrati povzro\u010ditelj nevzdr\u017enih praks, \u017ertev tovrstnih praks in, kar je najpomembneje, nosi potencial, da postane re\u0161itev. Z raziskovanjem povezave med prehranskimi sistemi in podnebno krizo lahko odkrijemo uporabne vpoglede v to, kako se lahko trajnostno prehranjujemo, medtem ko \u0161\u010ditimo in obnavljamo ekosisteme svojega planeta.\u201d <\/em>Pri projektnem partnerju <a href=\"https:\/\/escape4change.com\/en\/\"><strong>Escape 4 Change<\/strong><\/a> dodajajo, da lahko prav uporaba igrifikacije \u201c<em>pripomore k bolj\u0161emu razumevanju in obvladovanju okoljskih izzivov ter u\u010dencem omogo\u010da, da prakti\u010dno preizkusijo svoje znanje in razvijajo trajnostne re\u0161itve<\/em>.\u201d<\/p>\n\n\n\n<p><strong>Toma\u017e Gorenc, direktor <\/strong><a href=\"https:\/\/izo.si\/en\/\"><strong>In\u0161tituta za zdravje in okolje<\/strong><\/a>, izpostavlja, da \u201c<em>odgovornosti za ukrepanje ne moremo pripisati posamezniku \u2013 potrebni so ukrepi na ravni dru\u017ebe, ki bodo omogo\u010dali in spodbujali trajnostne odlo\u010ditve. Hkrati pa lahko veliko na podro\u010dju trajnosti naredimo sami in z majhnimi spremembami v svojem vsakdanjem \u017eivljenju dose\u017eemo velike rezultate<\/em>.\u201d Za za\u010detek je predvsem pomembno, da poznamo svoj ekolo\u0161ki odtis, kar lahko izra\u010dunamo s <a href=\"https:\/\/izo.si\/en\/izracunaj-ekoloski-odtis\/\">ecological footprint calculator<\/a>, ki ga je IZO prilagodil za Slovenijo. Ta kalkulator je bil uporabljen tudi v drugih dr\u017eavah, kot je Romunija, kjer so ga v okviru projekta <strong>EcoFootprint<\/strong> prevedli v romun\u0161\u010dino in prilagodili njihovim razmeram. S tem orodjem lahko vsak posameznik pridobi vpogled v svoje delovanje in vpliv, ki ga ima na okolje, ter tako sprejema bolj trajnostne odlo\u010ditve.<\/p>\n\n\n\n<p><strong>Da bi olaj\u0161ali vklju\u010devanje trajnostnih praks v vsakdanje \u017eivljenje, pa so pri IZO ob leto\u0161njem dnevu ekolo\u0161kega dolga pripravili poseben planer.<\/strong> Ta poleg obi\u010dajnih funkcij vklju\u010duje nasvete za bolj trajnostno \u017eivljenje ter posameznikom omogo\u010da enostavno uvajanje sprememb in spremljanje napredka pri spreminjanju svojih navad. Ob zaklju\u010dku ozave\u0161\u010devalne kampanje, ki ta teden poteka na njihovih dru\u017ebenih omre\u017ejih, bodo pri IZO tri planerje tudi podarili. \u010ce \u017eelite tudi sami stopiti na pot usvajanja trajnostnih navad, vabljeni k sodelovanju v nagradni igri, ki jo od jutri naprej najdete na njihovem <a href=\"https:\/\/www.instagram.com\/izo_institute\/\">profilu na Instagramu<\/a>, mo\u017eno pa je tudi <a href=\"https:\/\/izo.si\/donacije\/\">neposredno naro\u010dilo z opravljeno donacijo<\/a>.<\/p>\n\n\n\n<p><strong>Kontakt:<\/strong><\/p>\n\n\n\n<p>Toma\u017e Gorenc, In\u0161titut za zdravje in okolje, tomaz.gorenc@izo.si, +386 40 493 460<\/p>","protected":false},"excerpt":{"rendered":"<p>Ljubljana, Slovenija, 1. 8. 2024 \u2013 Kot ka\u017eejo najnovej\u0161a poro\u010dila o ekolo\u0161kem odtisu in biokapaciteti, ki jih je pripravila organizacija Footprint Data Foundation (FDF), bomo letos svetovni dan ekolo\u0161kega dolga obele\u017eili 1. avgusta. To pomeni, da bomo na ta dan porabili vse vire in ekosistemske storitve, ki jih lahko Zemlja obnovi v enem letu, zato [&hellip;]<\/p>","protected":false},"author":8,"featured_media":4670,"comment_status":"closed","ping_status":"closed","sticky":false,"template":"","format":"standard","meta":{"_monsterinsights_skip_tracking":false,"_monsterinsights_sitenote_active":false,"_monsterinsights_sitenote_note":"","_monsterinsights_sitenote_category":0,"_uf_show_specific_survey":0,"_uf_disable_surveys":false,"footnotes":""},"categories":[7],"tags":[],"class_list":["post-4665","post","type-post","status-publish","format-standard","has-post-thumbnail","hentry","category-novice"],"aioseo_notices":[],"yoast_head":"<!-- This site is optimized with the Yoast SEO plugin v24.5 - https:\/\/yoast.com\/wordpress\/plugins\/seo\/ -->\n<title>SZJ ob svetovnem dnevu ekolo\u0161kega dolga: Vilice kot klju\u010d do bolj trajnostne prihodnosti - IZO<\/title>\n<meta name=\"robots\" content=\"index, follow, max-snippet:-1, max-image-preview:large, max-video-preview:-1\" \/>\n<link rel=\"canonical\" href=\"https:\/\/izo.si\/en\/szj-ob-svetovnem-dnevu-ekoloskega-dolga-vilice-kot-kljuc-do-bolj-trajnostne-prihodnosti\/\" \/>\n<meta property=\"og:locale\" content=\"en_GB\" \/>\n<meta property=\"og:type\" content=\"article\" \/>\n<meta property=\"og:title\" content=\"SZJ ob svetovnem dnevu ekolo\u0161kega dolga: Vilice kot klju\u010d do bolj trajnostne prihodnosti - IZO\" \/>\n<meta property=\"og:description\" content=\"Ljubljana, Slovenija, 1. 8. 2024 \u2013 Kot ka\u017eejo najnovej\u0161a poro\u010dila o ekolo\u0161kem odtisu in biokapaciteti, ki jih je pripravila organizacija Footprint Data Foundation (FDF), bomo letos svetovni dan ekolo\u0161kega dolga obele\u017eili 1. avgusta. To pomeni, da bomo na ta dan porabili vse vire in ekosistemske storitve, ki jih lahko Zemlja obnovi v enem letu, zato [&hellip;]\" \/>\n<meta property=\"og:url\" content=\"https:\/\/izo.si\/en\/szj-ob-svetovnem-dnevu-ekoloskega-dolga-vilice-kot-kljuc-do-bolj-trajnostne-prihodnosti\/\" \/>\n<meta property=\"og:site_name\" content=\"IZO\" \/>\n<meta property=\"article:published_time\" content=\"2024-08-01T08:51:45+00:00\" \/>\n<meta property=\"article:modified_time\" content=\"2024-08-01T08:57:04+00:00\" \/>\n<meta property=\"og:image\" content=\"https:\/\/izo.si\/wp-content\/uploads\/2024\/08\/dan-prijateljstva-opcija-1-1-1024x1024.png\" \/>\n\t<meta property=\"og:image:width\" content=\"1024\" \/>\n\t<meta property=\"og:image:height\" content=\"1024\" \/>\n\t<meta property=\"og:image:type\" content=\"image\/png\" \/>\n<meta name=\"author\" content=\"info@izo.si\" \/>\n<meta name=\"twitter:card\" content=\"summary_large_image\" \/>\n<meta name=\"twitter:label1\" content=\"Written by\" \/>\n\t<meta name=\"twitter:data1\" content=\"info@izo.si\" \/>\n\t<meta name=\"twitter:label2\" content=\"Estimated reading time\" \/>\n\t<meta name=\"twitter:data2\" content=\"4 minutes\" \/>\n<script type=\"application\/ld+json\" class=\"yoast-schema-graph\">{\"@context\":\"https:\/\/schema.org\",\"@graph\":[{\"@type\":\"Article\",\"@id\":\"https:\/\/izo.si\/szj-ob-svetovnem-dnevu-ekoloskega-dolga-vilice-kot-kljuc-do-bolj-trajnostne-prihodnosti\/#article\",\"isPartOf\":{\"@id\":\"https:\/\/izo.si\/szj-ob-svetovnem-dnevu-ekoloskega-dolga-vilice-kot-kljuc-do-bolj-trajnostne-prihodnosti\/\"},\"author\":{\"name\":\"info@izo.si\",\"@id\":\"https:\/\/izo.si\/#\/schema\/person\/7c1d308fe359416255fc3003e716015d\"},\"headline\":\"SZJ ob svetovnem dnevu ekolo\u0161kega dolga: Vilice kot klju\u010d do bolj trajnostne prihodnosti\",\"datePublished\":\"2024-08-01T08:51:45+00:00\",\"dateModified\":\"2024-08-01T08:57:04+00:00\",\"mainEntityOfPage\":{\"@id\":\"https:\/\/izo.si\/szj-ob-svetovnem-dnevu-ekoloskega-dolga-vilice-kot-kljuc-do-bolj-trajnostne-prihodnosti\/\"},\"wordCount\":860,\"publisher\":{\"@id\":\"https:\/\/izo.si\/#organization\"},\"image\":{\"@id\":\"https:\/\/izo.si\/szj-ob-svetovnem-dnevu-ekoloskega-dolga-vilice-kot-kljuc-do-bolj-trajnostne-prihodnosti\/#primaryimage\"},\"thumbnailUrl\":\"https:\/\/izo.si\/wp-content\/uploads\/2024\/08\/dan-prijateljstva-opcija-1-1.png\",\"articleSection\":[\"Novice\"],\"inLanguage\":\"en-GB\"},{\"@type\":\"WebPage\",\"@id\":\"https:\/\/izo.si\/szj-ob-svetovnem-dnevu-ekoloskega-dolga-vilice-kot-kljuc-do-bolj-trajnostne-prihodnosti\/\",\"url\":\"https:\/\/izo.si\/szj-ob-svetovnem-dnevu-ekoloskega-dolga-vilice-kot-kljuc-do-bolj-trajnostne-prihodnosti\/\",\"name\":\"SZJ ob svetovnem dnevu ekolo\u0161kega dolga: Vilice kot klju\u010d do bolj trajnostne prihodnosti - IZO\",\"isPartOf\":{\"@id\":\"https:\/\/izo.si\/#website\"},\"primaryImageOfPage\":{\"@id\":\"https:\/\/izo.si\/szj-ob-svetovnem-dnevu-ekoloskega-dolga-vilice-kot-kljuc-do-bolj-trajnostne-prihodnosti\/#primaryimage\"},\"image\":{\"@id\":\"https:\/\/izo.si\/szj-ob-svetovnem-dnevu-ekoloskega-dolga-vilice-kot-kljuc-do-bolj-trajnostne-prihodnosti\/#primaryimage\"},\"thumbnailUrl\":\"https:\/\/izo.si\/wp-content\/uploads\/2024\/08\/dan-prijateljstva-opcija-1-1.png\",\"datePublished\":\"2024-08-01T08:51:45+00:00\",\"dateModified\":\"2024-08-01T08:57:04+00:00\",\"breadcrumb\":{\"@id\":\"https:\/\/izo.si\/szj-ob-svetovnem-dnevu-ekoloskega-dolga-vilice-kot-kljuc-do-bolj-trajnostne-prihodnosti\/#breadcrumb\"},\"inLanguage\":\"en-GB\",\"potentialAction\":[{\"@type\":\"ReadAction\",\"target\":[\"https:\/\/izo.si\/szj-ob-svetovnem-dnevu-ekoloskega-dolga-vilice-kot-kljuc-do-bolj-trajnostne-prihodnosti\/\"]}]},{\"@type\":\"ImageObject\",\"inLanguage\":\"en-GB\",\"@id\":\"https:\/\/izo.si\/szj-ob-svetovnem-dnevu-ekoloskega-dolga-vilice-kot-kljuc-do-bolj-trajnostne-prihodnosti\/#primaryimage\",\"url\":\"https:\/\/izo.si\/wp-content\/uploads\/2024\/08\/dan-prijateljstva-opcija-1-1.png\",\"contentUrl\":\"https:\/\/izo.si\/wp-content\/uploads\/2024\/08\/dan-prijateljstva-opcija-1-1.png\",\"width\":1080,\"height\":1080},{\"@type\":\"BreadcrumbList\",\"@id\":\"https:\/\/izo.si\/szj-ob-svetovnem-dnevu-ekoloskega-dolga-vilice-kot-kljuc-do-bolj-trajnostne-prihodnosti\/#breadcrumb\",\"itemListElement\":[{\"@type\":\"ListItem\",\"position\":1,\"name\":\"Home\",\"item\":\"https:\/\/izo.si\/\"},{\"@type\":\"ListItem\",\"position\":2,\"name\":\"SZJ ob svetovnem dnevu ekolo\u0161kega dolga: Vilice kot klju\u010d do bolj trajnostne prihodnosti\"}]},{\"@type\":\"WebSite\",\"@id\":\"https:\/\/izo.si\/#website\",\"url\":\"https:\/\/izo.si\/\",\"name\":\"IZO\",\"description\":\"In\u0161titut za zdravje in okolje\",\"publisher\":{\"@id\":\"https:\/\/izo.si\/#organization\"},\"potentialAction\":[{\"@type\":\"SearchAction\",\"target\":{\"@type\":\"EntryPoint\",\"urlTemplate\":\"https:\/\/izo.si\/?s={search_term_string}\"},\"query-input\":{\"@type\":\"PropertyValueSpecification\",\"valueRequired\":true,\"valueName\":\"search_term_string\"}}],\"inLanguage\":\"en-GB\"},{\"@type\":\"Organization\",\"@id\":\"https:\/\/izo.si\/#organization\",\"name\":\"IZO\",\"url\":\"https:\/\/izo.si\/\",\"logo\":{\"@type\":\"ImageObject\",\"inLanguage\":\"en-GB\",\"@id\":\"https:\/\/izo.si\/#\/schema\/logo\/image\/\",\"url\":\"https:\/\/izo.si\/wp-content\/uploads\/2021\/01\/izo-logo@2x.png\",\"contentUrl\":\"https:\/\/izo.si\/wp-content\/uploads\/2021\/01\/izo-logo@2x.png\",\"width\":262,\"height\":139,\"caption\":\"IZO\"},\"image\":{\"@id\":\"https:\/\/izo.si\/#\/schema\/logo\/image\/\"}},{\"@type\":\"Person\",\"@id\":\"https:\/\/izo.si\/#\/schema\/person\/7c1d308fe359416255fc3003e716015d\",\"name\":\"info@izo.si\",\"image\":{\"@type\":\"ImageObject\",\"inLanguage\":\"en-GB\",\"@id\":\"https:\/\/izo.si\/#\/schema\/person\/image\/\",\"url\":\"https:\/\/secure.gravatar.com\/avatar\/6119564cb294b108df0fe93b796cfc2f405adef8ccb4e9788179335543b4f393?s=96&d=mm&r=g\",\"contentUrl\":\"https:\/\/secure.gravatar.com\/avatar\/6119564cb294b108df0fe93b796cfc2f405adef8ccb4e9788179335543b4f393?s=96&d=mm&r=g\",\"caption\":\"info@izo.si\"},\"url\":\"https:\/\/izo.si\/en\/author\/infoizo-si\/\"}]}<\/script>\n<!-- \/ Yoast SEO plugin. -->","yoast_head_json":{"title":"SZJ ob svetovnem dnevu ekolo\u0161kega dolga: Vilice kot klju\u010d do bolj trajnostne prihodnosti - IZO","robots":{"index":"index","follow":"follow","max-snippet":"max-snippet:-1","max-image-preview":"max-image-preview:large","max-video-preview":"max-video-preview:-1"},"canonical":"https:\/\/izo.si\/en\/szj-ob-svetovnem-dnevu-ekoloskega-dolga-vilice-kot-kljuc-do-bolj-trajnostne-prihodnosti\/","og_locale":"en_GB","og_type":"article","og_title":"SZJ ob svetovnem dnevu ekolo\u0161kega dolga: Vilice kot klju\u010d do bolj trajnostne prihodnosti - IZO","og_description":"Ljubljana, Slovenija, 1. 8. 2024 \u2013 Kot ka\u017eejo najnovej\u0161a poro\u010dila o ekolo\u0161kem odtisu in biokapaciteti, ki jih je pripravila organizacija Footprint Data Foundation (FDF), bomo letos svetovni dan ekolo\u0161kega dolga obele\u017eili 1. avgusta. To pomeni, da bomo na ta dan porabili vse vire in ekosistemske storitve, ki jih lahko Zemlja obnovi v enem letu, zato [&hellip;]","og_url":"https:\/\/izo.si\/en\/szj-ob-svetovnem-dnevu-ekoloskega-dolga-vilice-kot-kljuc-do-bolj-trajnostne-prihodnosti\/","og_site_name":"IZO","article_published_time":"2024-08-01T08:51:45+00:00","article_modified_time":"2024-08-01T08:57:04+00:00","og_image":[{"width":1024,"height":1024,"url":"https:\/\/izo.si\/wp-content\/uploads\/2024\/08\/dan-prijateljstva-opcija-1-1-1024x1024.png","type":"image\/png"}],"author":"info@izo.si","twitter_card":"summary_large_image","twitter_misc":{"Written by":"info@izo.si","Estimated reading time":"4 minutes"},"schema":{"@context":"https:\/\/schema.org","@graph":[{"@type":"Article","@id":"https:\/\/izo.si\/szj-ob-svetovnem-dnevu-ekoloskega-dolga-vilice-kot-kljuc-do-bolj-trajnostne-prihodnosti\/#article","isPartOf":{"@id":"https:\/\/izo.si\/szj-ob-svetovnem-dnevu-ekoloskega-dolga-vilice-kot-kljuc-do-bolj-trajnostne-prihodnosti\/"},"author":{"name":"info@izo.si","@id":"https:\/\/izo.si\/#\/schema\/person\/7c1d308fe359416255fc3003e716015d"},"headline":"SZJ ob svetovnem dnevu ekolo\u0161kega dolga: Vilice kot klju\u010d do bolj trajnostne prihodnosti","datePublished":"2024-08-01T08:51:45+00:00","dateModified":"2024-08-01T08:57:04+00:00","mainEntityOfPage":{"@id":"https:\/\/izo.si\/szj-ob-svetovnem-dnevu-ekoloskega-dolga-vilice-kot-kljuc-do-bolj-trajnostne-prihodnosti\/"},"wordCount":860,"publisher":{"@id":"https:\/\/izo.si\/#organization"},"image":{"@id":"https:\/\/izo.si\/szj-ob-svetovnem-dnevu-ekoloskega-dolga-vilice-kot-kljuc-do-bolj-trajnostne-prihodnosti\/#primaryimage"},"thumbnailUrl":"https:\/\/izo.si\/wp-content\/uploads\/2024\/08\/dan-prijateljstva-opcija-1-1.png","articleSection":["Novice"],"inLanguage":"en-GB"},{"@type":"WebPage","@id":"https:\/\/izo.si\/szj-ob-svetovnem-dnevu-ekoloskega-dolga-vilice-kot-kljuc-do-bolj-trajnostne-prihodnosti\/","url":"https:\/\/izo.si\/szj-ob-svetovnem-dnevu-ekoloskega-dolga-vilice-kot-kljuc-do-bolj-trajnostne-prihodnosti\/","name":"SZJ ob svetovnem dnevu ekolo\u0161kega dolga: Vilice kot klju\u010d do bolj trajnostne prihodnosti - IZO","isPartOf":{"@id":"https:\/\/izo.si\/#website"},"primaryImageOfPage":{"@id":"https:\/\/izo.si\/szj-ob-svetovnem-dnevu-ekoloskega-dolga-vilice-kot-kljuc-do-bolj-trajnostne-prihodnosti\/#primaryimage"},"image":{"@id":"https:\/\/izo.si\/szj-ob-svetovnem-dnevu-ekoloskega-dolga-vilice-kot-kljuc-do-bolj-trajnostne-prihodnosti\/#primaryimage"},"thumbnailUrl":"https:\/\/izo.si\/wp-content\/uploads\/2024\/08\/dan-prijateljstva-opcija-1-1.png","datePublished":"2024-08-01T08:51:45+00:00","dateModified":"2024-08-01T08:57:04+00:00","breadcrumb":{"@id":"https:\/\/izo.si\/szj-ob-svetovnem-dnevu-ekoloskega-dolga-vilice-kot-kljuc-do-bolj-trajnostne-prihodnosti\/#breadcrumb"},"inLanguage":"en-GB","potentialAction":[{"@type":"ReadAction","target":["https:\/\/izo.si\/szj-ob-svetovnem-dnevu-ekoloskega-dolga-vilice-kot-kljuc-do-bolj-trajnostne-prihodnosti\/"]}]},{"@type":"ImageObject","inLanguage":"en-GB","@id":"https:\/\/izo.si\/szj-ob-svetovnem-dnevu-ekoloskega-dolga-vilice-kot-kljuc-do-bolj-trajnostne-prihodnosti\/#primaryimage","url":"https:\/\/izo.si\/wp-content\/uploads\/2024\/08\/dan-prijateljstva-opcija-1-1.png","contentUrl":"https:\/\/izo.si\/wp-content\/uploads\/2024\/08\/dan-prijateljstva-opcija-1-1.png","width":1080,"height":1080},{"@type":"BreadcrumbList","@id":"https:\/\/izo.si\/szj-ob-svetovnem-dnevu-ekoloskega-dolga-vilice-kot-kljuc-do-bolj-trajnostne-prihodnosti\/#breadcrumb","itemListElement":[{"@type":"ListItem","position":1,"name":"Home","item":"https:\/\/izo.si\/"},{"@type":"ListItem","position":2,"name":"SZJ ob svetovnem dnevu ekolo\u0161kega dolga: Vilice kot klju\u010d do bolj trajnostne prihodnosti"}]},{"@type":"WebSite","@id":"https:\/\/izo.si\/#website","url":"https:\/\/izo.si\/","name":"IZO","description":"Institute for Health and Environment","publisher":{"@id":"https:\/\/izo.si\/#organization"},"potentialAction":[{"@type":"SearchAction","target":{"@type":"EntryPoint","urlTemplate":"https:\/\/izo.si\/?s={search_term_string}"},"query-input":{"@type":"PropertyValueSpecification","valueRequired":true,"valueName":"search_term_string"}}],"inLanguage":"en-GB"},{"@type":"Organization","@id":"https:\/\/izo.si\/#organization","name":"IZO","url":"https:\/\/izo.si\/","logo":{"@type":"ImageObject","inLanguage":"en-GB","@id":"https:\/\/izo.si\/#\/schema\/logo\/image\/","url":"https:\/\/izo.si\/wp-content\/uploads\/2021\/01\/izo-logo@2x.png","contentUrl":"https:\/\/izo.si\/wp-content\/uploads\/2021\/01\/izo-logo@2x.png","width":262,"height":139,"caption":"IZO"},"image":{"@id":"https:\/\/izo.si\/#\/schema\/logo\/image\/"}},{"@type":"Person","@id":"https:\/\/izo.si\/#\/schema\/person\/7c1d308fe359416255fc3003e716015d","name":"info@izo.si","image":{"@type":"ImageObject","inLanguage":"en-GB","@id":"https:\/\/izo.si\/#\/schema\/person\/image\/","url":"https:\/\/secure.gravatar.com\/avatar\/6119564cb294b108df0fe93b796cfc2f405adef8ccb4e9788179335543b4f393?s=96&d=mm&r=g","contentUrl":"https:\/\/secure.gravatar.com\/avatar\/6119564cb294b108df0fe93b796cfc2f405adef8ccb4e9788179335543b4f393?s=96&d=mm&r=g","caption":"info@izo.si"},"url":"https:\/\/izo.si\/en\/author\/infoizo-si\/"}]}},"_links":{"self":[{"href":"https:\/\/izo.si\/en\/wp-json\/wp\/v2\/posts\/4665","targetHints":{"allow":["GET"]}}],"collection":[{"href":"https:\/\/izo.si\/en\/wp-json\/wp\/v2\/posts"}],"about":[{"href":"https:\/\/izo.si\/en\/wp-json\/wp\/v2\/types\/post"}],"author":[{"embeddable":true,"href":"https:\/\/izo.si\/en\/wp-json\/wp\/v2\/users\/8"}],"replies":[{"embeddable":true,"href":"https:\/\/izo.si\/en\/wp-json\/wp\/v2\/comments?post=4665"}],"version-history":[{"count":2,"href":"https:\/\/izo.si\/en\/wp-json\/wp\/v2\/posts\/4665\/revisions"}],"predecessor-version":[{"id":4671,"href":"https:\/\/izo.si\/en\/wp-json\/wp\/v2\/posts\/4665\/revisions\/4671"}],"wp:featuredmedia":[{"embeddable":true,"href":"https:\/\/izo.si\/en\/wp-json\/wp\/v2\/media\/4670"}],"wp:attachment":[{"href":"https:\/\/izo.si\/en\/wp-json\/wp\/v2\/media?parent=4665"}],"wp:term":[{"taxonomy":"category","embeddable":true,"href":"https:\/\/izo.si\/en\/wp-json\/wp\/v2\/categories?post=4665"},{"taxonomy":"post_tag","embeddable":true,"href":"https:\/\/izo.si\/en\/wp-json\/wp\/v2\/tags?post=4665"}],"curies":[{"name":"wp","href":"https:\/\/api.w.org\/{rel}","templated":true}]}}