{"id":4560,"date":"2024-04-22T13:29:21","date_gmt":"2024-04-22T11:29:21","guid":{"rendered":"https:\/\/izo.si\/?p=4560"},"modified":"2024-04-22T13:33:29","modified_gmt":"2024-04-22T11:33:29","slug":"slovenski-dan-ekoloskega-dolga-letos-po-dnevu-zemlje","status":"publish","type":"post","link":"https:\/\/izo.si\/en\/slovenski-dan-ekoloskega-dolga-letos-po-dnevu-zemlje\/","title":{"rendered":"Slovenski dan ekolo\u0161kega dolga letos po dnevu Zemlje"},"content":{"rendered":"<p><strong>Ljubljana, Slovenija, 22. 4. 2024<\/strong> \u2013 Danes praznujemo dan Zemlje, ko pozornost in misli \u0161e bolj kot po navadi usmerimo k na\u0161emu planetu. Ob tem dnevu pogosto razmi\u0161ljamo tudi o njegovem zdravju, saj se zavedamo, da je zdravje na\u0161ega planeta tesno povezano z na\u0161im lastnim dobrim po\u010dutjem. Prekomerna izraba naravnih virov, onesna\u017eevanje zraka in vode ter izguba biotske raznovrstnosti lahko namre\u010d negativno vplivajo na kakovost \u017eivljenja. Dolgoro\u010dna izpostavljenost onesna\u017eenemu zraku je povezana z ve\u010djim tveganjem za razli\u010dne zdravstvene te\u017eave, vklju\u010dno z respiratornimi oku\u017ebami, sr\u010dno-\u017eilnimi boleznimi in rakom. Poleg tega pa lahko onesna\u017een zrak negativno vpliva tudi na ekosistem, saj povzro\u010da \u0161kodo na vodnih in zemeljskih ekosistemih ter ogro\u017ea raznovrstnost \u017eivljenja.<a href=\"#_ftn1\" id=\"_ftnref1\"><sup>[1]<\/sup><\/a> Osredoto\u010danje na trajnostno upravljanje vseh naravnih virov, zmanj\u0161anje izpustov onesna\u017eeval ter ohranjanje biotske raznovrstnosti predstavljajo klju\u010dne dejavnike za zagotavljanje zdravega okolja in zdravja ljudi.<\/p>\n\n\n\n<p>Dan Zemlje je v Sloveniji \u017ee nekaj \u010dasa neposredno povezan tudi z dnevom ekolo\u0161kega dolga za Slovenijo. To je datum, ki ozna\u010duje trenutek, ko smo Slovenci \u017ee porabili vse vire in ekosistemske storitve, ki jih lahko Zemlja obnovi v enem letu. Dan ekolo\u0161kega dolga bo letos nastopil po dnevu Zemlje, saj ga bomo obele\u017eili 25. aprila, en teden kasneje kot lani. \u0160e vedno pa se na koledarju znajde mnogo prezgodaj, saj bomo Slovenci ve\u010d kot osem mesecev do konca leta \u017eiveli v t. i. ekolo\u0161kem dolgu.<\/p>\n\n\n\n<p>Po podatkih organizacije <strong>Global Footprint Network <\/strong>ekolo\u0161ki odtis Slovenca zna\u0161a 5,37 gha, medtem ko Zemlja razpolaga le z 12,2 milijarde hektarjev produktivnih povr\u0161in, kot so travniki, pa\u0161niki, obdelovalne povr\u0161ine in ribolovna obmo\u010dja. \u010ce bi vsi na svetu \u017eiveli kot Slovenci, bi za zadovoljevanje na\u0161ih potreb po naravnih virih potrebovali 3,4 Zemlje. Ekolo\u0161ki dolg opozarja, da na\u0161a dejanja presegajo zmogljivosti na\u0161ega planeta, in poudarja potrebo po trajnostnih re\u0161itvah, ki bodo naravne vire ohranjale za prihodnje generacije.<\/p>\n\n\n\n<p><strong>Toma\u017e Gorenc, direktor In\u0161tituta za zdravje in okolje<\/strong>, izpostavlja: <em>\u00bbKo obele\u017eujemo dan Zemlje in dan ekolo\u0161kega dolga Slovenije, nas bli\u017eina teh dveh datumov v koledarju poziva k premisleku o njunem pomenu. Dan Zemlje praznuje naravno bogastvo na\u0161ega planeta, medtem ko nas dan ekolo\u0161kega dolga opominja, da na\u0161e potrebe presegajo Zemljine regenerativne zmogljivosti. Ta protislovja so jasen znak, da so nujni takoj\u0161nji ukrepi za zmanj\u0161anje na\u0161ega ekolo\u0161kega odtisa. Navajeni smo, da sta si oba datuma koledarsko blizu, kar nas dodatno spodbuja k razmisleku o vplivu, ki ga imamo na planet. <\/em><em>Na dana\u0161nji dan vsakega posameznika, \u0161ole, vladne ustanove in podjetja pozivamo, da aktivno prispevajo k trajnostnemu razvoju in varovanju na\u0161ega planeta. <\/em><em>Samo z zdru\u017eenimi mo\u010dmi in odlo\u010dnimi koraki lahko dose\u017eemo zastavljene cilje in se u\u010dinkovito spopademo s posledicami podnebnih sprememb<\/em><em>.<\/em><em>\u00ab<\/em><\/p>\n\n\n\n<p>Pri In\u0161titutu za zdravje in okolje smo prej\u0161nji teden ob svetovnem dnevu Zemlje in dnevu ekolo\u0161kega dolga za Slovenijo za\u010deli z ozave\u0161\u010devalno kampanjo na dru\u017ebenih omre\u017ejih. V okviru kampanje bomo z razli\u010dnimi govorci, med katerimi so <strong>ministrica za zdravje dr. Valentina Prevolnik Rupel<\/strong>, <strong>generalni direktor Direktorata za podnebne politike na Ministrstvu za okolje, podnebje in energijo RS Andrej Gnezda,<\/strong> zmagovalci programa <a href=\"https:\/\/slovenia.socialimpactaward.net\/\"><strong>Social Impact Award Slovenia<\/strong><\/a> in drugi, izpostavili nekaj glavnih dejavnikov, ki vplivajo na na\u0161 ekolo\u0161ki odtis, kot so prehrana, potro\u0161nja, mobilnost in energija. <strong>Andrej Gnezda <\/strong>je ob tej prilo\u017enosti izpostavil, da \u00bb<em>sta v Sloveniji sektorja, ki sta odgovorna za najve\u010dje koli\u010dine toplogrednih plinov, energetika in promet oziroma mobilnost. Pri slednji emisije toplogrednih plinov medletno mo\u010dno nihajo, v sektorju energetike pa sta predvsem pomembna razvoj obnovljivih virov energije in njihova u\u010dinkovita raba. Ministrstvo je pripravilo nekaj zakonodajnih predlogov in tudi sprejelo spremembe zakonodaje, ki spodbujajo potrebno smer razvoja, hkrati pa prek sistema subvencij spodbujamo nalo\u017ebe, bodisi v energetsko sanacijo stavb bodisi monta\u017eo son\u010dnih elektrarn in druge nalo\u017ebe.\u00ab<\/em><\/p>\n\n\n\n<p>S tem se strinja tudi <strong>Toma\u017e Gorenc<\/strong>, ki je dodal: <em>\u00bb<\/em><em>Potrebujemo obse\u017ene, medsektorske ukrepe, ki bodo pove\u010dali u\u010dinkovitost uporabe virov, zlasti v mobilnosti in energetiki. Prav tako je klju\u010dnega pomena spodbujanje trajnostnih inovacij in preoblikovanje na\u0161ega gospodarstva v kro\u017eno gospodarstvo, ki spo\u0161tuje naravne omejitve planeta. <\/em><em>Ker pa se zavedamo, da so pri tem pomembni tudi vsi posamezniki v Sloveniji, smo na In\u0161titutu za zdravje in okolje ponosni na slovenski <\/em><a href=\"https:\/\/izo.si\/en\/izracunaj-ekoloski-odtis\/\"><em>kalkulator za izra\u010dun osebnega ekolo\u0161kega odtisa<\/em><\/a><em>, s katerim lahko vsak na enostaven na\u010din preveri, kako njegova dejanja vplivajo na okolje. Orodje ima pomembno vlogo tudi v formalnem in neformalnem izobra\u017eevanju v Sloveniji.<\/em>\u00ab<em><\/em><\/p>\n\n\n\n<p>Z u\u010diteljico <strong>Nino Jelen <\/strong>z Osnovne \u0161ole Ivana Skvar\u010de smo v okviru kampanje spregovorili o pomembnosti prena\u0161anja informacij o okolju in skrbi zanj na otroke. Ravno s tem se ukvarja tudi na\u0161 projekt <strong>EcoFootprint<\/strong>, pri katerem smo s partnerji kalkulator ekolo\u0161kega odtisa \u0161e nadgradili in ga ponudili uporabnikom v Romuniji. Projekt obsega \u0161tevilne dejavnosti, ki so usmerjene v izbolj\u0161anje okoljskega izobra\u017eevanja in ozave\u0161\u010denosti klju\u010dnih dele\u017enikov. To vklju\u010duje prilagoditev kalkulatorja ekolo\u0161kega odtisa za Romunijo, zbiranje povratnih informacij o u\u010dinkovitosti izobra\u017eevanj, spletno predstavitev projekta na straneh partnerjev ter izpopolnjevanje gradiv za usposabljanje o ekolo\u0161kem odtisu. Poleg tega se pripravlja spletna razli\u010dica gradiv za \u0161ir\u0161i dostop. V skladu s projektom poteka tudi usposabljanje za u\u010ditelje, tako v spletni kot klasi\u010dni obliki, v skupnem trajanju 100 ur, v katerem sodeluje 60 udele\u017eencev. Slovenski u\u010ditelji bodo dele\u017eni ciljno usmerjenih raz\u0161irjevalnih prizadevanj, zlasti prek dru\u017ebenih omre\u017eij in sodelovanja s strokovnjaki s podro\u010dja geografije.<\/p>\n\n\n\n<p>Zavedanje o okoljskih vpra\u0161anjih postaja vse pomembnej\u0161e, saj so na\u0161i vsakodnevni koraki klju\u010dni za ustvarjanje trajnostne prihodnosti. \u010ceprav se zdi, da so izzivi veliki, so re\u0161itve lahko preproste in dosegljive za vsakogar od nas. Z majhnimi spremembami v svojem vsakdanjem \u017eivljenju lahko dose\u017eemo velike rezultate. Zato je klju\u010dno, da se zavedamo svojega ekolo\u0161kega odtisa in se trudimo zmanj\u0161ati svoj vpliv na okolje. Vsaka odlo\u010ditev, ki jo sprejmemo, vsak nakup, ki ga opravimo, in vsaka navada, ki jo spremenimo, lahko prispeva k bolj zdravemu planetu za nas in za prihodnje generacije.<\/p>\n\n\n\n<p>Vabljeni k spremljanju in deljenju na\u0161ih objav v okviru kampanje, s katerimi bomo nadaljevali vse do konca meseca: <a href=\"https:\/\/www.instagram.com\/izo_institute\/\">https:\/\/www.instagram.com\/izo_institute\/<\/a>.<\/p>\n\n\n\n<p><strong>Kontakt:<\/strong><\/p>\n\n\n\n<p>Toma\u017e Gorenc, In\u0161titut za zdravje in okolje, tomaz.gorenc@izo.si, +386 40 493 460<\/p>\n\n\n\n<hr class=\"wp-block-separator has-alpha-channel-opacity\"\/>\n\n\n\n<p><a href=\"#_ftnref1\" id=\"_ftn1\"><sup>[1]<\/sup><\/a><a href=\"https:\/\/cdn.who.int\/media\/docs\/default-source\/air-pollution-documents\/air-quality-and-health\/aqh_strategy_layout_v14_spreads.pdf?sfvrsn=918db48f_6&amp;download=true\"> <\/a><a href=\"https:\/\/cdn.who.int\/media\/docs\/default-source\/air-pollution-documents\/air-quality-and-health\/aqh_strategy_layout_v14_spreads.pdf?sfvrsn=918db48f_6&amp;download=true\">&#8220;Clean air and energy access for healthier populations and universal health coverage.&#8221; WHO Strategic Approach for Air Quality, Energy Access and Health, DRAFT \u2013 April 2023.<\/a><\/p>","protected":false},"excerpt":{"rendered":"<p>Ljubljana, Slovenija, 22. 4. 2024 \u2013 Danes praznujemo dan Zemlje, ko pozornost in misli \u0161e bolj kot po navadi usmerimo k na\u0161emu planetu. Ob tem dnevu pogosto razmi\u0161ljamo tudi o njegovem zdravju, saj se zavedamo, da je zdravje na\u0161ega planeta tesno povezano z na\u0161im lastnim dobrim po\u010dutjem. Prekomerna izraba naravnih virov, onesna\u017eevanje zraka in vode [&hellip;]<\/p>","protected":false},"author":8,"featured_media":4564,"comment_status":"closed","ping_status":"closed","sticky":false,"template":"","format":"standard","meta":{"_monsterinsights_skip_tracking":false,"_monsterinsights_sitenote_active":false,"_monsterinsights_sitenote_note":"","_monsterinsights_sitenote_category":0,"_uf_show_specific_survey":0,"_uf_disable_surveys":false,"footnotes":""},"categories":[7],"tags":[],"class_list":["post-4560","post","type-post","status-publish","format-standard","has-post-thumbnail","hentry","category-novice"],"aioseo_notices":[],"yoast_head":"<!-- This site is optimized with the Yoast SEO plugin v24.5 - https:\/\/yoast.com\/wordpress\/plugins\/seo\/ -->\n<title>Slovenski dan ekolo\u0161kega dolga letos po dnevu Zemlje - IZO<\/title>\n<meta name=\"robots\" content=\"index, follow, max-snippet:-1, max-image-preview:large, max-video-preview:-1\" \/>\n<link rel=\"canonical\" href=\"https:\/\/izo.si\/en\/slovenski-dan-ekoloskega-dolga-letos-po-dnevu-zemlje\/\" \/>\n<meta property=\"og:locale\" content=\"en_GB\" \/>\n<meta property=\"og:type\" content=\"article\" \/>\n<meta property=\"og:title\" content=\"Slovenski dan ekolo\u0161kega dolga letos po dnevu Zemlje - IZO\" \/>\n<meta property=\"og:description\" content=\"Ljubljana, Slovenija, 22. 4. 2024 \u2013 Danes praznujemo dan Zemlje, ko pozornost in misli \u0161e bolj kot po navadi usmerimo k na\u0161emu planetu. Ob tem dnevu pogosto razmi\u0161ljamo tudi o njegovem zdravju, saj se zavedamo, da je zdravje na\u0161ega planeta tesno povezano z na\u0161im lastnim dobrim po\u010dutjem. Prekomerna izraba naravnih virov, onesna\u017eevanje zraka in vode [&hellip;]\" \/>\n<meta property=\"og:url\" content=\"https:\/\/izo.si\/en\/slovenski-dan-ekoloskega-dolga-letos-po-dnevu-zemlje\/\" \/>\n<meta property=\"og:site_name\" content=\"IZO\" \/>\n<meta property=\"article:published_time\" content=\"2024-04-22T11:29:21+00:00\" \/>\n<meta property=\"article:modified_time\" content=\"2024-04-22T11:33:29+00:00\" \/>\n<meta property=\"og:image\" content=\"https:\/\/izo.si\/wp-content\/uploads\/2024\/04\/Ob-dnevu-Zemlje-opcija-1-3.png\" \/>\n\t<meta property=\"og:image:width\" content=\"1080\" \/>\n\t<meta property=\"og:image:height\" content=\"1080\" \/>\n\t<meta property=\"og:image:type\" content=\"image\/png\" \/>\n<meta name=\"author\" content=\"info@izo.si\" \/>\n<meta name=\"twitter:card\" content=\"summary_large_image\" \/>\n<meta name=\"twitter:label1\" content=\"Written by\" \/>\n\t<meta name=\"twitter:data1\" content=\"info@izo.si\" \/>\n\t<meta name=\"twitter:label2\" content=\"Estimated reading time\" \/>\n\t<meta name=\"twitter:data2\" content=\"5 minutes\" \/>\n<script type=\"application\/ld+json\" class=\"yoast-schema-graph\">{\"@context\":\"https:\/\/schema.org\",\"@graph\":[{\"@type\":\"Article\",\"@id\":\"https:\/\/izo.si\/slovenski-dan-ekoloskega-dolga-letos-po-dnevu-zemlje\/#article\",\"isPartOf\":{\"@id\":\"https:\/\/izo.si\/slovenski-dan-ekoloskega-dolga-letos-po-dnevu-zemlje\/\"},\"author\":{\"name\":\"info@izo.si\",\"@id\":\"https:\/\/izo.si\/#\/schema\/person\/7c1d308fe359416255fc3003e716015d\"},\"headline\":\"Slovenski dan ekolo\u0161kega dolga letos po dnevu Zemlje\",\"datePublished\":\"2024-04-22T11:29:21+00:00\",\"dateModified\":\"2024-04-22T11:33:29+00:00\",\"mainEntityOfPage\":{\"@id\":\"https:\/\/izo.si\/slovenski-dan-ekoloskega-dolga-letos-po-dnevu-zemlje\/\"},\"wordCount\":1112,\"publisher\":{\"@id\":\"https:\/\/izo.si\/#organization\"},\"image\":{\"@id\":\"https:\/\/izo.si\/slovenski-dan-ekoloskega-dolga-letos-po-dnevu-zemlje\/#primaryimage\"},\"thumbnailUrl\":\"https:\/\/izo.si\/wp-content\/uploads\/2024\/04\/Ob-dnevu-Zemlje-opcija-1-3.png\",\"articleSection\":[\"Novice\"],\"inLanguage\":\"en-GB\"},{\"@type\":\"WebPage\",\"@id\":\"https:\/\/izo.si\/slovenski-dan-ekoloskega-dolga-letos-po-dnevu-zemlje\/\",\"url\":\"https:\/\/izo.si\/slovenski-dan-ekoloskega-dolga-letos-po-dnevu-zemlje\/\",\"name\":\"Slovenski dan ekolo\u0161kega dolga letos po dnevu Zemlje - IZO\",\"isPartOf\":{\"@id\":\"https:\/\/izo.si\/#website\"},\"primaryImageOfPage\":{\"@id\":\"https:\/\/izo.si\/slovenski-dan-ekoloskega-dolga-letos-po-dnevu-zemlje\/#primaryimage\"},\"image\":{\"@id\":\"https:\/\/izo.si\/slovenski-dan-ekoloskega-dolga-letos-po-dnevu-zemlje\/#primaryimage\"},\"thumbnailUrl\":\"https:\/\/izo.si\/wp-content\/uploads\/2024\/04\/Ob-dnevu-Zemlje-opcija-1-3.png\",\"datePublished\":\"2024-04-22T11:29:21+00:00\",\"dateModified\":\"2024-04-22T11:33:29+00:00\",\"breadcrumb\":{\"@id\":\"https:\/\/izo.si\/slovenski-dan-ekoloskega-dolga-letos-po-dnevu-zemlje\/#breadcrumb\"},\"inLanguage\":\"en-GB\",\"potentialAction\":[{\"@type\":\"ReadAction\",\"target\":[\"https:\/\/izo.si\/slovenski-dan-ekoloskega-dolga-letos-po-dnevu-zemlje\/\"]}]},{\"@type\":\"ImageObject\",\"inLanguage\":\"en-GB\",\"@id\":\"https:\/\/izo.si\/slovenski-dan-ekoloskega-dolga-letos-po-dnevu-zemlje\/#primaryimage\",\"url\":\"https:\/\/izo.si\/wp-content\/uploads\/2024\/04\/Ob-dnevu-Zemlje-opcija-1-3.png\",\"contentUrl\":\"https:\/\/izo.si\/wp-content\/uploads\/2024\/04\/Ob-dnevu-Zemlje-opcija-1-3.png\",\"width\":1080,\"height\":1080},{\"@type\":\"BreadcrumbList\",\"@id\":\"https:\/\/izo.si\/slovenski-dan-ekoloskega-dolga-letos-po-dnevu-zemlje\/#breadcrumb\",\"itemListElement\":[{\"@type\":\"ListItem\",\"position\":1,\"name\":\"Home\",\"item\":\"https:\/\/izo.si\/\"},{\"@type\":\"ListItem\",\"position\":2,\"name\":\"Slovenski dan ekolo\u0161kega dolga letos po dnevu Zemlje\"}]},{\"@type\":\"WebSite\",\"@id\":\"https:\/\/izo.si\/#website\",\"url\":\"https:\/\/izo.si\/\",\"name\":\"IZO\",\"description\":\"In\u0161titut za zdravje in okolje\",\"publisher\":{\"@id\":\"https:\/\/izo.si\/#organization\"},\"potentialAction\":[{\"@type\":\"SearchAction\",\"target\":{\"@type\":\"EntryPoint\",\"urlTemplate\":\"https:\/\/izo.si\/?s={search_term_string}\"},\"query-input\":{\"@type\":\"PropertyValueSpecification\",\"valueRequired\":true,\"valueName\":\"search_term_string\"}}],\"inLanguage\":\"en-GB\"},{\"@type\":\"Organization\",\"@id\":\"https:\/\/izo.si\/#organization\",\"name\":\"IZO\",\"url\":\"https:\/\/izo.si\/\",\"logo\":{\"@type\":\"ImageObject\",\"inLanguage\":\"en-GB\",\"@id\":\"https:\/\/izo.si\/#\/schema\/logo\/image\/\",\"url\":\"https:\/\/izo.si\/wp-content\/uploads\/2021\/01\/izo-logo@2x.png\",\"contentUrl\":\"https:\/\/izo.si\/wp-content\/uploads\/2021\/01\/izo-logo@2x.png\",\"width\":262,\"height\":139,\"caption\":\"IZO\"},\"image\":{\"@id\":\"https:\/\/izo.si\/#\/schema\/logo\/image\/\"}},{\"@type\":\"Person\",\"@id\":\"https:\/\/izo.si\/#\/schema\/person\/7c1d308fe359416255fc3003e716015d\",\"name\":\"info@izo.si\",\"image\":{\"@type\":\"ImageObject\",\"inLanguage\":\"en-GB\",\"@id\":\"https:\/\/izo.si\/#\/schema\/person\/image\/\",\"url\":\"https:\/\/secure.gravatar.com\/avatar\/6119564cb294b108df0fe93b796cfc2f405adef8ccb4e9788179335543b4f393?s=96&d=mm&r=g\",\"contentUrl\":\"https:\/\/secure.gravatar.com\/avatar\/6119564cb294b108df0fe93b796cfc2f405adef8ccb4e9788179335543b4f393?s=96&d=mm&r=g\",\"caption\":\"info@izo.si\"},\"url\":\"https:\/\/izo.si\/en\/author\/infoizo-si\/\"}]}<\/script>\n<!-- \/ Yoast SEO plugin. -->","yoast_head_json":{"title":"Slovenski dan ekolo\u0161kega dolga letos po dnevu Zemlje - IZO","robots":{"index":"index","follow":"follow","max-snippet":"max-snippet:-1","max-image-preview":"max-image-preview:large","max-video-preview":"max-video-preview:-1"},"canonical":"https:\/\/izo.si\/en\/slovenski-dan-ekoloskega-dolga-letos-po-dnevu-zemlje\/","og_locale":"en_GB","og_type":"article","og_title":"Slovenski dan ekolo\u0161kega dolga letos po dnevu Zemlje - IZO","og_description":"Ljubljana, Slovenija, 22. 4. 2024 \u2013 Danes praznujemo dan Zemlje, ko pozornost in misli \u0161e bolj kot po navadi usmerimo k na\u0161emu planetu. Ob tem dnevu pogosto razmi\u0161ljamo tudi o njegovem zdravju, saj se zavedamo, da je zdravje na\u0161ega planeta tesno povezano z na\u0161im lastnim dobrim po\u010dutjem. Prekomerna izraba naravnih virov, onesna\u017eevanje zraka in vode [&hellip;]","og_url":"https:\/\/izo.si\/en\/slovenski-dan-ekoloskega-dolga-letos-po-dnevu-zemlje\/","og_site_name":"IZO","article_published_time":"2024-04-22T11:29:21+00:00","article_modified_time":"2024-04-22T11:33:29+00:00","og_image":[{"width":1080,"height":1080,"url":"https:\/\/izo.si\/wp-content\/uploads\/2024\/04\/Ob-dnevu-Zemlje-opcija-1-3.png","type":"image\/png"}],"author":"info@izo.si","twitter_card":"summary_large_image","twitter_misc":{"Written by":"info@izo.si","Estimated reading time":"5 minutes"},"schema":{"@context":"https:\/\/schema.org","@graph":[{"@type":"Article","@id":"https:\/\/izo.si\/slovenski-dan-ekoloskega-dolga-letos-po-dnevu-zemlje\/#article","isPartOf":{"@id":"https:\/\/izo.si\/slovenski-dan-ekoloskega-dolga-letos-po-dnevu-zemlje\/"},"author":{"name":"info@izo.si","@id":"https:\/\/izo.si\/#\/schema\/person\/7c1d308fe359416255fc3003e716015d"},"headline":"Slovenski dan ekolo\u0161kega dolga letos po dnevu Zemlje","datePublished":"2024-04-22T11:29:21+00:00","dateModified":"2024-04-22T11:33:29+00:00","mainEntityOfPage":{"@id":"https:\/\/izo.si\/slovenski-dan-ekoloskega-dolga-letos-po-dnevu-zemlje\/"},"wordCount":1112,"publisher":{"@id":"https:\/\/izo.si\/#organization"},"image":{"@id":"https:\/\/izo.si\/slovenski-dan-ekoloskega-dolga-letos-po-dnevu-zemlje\/#primaryimage"},"thumbnailUrl":"https:\/\/izo.si\/wp-content\/uploads\/2024\/04\/Ob-dnevu-Zemlje-opcija-1-3.png","articleSection":["Novice"],"inLanguage":"en-GB"},{"@type":"WebPage","@id":"https:\/\/izo.si\/slovenski-dan-ekoloskega-dolga-letos-po-dnevu-zemlje\/","url":"https:\/\/izo.si\/slovenski-dan-ekoloskega-dolga-letos-po-dnevu-zemlje\/","name":"Slovenski dan ekolo\u0161kega dolga letos po dnevu Zemlje - IZO","isPartOf":{"@id":"https:\/\/izo.si\/#website"},"primaryImageOfPage":{"@id":"https:\/\/izo.si\/slovenski-dan-ekoloskega-dolga-letos-po-dnevu-zemlje\/#primaryimage"},"image":{"@id":"https:\/\/izo.si\/slovenski-dan-ekoloskega-dolga-letos-po-dnevu-zemlje\/#primaryimage"},"thumbnailUrl":"https:\/\/izo.si\/wp-content\/uploads\/2024\/04\/Ob-dnevu-Zemlje-opcija-1-3.png","datePublished":"2024-04-22T11:29:21+00:00","dateModified":"2024-04-22T11:33:29+00:00","breadcrumb":{"@id":"https:\/\/izo.si\/slovenski-dan-ekoloskega-dolga-letos-po-dnevu-zemlje\/#breadcrumb"},"inLanguage":"en-GB","potentialAction":[{"@type":"ReadAction","target":["https:\/\/izo.si\/slovenski-dan-ekoloskega-dolga-letos-po-dnevu-zemlje\/"]}]},{"@type":"ImageObject","inLanguage":"en-GB","@id":"https:\/\/izo.si\/slovenski-dan-ekoloskega-dolga-letos-po-dnevu-zemlje\/#primaryimage","url":"https:\/\/izo.si\/wp-content\/uploads\/2024\/04\/Ob-dnevu-Zemlje-opcija-1-3.png","contentUrl":"https:\/\/izo.si\/wp-content\/uploads\/2024\/04\/Ob-dnevu-Zemlje-opcija-1-3.png","width":1080,"height":1080},{"@type":"BreadcrumbList","@id":"https:\/\/izo.si\/slovenski-dan-ekoloskega-dolga-letos-po-dnevu-zemlje\/#breadcrumb","itemListElement":[{"@type":"ListItem","position":1,"name":"Home","item":"https:\/\/izo.si\/"},{"@type":"ListItem","position":2,"name":"Slovenski dan ekolo\u0161kega dolga letos po dnevu Zemlje"}]},{"@type":"WebSite","@id":"https:\/\/izo.si\/#website","url":"https:\/\/izo.si\/","name":"IZO","description":"Institute for Health and Environment","publisher":{"@id":"https:\/\/izo.si\/#organization"},"potentialAction":[{"@type":"SearchAction","target":{"@type":"EntryPoint","urlTemplate":"https:\/\/izo.si\/?s={search_term_string}"},"query-input":{"@type":"PropertyValueSpecification","valueRequired":true,"valueName":"search_term_string"}}],"inLanguage":"en-GB"},{"@type":"Organization","@id":"https:\/\/izo.si\/#organization","name":"IZO","url":"https:\/\/izo.si\/","logo":{"@type":"ImageObject","inLanguage":"en-GB","@id":"https:\/\/izo.si\/#\/schema\/logo\/image\/","url":"https:\/\/izo.si\/wp-content\/uploads\/2021\/01\/izo-logo@2x.png","contentUrl":"https:\/\/izo.si\/wp-content\/uploads\/2021\/01\/izo-logo@2x.png","width":262,"height":139,"caption":"IZO"},"image":{"@id":"https:\/\/izo.si\/#\/schema\/logo\/image\/"}},{"@type":"Person","@id":"https:\/\/izo.si\/#\/schema\/person\/7c1d308fe359416255fc3003e716015d","name":"info@izo.si","image":{"@type":"ImageObject","inLanguage":"en-GB","@id":"https:\/\/izo.si\/#\/schema\/person\/image\/","url":"https:\/\/secure.gravatar.com\/avatar\/6119564cb294b108df0fe93b796cfc2f405adef8ccb4e9788179335543b4f393?s=96&d=mm&r=g","contentUrl":"https:\/\/secure.gravatar.com\/avatar\/6119564cb294b108df0fe93b796cfc2f405adef8ccb4e9788179335543b4f393?s=96&d=mm&r=g","caption":"info@izo.si"},"url":"https:\/\/izo.si\/en\/author\/infoizo-si\/"}]}},"_links":{"self":[{"href":"https:\/\/izo.si\/en\/wp-json\/wp\/v2\/posts\/4560","targetHints":{"allow":["GET"]}}],"collection":[{"href":"https:\/\/izo.si\/en\/wp-json\/wp\/v2\/posts"}],"about":[{"href":"https:\/\/izo.si\/en\/wp-json\/wp\/v2\/types\/post"}],"author":[{"embeddable":true,"href":"https:\/\/izo.si\/en\/wp-json\/wp\/v2\/users\/8"}],"replies":[{"embeddable":true,"href":"https:\/\/izo.si\/en\/wp-json\/wp\/v2\/comments?post=4560"}],"version-history":[{"count":1,"href":"https:\/\/izo.si\/en\/wp-json\/wp\/v2\/posts\/4560\/revisions"}],"predecessor-version":[{"id":4562,"href":"https:\/\/izo.si\/en\/wp-json\/wp\/v2\/posts\/4560\/revisions\/4562"}],"wp:featuredmedia":[{"embeddable":true,"href":"https:\/\/izo.si\/en\/wp-json\/wp\/v2\/media\/4564"}],"wp:attachment":[{"href":"https:\/\/izo.si\/en\/wp-json\/wp\/v2\/media?parent=4560"}],"wp:term":[{"taxonomy":"category","embeddable":true,"href":"https:\/\/izo.si\/en\/wp-json\/wp\/v2\/categories?post=4560"},{"taxonomy":"post_tag","embeddable":true,"href":"https:\/\/izo.si\/en\/wp-json\/wp\/v2\/tags?post=4560"}],"curies":[{"name":"wp","href":"https:\/\/api.w.org\/{rel}","templated":true}]}}