{"id":4532,"date":"2024-03-29T12:46:46","date_gmt":"2024-03-29T11:46:46","guid":{"rendered":"https:\/\/izo.si\/?p=4532"},"modified":"2024-04-02T14:17:12","modified_gmt":"2024-04-02T12:17:12","slug":"vkljucevanje-okoljskih-dimenzij-v-javne-finance-dnsh","status":"publish","type":"post","link":"https:\/\/izo.si\/en\/vkljucevanje-okoljskih-dimenzij-v-javne-finance-dnsh\/","title":{"rendered":"Vklju\u010devanje okoljskih dimenzij v javne finance (DNSH)"},"content":{"rendered":"<div data-elementor-type=\"wp-post\" data-elementor-id=\"4532\" class=\"elementor elementor-4532\">\n\t\t\t\t\t\t<section class=\"elementor-section elementor-top-section elementor-element elementor-element-0abfde9 elementor-section-boxed elementor-section-height-default elementor-section-height-default\" data-id=\"0abfde9\" data-element_type=\"section\">\n\t\t\t\t\t\t<div class=\"elementor-container elementor-column-gap-default\">\n\t\t\t\t\t<div class=\"elementor-column elementor-col-100 elementor-top-column elementor-element elementor-element-218a6de\" data-id=\"218a6de\" data-element_type=\"column\">\n\t\t\t<div class=\"elementor-widget-wrap elementor-element-populated\">\n\t\t\t\t\t\t<div class=\"elementor-element elementor-element-f9b3903 elementor-widget elementor-widget-heading\" data-id=\"f9b3903\" data-element_type=\"widget\" data-widget_type=\"heading.default\">\n\t\t\t\t<div class=\"elementor-widget-container\">\n\t\t\t\t\t<h2 class=\"elementor-heading-title elementor-size-default\">INTEGRATING ENVIRONMENTAL DIMENSIONS INTO PUBLIC FINANCE \u2013 INTRODUCING THE \u2018DO NO SIGNIFICANT HARM\u2019 PRINCIPLE<\/h2>\t\t\t\t<\/div>\n\t\t\t\t<\/div>\n\t\t\t\t\t<\/div>\n\t\t<\/div>\n\t\t\t\t\t<\/div>\n\t\t<\/section>\n\t\t\t\t<section class=\"elementor-section elementor-top-section elementor-element elementor-element-7256302 elementor-section-boxed elementor-section-height-default elementor-section-height-default\" data-id=\"7256302\" data-element_type=\"section\">\n\t\t\t\t\t\t<div class=\"elementor-container elementor-column-gap-default\">\n\t\t\t\t\t<div class=\"elementor-column elementor-col-100 elementor-top-column elementor-element elementor-element-850d0ef\" data-id=\"850d0ef\" data-element_type=\"column\">\n\t\t\t<div class=\"elementor-widget-wrap elementor-element-populated\">\n\t\t\t\t\t\t<div class=\"elementor-element elementor-element-a3c1616 elementor-widget elementor-widget-image\" data-id=\"a3c1616\" data-element_type=\"widget\" data-widget_type=\"image.default\">\n\t\t\t\t<div class=\"elementor-widget-container\">\n\t\t\t\t\t\t\t\t\t\t\t\t\t\t\t<img fetchpriority=\"high\" decoding=\"async\" width=\"2000\" height=\"848\" src=\"https:\/\/izo.si\/wp-content\/uploads\/2024\/03\/Vkljucevanje-okoljskih-dimenzij-v-javne-finance-\u2013-kopija.jpg\" class=\"attachment-full size-full wp-image-4539\" alt=\"\" srcset=\"https:\/\/izo.si\/wp-content\/uploads\/2024\/03\/Vkljucevanje-okoljskih-dimenzij-v-javne-finance-\u2013-kopija.jpg 2000w, https:\/\/izo.si\/wp-content\/uploads\/2024\/03\/Vkljucevanje-okoljskih-dimenzij-v-javne-finance-\u2013-kopija-300x127.jpg 300w, https:\/\/izo.si\/wp-content\/uploads\/2024\/03\/Vkljucevanje-okoljskih-dimenzij-v-javne-finance-\u2013-kopija-1024x434.jpg 1024w, https:\/\/izo.si\/wp-content\/uploads\/2024\/03\/Vkljucevanje-okoljskih-dimenzij-v-javne-finance-\u2013-kopija-768x326.jpg 768w, https:\/\/izo.si\/wp-content\/uploads\/2024\/03\/Vkljucevanje-okoljskih-dimenzij-v-javne-finance-\u2013-kopija-1536x651.jpg 1536w, https:\/\/izo.si\/wp-content\/uploads\/2024\/03\/Vkljucevanje-okoljskih-dimenzij-v-javne-finance-\u2013-kopija-18x8.jpg 18w\" sizes=\"(max-width: 2000px) 100vw, 2000px\" \/>\t\t\t\t\t\t\t\t\t\t\t\t\t\t\t<\/div>\n\t\t\t\t<\/div>\n\t\t\t\t\t<\/div>\n\t\t<\/div>\n\t\t\t\t\t<\/div>\n\t\t<\/section>\n\t\t\t\t<section class=\"elementor-section elementor-top-section elementor-element elementor-element-a6c7c59 elementor-section-boxed elementor-section-height-default elementor-section-height-default\" data-id=\"a6c7c59\" data-element_type=\"section\">\n\t\t\t\t\t\t<div class=\"elementor-container elementor-column-gap-default\">\n\t\t\t\t\t<div class=\"elementor-column elementor-col-100 elementor-top-column elementor-element elementor-element-771773b\" data-id=\"771773b\" data-element_type=\"column\">\n\t\t\t<div class=\"elementor-widget-wrap elementor-element-populated\">\n\t\t\t\t\t\t<div class=\"elementor-element elementor-element-867db63 elementor-widget elementor-widget-text-editor\" data-id=\"867db63\" data-element_type=\"widget\" data-widget_type=\"text-editor.default\">\n\t\t\t\t<div class=\"elementor-widget-container\">\n\t\t\t\t\t\t\t\t\t<p><\/p>\n<p>The<strong> project \"Integrating Environmental Dimensions into Public Finance \u2013 Introducing the \u2018Do No Significant Harm\u2019 (DNSH) Principle\"<\/strong> s an initiative of the European Commission's Directorate-General for Structural Reform Support (DG Reform).&nbsp;<\/p>\n<p><\/p>\n<p>The goal of the project is to enable eight EU member states (Austria, Belgium, Hungary, Italy, Latvia, Slovakia, Slovenia, and Spain) to incorporate the DNSH principle into their policies and measures. The aim is to create practical tools and guidelines that will help countries integrate the DNSH principle (Do No Significant Harm) into their public financial management systems. This includes thoroughly reviewing current legal frameworks, developing country-specific data management recommendations, organizing educational workshops, and developing examples of best practices for various sectors.<\/p>\n<p><\/p>\n<p>The project aims to enhance the participating countries' ability to align their public investments with European and national environmental and climate goals, contributing to the objectives of the European Green Deal.<\/p>\n<p><\/p>\n<p><\/p>\t\t\t\t\t\t\t\t<\/div>\n\t\t\t\t<\/div>\n\t\t\t\t<div class=\"elementor-element elementor-element-fa04271 elementor-widget elementor-widget-text-editor\" data-id=\"fa04271\" data-element_type=\"widget\" data-widget_type=\"text-editor.default\">\n\t\t\t\t<div class=\"elementor-widget-container\">\n\t\t\t\t\t\t\t\t\t\n<h5>Project Objectives:<\/h5>\n\n<ol class=\"wp-block-list\">\n<li><strong>Main objective: <\/strong>To promote institutional, administrative, and structural reforms for growth in the participating countries: Austria, Belgium, Hungary, Italy, Latvia, Slovakia, Slovenia, and Spain.<\/li>\n\n<li><strong>Specific objectives:<\/strong>:\n<ul class=\"wp-block-list\">\n<li><strong>Support national authorities in improving their capacity to design, develop, and implement reforms:<\/strong>This objective includes assisting member states in strengthening their capabilities to plan and implement effective reforms that incorporate the DNSH principle.<\/li>\n\n<li><strong>Support national authorities in preparing, amending, implementing, and reviewing recovery and resilience plans:<\/strong>This includes assisting in the adaptation and improvement of national recovery and resilience plans in line with Regulation (EU) 2021\/241, which also encompasses the DNSH principles.<\/li>\n<\/ul>\n<\/li>\n<\/ol>\n\t\t\t\t\t\t\t\t<\/div>\n\t\t\t\t<\/div>\n\t\t\t\t\t<\/div>\n\t\t<\/div>\n\t\t\t\t\t<\/div>\n\t\t<\/section>\n\t\t\t\t<section class=\"elementor-section elementor-top-section elementor-element elementor-element-47df2c8 elementor-section-boxed elementor-section-height-default elementor-section-height-default\" data-id=\"47df2c8\" data-element_type=\"section\">\n\t\t\t\t\t\t<div class=\"elementor-container elementor-column-gap-default\">\n\t\t\t\t\t<div class=\"elementor-column elementor-col-50 elementor-top-column elementor-element elementor-element-3b97782\" data-id=\"3b97782\" data-element_type=\"column\">\n\t\t\t<div class=\"elementor-widget-wrap elementor-element-populated\">\n\t\t\t\t\t\t<div class=\"elementor-element elementor-element-f1f0ced elementor-widget elementor-widget-image\" data-id=\"f1f0ced\" data-element_type=\"widget\" data-widget_type=\"image.default\">\n\t\t\t\t<div class=\"elementor-widget-container\">\n\t\t\t\t\t\t\t\t\t\t\t\t\t\t\t<img decoding=\"async\" width=\"800\" height=\"441\" src=\"https:\/\/izo.si\/wp-content\/uploads\/2024\/03\/IZO_logo-png-09-1024x565.png\" class=\"attachment-large size-large wp-image-4537\" alt=\"\" srcset=\"https:\/\/izo.si\/wp-content\/uploads\/2024\/03\/IZO_logo-png-09-1024x565.png 1024w, https:\/\/izo.si\/wp-content\/uploads\/2024\/03\/IZO_logo-png-09-300x166.png 300w, https:\/\/izo.si\/wp-content\/uploads\/2024\/03\/IZO_logo-png-09-768x424.png 768w, https:\/\/izo.si\/wp-content\/uploads\/2024\/03\/IZO_logo-png-09-1536x848.png 1536w, https:\/\/izo.si\/wp-content\/uploads\/2024\/03\/IZO_logo-png-09-2048x1130.png 2048w, https:\/\/izo.si\/wp-content\/uploads\/2024\/03\/IZO_logo-png-09-18x10.png 18w\" sizes=\"(max-width: 800px) 100vw, 800px\" \/>\t\t\t\t\t\t\t\t\t\t\t\t\t\t\t<\/div>\n\t\t\t\t<\/div>\n\t\t\t\t\t<\/div>\n\t\t<\/div>\n\t\t\t\t<div class=\"elementor-column elementor-col-50 elementor-top-column elementor-element elementor-element-d485b75\" data-id=\"d485b75\" data-element_type=\"column\">\n\t\t\t<div class=\"elementor-widget-wrap elementor-element-populated\">\n\t\t\t\t\t\t<div class=\"elementor-element elementor-element-5948c19 elementor-widget elementor-widget-image\" data-id=\"5948c19\" data-element_type=\"widget\" data-widget_type=\"image.default\">\n\t\t\t\t<div class=\"elementor-widget-container\">\n\t\t\t\t\t\t\t\t\t\t\t\t\t\t\t<img decoding=\"async\" width=\"800\" height=\"245\" src=\"https:\/\/izo.si\/wp-content\/uploads\/2024\/03\/evropska-komisija-seeklogo-1024x314.png\" class=\"attachment-large size-large wp-image-5161\" alt=\"\" srcset=\"https:\/\/izo.si\/wp-content\/uploads\/2024\/03\/evropska-komisija-seeklogo-1024x314.png 1024w, https:\/\/izo.si\/wp-content\/uploads\/2024\/03\/evropska-komisija-seeklogo-300x92.png 300w, https:\/\/izo.si\/wp-content\/uploads\/2024\/03\/evropska-komisija-seeklogo-768x236.png 768w, https:\/\/izo.si\/wp-content\/uploads\/2024\/03\/evropska-komisija-seeklogo-1536x472.png 1536w, https:\/\/izo.si\/wp-content\/uploads\/2024\/03\/evropska-komisija-seeklogo-18x6.png 18w, https:\/\/izo.si\/wp-content\/uploads\/2024\/03\/evropska-komisija-seeklogo.png 2000w\" sizes=\"(max-width: 800px) 100vw, 800px\" \/>\t\t\t\t\t\t\t\t\t\t\t\t\t\t\t<\/div>\n\t\t\t\t<\/div>\n\t\t\t\t\t<\/div>\n\t\t<\/div>\n\t\t\t\t\t<\/div>\n\t\t<\/section>\n\t\t\t\t<\/div>","protected":false},"excerpt":{"rendered":"<p>Vklju\u010devanje okoljskih dimenzij v javne finance \u2013 uvajanje na\u010dela &#8216;da se ne \u0161koduje bistveno&#8217; Projekt &#8220;Vklju\u010devanje okoljskih dimenzij v javne finance \u2013 uvajanje na\u010dela &#8216;da se ne \u0161koduje bistveno&#8217; (DNSH)&#8221; predstavlja pobudo Generalnega direktorata Evropske komisije za strukturne reforme (DG Reform).&nbsp; Cilj projekta je osmim dr\u017eavam \u010dlanicam EU (Avstriji, Belgiji, Mad\u017earski, Italiji, Latviji, Slova\u0161ki, Sloveniji [&hellip;]<\/p>","protected":false},"author":8,"featured_media":4534,"comment_status":"closed","ping_status":"closed","sticky":false,"template":"","format":"standard","meta":{"_monsterinsights_skip_tracking":false,"_monsterinsights_sitenote_active":false,"_monsterinsights_sitenote_note":"","_monsterinsights_sitenote_category":0,"_uf_show_specific_survey":0,"_uf_disable_surveys":false,"footnotes":""},"categories":[9],"tags":[],"class_list":["post-4532","post","type-post","status-publish","format-standard","has-post-thumbnail","hentry","category-projekti"],"aioseo_notices":[],"yoast_head":"<!-- This site is optimized with the Yoast SEO plugin v24.5 - https:\/\/yoast.com\/wordpress\/plugins\/seo\/ -->\n<title>Vklju\u010devanje okoljskih dimenzij v javne finance (DNSH) - IZO<\/title>\n<meta name=\"robots\" content=\"index, follow, max-snippet:-1, max-image-preview:large, max-video-preview:-1\" \/>\n<link rel=\"canonical\" href=\"https:\/\/izo.si\/en\/vkljucevanje-okoljskih-dimenzij-v-javne-finance-dnsh\/\" \/>\n<meta property=\"og:locale\" content=\"en_GB\" \/>\n<meta property=\"og:type\" content=\"article\" \/>\n<meta property=\"og:title\" content=\"Vklju\u010devanje okoljskih dimenzij v javne finance (DNSH) - IZO\" \/>\n<meta property=\"og:description\" content=\"Vklju\u010devanje okoljskih dimenzij v javne finance \u2013 uvajanje na\u010dela &#8216;da se ne \u0161koduje bistveno&#8217; Projekt &#8220;Vklju\u010devanje okoljskih dimenzij v javne finance \u2013 uvajanje na\u010dela &#8216;da se ne \u0161koduje bistveno&#8217; (DNSH)&#8221; predstavlja pobudo Generalnega direktorata Evropske komisije za strukturne reforme (DG Reform).&nbsp; Cilj projekta je osmim dr\u017eavam \u010dlanicam EU (Avstriji, Belgiji, Mad\u017earski, Italiji, Latviji, Slova\u0161ki, Sloveniji [&hellip;]\" \/>\n<meta property=\"og:url\" content=\"https:\/\/izo.si\/en\/vkljucevanje-okoljskih-dimenzij-v-javne-finance-dnsh\/\" \/>\n<meta property=\"og:site_name\" content=\"IZO\" \/>\n<meta property=\"article:published_time\" content=\"2024-03-29T11:46:46+00:00\" \/>\n<meta property=\"article:modified_time\" content=\"2024-04-02T12:17:12+00:00\" \/>\n<meta property=\"og:image\" content=\"https:\/\/izo.si\/wp-content\/uploads\/2024\/03\/Vkljucevanje-okoljskih-dimenzij-v-javne-finance.jpg\" \/>\n\t<meta property=\"og:image:width\" content=\"2000\" \/>\n\t<meta property=\"og:image:height\" content=\"1335\" \/>\n\t<meta property=\"og:image:type\" content=\"image\/jpeg\" \/>\n<meta name=\"author\" content=\"info@izo.si\" \/>\n<meta name=\"twitter:card\" content=\"summary_large_image\" \/>\n<meta name=\"twitter:label1\" content=\"Written by\" \/>\n\t<meta name=\"twitter:data1\" content=\"info@izo.si\" \/>\n\t<meta name=\"twitter:label2\" content=\"Estimated reading time\" \/>\n\t<meta name=\"twitter:data2\" content=\"2 minutes\" \/>\n<script type=\"application\/ld+json\" class=\"yoast-schema-graph\">{\"@context\":\"https:\/\/schema.org\",\"@graph\":[{\"@type\":\"Article\",\"@id\":\"https:\/\/izo.si\/vkljucevanje-okoljskih-dimenzij-v-javne-finance-dnsh\/#article\",\"isPartOf\":{\"@id\":\"https:\/\/izo.si\/vkljucevanje-okoljskih-dimenzij-v-javne-finance-dnsh\/\"},\"author\":{\"name\":\"info@izo.si\",\"@id\":\"https:\/\/izo.si\/#\/schema\/person\/7c1d308fe359416255fc3003e716015d\"},\"headline\":\"Vklju\u010devanje okoljskih dimenzij v javne finance (DNSH)\",\"datePublished\":\"2024-03-29T11:46:46+00:00\",\"dateModified\":\"2024-04-02T12:17:12+00:00\",\"mainEntityOfPage\":{\"@id\":\"https:\/\/izo.si\/vkljucevanje-okoljskih-dimenzij-v-javne-finance-dnsh\/\"},\"wordCount\":289,\"publisher\":{\"@id\":\"https:\/\/izo.si\/#organization\"},\"image\":{\"@id\":\"https:\/\/izo.si\/vkljucevanje-okoljskih-dimenzij-v-javne-finance-dnsh\/#primaryimage\"},\"thumbnailUrl\":\"https:\/\/izo.si\/wp-content\/uploads\/2024\/03\/Vkljucevanje-okoljskih-dimenzij-v-javne-finance.jpg\",\"articleSection\":[\"Projekti\"],\"inLanguage\":\"en-GB\"},{\"@type\":\"WebPage\",\"@id\":\"https:\/\/izo.si\/vkljucevanje-okoljskih-dimenzij-v-javne-finance-dnsh\/\",\"url\":\"https:\/\/izo.si\/vkljucevanje-okoljskih-dimenzij-v-javne-finance-dnsh\/\",\"name\":\"Vklju\u010devanje okoljskih dimenzij v javne finance (DNSH) - IZO\",\"isPartOf\":{\"@id\":\"https:\/\/izo.si\/#website\"},\"primaryImageOfPage\":{\"@id\":\"https:\/\/izo.si\/vkljucevanje-okoljskih-dimenzij-v-javne-finance-dnsh\/#primaryimage\"},\"image\":{\"@id\":\"https:\/\/izo.si\/vkljucevanje-okoljskih-dimenzij-v-javne-finance-dnsh\/#primaryimage\"},\"thumbnailUrl\":\"https:\/\/izo.si\/wp-content\/uploads\/2024\/03\/Vkljucevanje-okoljskih-dimenzij-v-javne-finance.jpg\",\"datePublished\":\"2024-03-29T11:46:46+00:00\",\"dateModified\":\"2024-04-02T12:17:12+00:00\",\"breadcrumb\":{\"@id\":\"https:\/\/izo.si\/vkljucevanje-okoljskih-dimenzij-v-javne-finance-dnsh\/#breadcrumb\"},\"inLanguage\":\"en-GB\",\"potentialAction\":[{\"@type\":\"ReadAction\",\"target\":[\"https:\/\/izo.si\/vkljucevanje-okoljskih-dimenzij-v-javne-finance-dnsh\/\"]}]},{\"@type\":\"ImageObject\",\"inLanguage\":\"en-GB\",\"@id\":\"https:\/\/izo.si\/vkljucevanje-okoljskih-dimenzij-v-javne-finance-dnsh\/#primaryimage\",\"url\":\"https:\/\/izo.si\/wp-content\/uploads\/2024\/03\/Vkljucevanje-okoljskih-dimenzij-v-javne-finance.jpg\",\"contentUrl\":\"https:\/\/izo.si\/wp-content\/uploads\/2024\/03\/Vkljucevanje-okoljskih-dimenzij-v-javne-finance.jpg\",\"width\":2000,\"height\":1335},{\"@type\":\"BreadcrumbList\",\"@id\":\"https:\/\/izo.si\/vkljucevanje-okoljskih-dimenzij-v-javne-finance-dnsh\/#breadcrumb\",\"itemListElement\":[{\"@type\":\"ListItem\",\"position\":1,\"name\":\"Home\",\"item\":\"https:\/\/izo.si\/\"},{\"@type\":\"ListItem\",\"position\":2,\"name\":\"Vklju\u010devanje okoljskih dimenzij v javne finance (DNSH)\"}]},{\"@type\":\"WebSite\",\"@id\":\"https:\/\/izo.si\/#website\",\"url\":\"https:\/\/izo.si\/\",\"name\":\"IZO\",\"description\":\"In\u0161titut za zdravje in okolje\",\"publisher\":{\"@id\":\"https:\/\/izo.si\/#organization\"},\"potentialAction\":[{\"@type\":\"SearchAction\",\"target\":{\"@type\":\"EntryPoint\",\"urlTemplate\":\"https:\/\/izo.si\/?s={search_term_string}\"},\"query-input\":{\"@type\":\"PropertyValueSpecification\",\"valueRequired\":true,\"valueName\":\"search_term_string\"}}],\"inLanguage\":\"en-GB\"},{\"@type\":\"Organization\",\"@id\":\"https:\/\/izo.si\/#organization\",\"name\":\"IZO\",\"url\":\"https:\/\/izo.si\/\",\"logo\":{\"@type\":\"ImageObject\",\"inLanguage\":\"en-GB\",\"@id\":\"https:\/\/izo.si\/#\/schema\/logo\/image\/\",\"url\":\"https:\/\/izo.si\/wp-content\/uploads\/2021\/01\/izo-logo@2x.png\",\"contentUrl\":\"https:\/\/izo.si\/wp-content\/uploads\/2021\/01\/izo-logo@2x.png\",\"width\":262,\"height\":139,\"caption\":\"IZO\"},\"image\":{\"@id\":\"https:\/\/izo.si\/#\/schema\/logo\/image\/\"}},{\"@type\":\"Person\",\"@id\":\"https:\/\/izo.si\/#\/schema\/person\/7c1d308fe359416255fc3003e716015d\",\"name\":\"info@izo.si\",\"image\":{\"@type\":\"ImageObject\",\"inLanguage\":\"en-GB\",\"@id\":\"https:\/\/izo.si\/#\/schema\/person\/image\/\",\"url\":\"https:\/\/secure.gravatar.com\/avatar\/6119564cb294b108df0fe93b796cfc2f405adef8ccb4e9788179335543b4f393?s=96&d=mm&r=g\",\"contentUrl\":\"https:\/\/secure.gravatar.com\/avatar\/6119564cb294b108df0fe93b796cfc2f405adef8ccb4e9788179335543b4f393?s=96&d=mm&r=g\",\"caption\":\"info@izo.si\"},\"url\":\"https:\/\/izo.si\/en\/author\/infoizo-si\/\"}]}<\/script>\n<!-- \/ Yoast SEO plugin. -->","yoast_head_json":{"title":"Vklju\u010devanje okoljskih dimenzij v javne finance (DNSH) - IZO","robots":{"index":"index","follow":"follow","max-snippet":"max-snippet:-1","max-image-preview":"max-image-preview:large","max-video-preview":"max-video-preview:-1"},"canonical":"https:\/\/izo.si\/en\/vkljucevanje-okoljskih-dimenzij-v-javne-finance-dnsh\/","og_locale":"en_GB","og_type":"article","og_title":"Vklju\u010devanje okoljskih dimenzij v javne finance (DNSH) - IZO","og_description":"Vklju\u010devanje okoljskih dimenzij v javne finance \u2013 uvajanje na\u010dela &#8216;da se ne \u0161koduje bistveno&#8217; Projekt &#8220;Vklju\u010devanje okoljskih dimenzij v javne finance \u2013 uvajanje na\u010dela &#8216;da se ne \u0161koduje bistveno&#8217; (DNSH)&#8221; predstavlja pobudo Generalnega direktorata Evropske komisije za strukturne reforme (DG Reform).&nbsp; Cilj projekta je osmim dr\u017eavam \u010dlanicam EU (Avstriji, Belgiji, Mad\u017earski, Italiji, Latviji, Slova\u0161ki, Sloveniji [&hellip;]","og_url":"https:\/\/izo.si\/en\/vkljucevanje-okoljskih-dimenzij-v-javne-finance-dnsh\/","og_site_name":"IZO","article_published_time":"2024-03-29T11:46:46+00:00","article_modified_time":"2024-04-02T12:17:12+00:00","og_image":[{"width":2000,"height":1335,"url":"https:\/\/izo.si\/wp-content\/uploads\/2024\/03\/Vkljucevanje-okoljskih-dimenzij-v-javne-finance.jpg","type":"image\/jpeg"}],"author":"info@izo.si","twitter_card":"summary_large_image","twitter_misc":{"Written by":"info@izo.si","Estimated reading time":"2 minutes"},"schema":{"@context":"https:\/\/schema.org","@graph":[{"@type":"Article","@id":"https:\/\/izo.si\/vkljucevanje-okoljskih-dimenzij-v-javne-finance-dnsh\/#article","isPartOf":{"@id":"https:\/\/izo.si\/vkljucevanje-okoljskih-dimenzij-v-javne-finance-dnsh\/"},"author":{"name":"info@izo.si","@id":"https:\/\/izo.si\/#\/schema\/person\/7c1d308fe359416255fc3003e716015d"},"headline":"Vklju\u010devanje okoljskih dimenzij v javne finance (DNSH)","datePublished":"2024-03-29T11:46:46+00:00","dateModified":"2024-04-02T12:17:12+00:00","mainEntityOfPage":{"@id":"https:\/\/izo.si\/vkljucevanje-okoljskih-dimenzij-v-javne-finance-dnsh\/"},"wordCount":289,"publisher":{"@id":"https:\/\/izo.si\/#organization"},"image":{"@id":"https:\/\/izo.si\/vkljucevanje-okoljskih-dimenzij-v-javne-finance-dnsh\/#primaryimage"},"thumbnailUrl":"https:\/\/izo.si\/wp-content\/uploads\/2024\/03\/Vkljucevanje-okoljskih-dimenzij-v-javne-finance.jpg","articleSection":["Projekti"],"inLanguage":"en-GB"},{"@type":"WebPage","@id":"https:\/\/izo.si\/vkljucevanje-okoljskih-dimenzij-v-javne-finance-dnsh\/","url":"https:\/\/izo.si\/vkljucevanje-okoljskih-dimenzij-v-javne-finance-dnsh\/","name":"Vklju\u010devanje okoljskih dimenzij v javne finance (DNSH) - IZO","isPartOf":{"@id":"https:\/\/izo.si\/#website"},"primaryImageOfPage":{"@id":"https:\/\/izo.si\/vkljucevanje-okoljskih-dimenzij-v-javne-finance-dnsh\/#primaryimage"},"image":{"@id":"https:\/\/izo.si\/vkljucevanje-okoljskih-dimenzij-v-javne-finance-dnsh\/#primaryimage"},"thumbnailUrl":"https:\/\/izo.si\/wp-content\/uploads\/2024\/03\/Vkljucevanje-okoljskih-dimenzij-v-javne-finance.jpg","datePublished":"2024-03-29T11:46:46+00:00","dateModified":"2024-04-02T12:17:12+00:00","breadcrumb":{"@id":"https:\/\/izo.si\/vkljucevanje-okoljskih-dimenzij-v-javne-finance-dnsh\/#breadcrumb"},"inLanguage":"en-GB","potentialAction":[{"@type":"ReadAction","target":["https:\/\/izo.si\/vkljucevanje-okoljskih-dimenzij-v-javne-finance-dnsh\/"]}]},{"@type":"ImageObject","inLanguage":"en-GB","@id":"https:\/\/izo.si\/vkljucevanje-okoljskih-dimenzij-v-javne-finance-dnsh\/#primaryimage","url":"https:\/\/izo.si\/wp-content\/uploads\/2024\/03\/Vkljucevanje-okoljskih-dimenzij-v-javne-finance.jpg","contentUrl":"https:\/\/izo.si\/wp-content\/uploads\/2024\/03\/Vkljucevanje-okoljskih-dimenzij-v-javne-finance.jpg","width":2000,"height":1335},{"@type":"BreadcrumbList","@id":"https:\/\/izo.si\/vkljucevanje-okoljskih-dimenzij-v-javne-finance-dnsh\/#breadcrumb","itemListElement":[{"@type":"ListItem","position":1,"name":"Home","item":"https:\/\/izo.si\/"},{"@type":"ListItem","position":2,"name":"Vklju\u010devanje okoljskih dimenzij v javne finance (DNSH)"}]},{"@type":"WebSite","@id":"https:\/\/izo.si\/#website","url":"https:\/\/izo.si\/","name":"IZO","description":"Institute for Health and Environment","publisher":{"@id":"https:\/\/izo.si\/#organization"},"potentialAction":[{"@type":"SearchAction","target":{"@type":"EntryPoint","urlTemplate":"https:\/\/izo.si\/?s={search_term_string}"},"query-input":{"@type":"PropertyValueSpecification","valueRequired":true,"valueName":"search_term_string"}}],"inLanguage":"en-GB"},{"@type":"Organization","@id":"https:\/\/izo.si\/#organization","name":"IZO","url":"https:\/\/izo.si\/","logo":{"@type":"ImageObject","inLanguage":"en-GB","@id":"https:\/\/izo.si\/#\/schema\/logo\/image\/","url":"https:\/\/izo.si\/wp-content\/uploads\/2021\/01\/izo-logo@2x.png","contentUrl":"https:\/\/izo.si\/wp-content\/uploads\/2021\/01\/izo-logo@2x.png","width":262,"height":139,"caption":"IZO"},"image":{"@id":"https:\/\/izo.si\/#\/schema\/logo\/image\/"}},{"@type":"Person","@id":"https:\/\/izo.si\/#\/schema\/person\/7c1d308fe359416255fc3003e716015d","name":"info@izo.si","image":{"@type":"ImageObject","inLanguage":"en-GB","@id":"https:\/\/izo.si\/#\/schema\/person\/image\/","url":"https:\/\/secure.gravatar.com\/avatar\/6119564cb294b108df0fe93b796cfc2f405adef8ccb4e9788179335543b4f393?s=96&d=mm&r=g","contentUrl":"https:\/\/secure.gravatar.com\/avatar\/6119564cb294b108df0fe93b796cfc2f405adef8ccb4e9788179335543b4f393?s=96&d=mm&r=g","caption":"info@izo.si"},"url":"https:\/\/izo.si\/en\/author\/infoizo-si\/"}]}},"_links":{"self":[{"href":"https:\/\/izo.si\/en\/wp-json\/wp\/v2\/posts\/4532","targetHints":{"allow":["GET"]}}],"collection":[{"href":"https:\/\/izo.si\/en\/wp-json\/wp\/v2\/posts"}],"about":[{"href":"https:\/\/izo.si\/en\/wp-json\/wp\/v2\/types\/post"}],"author":[{"embeddable":true,"href":"https:\/\/izo.si\/en\/wp-json\/wp\/v2\/users\/8"}],"replies":[{"embeddable":true,"href":"https:\/\/izo.si\/en\/wp-json\/wp\/v2\/comments?post=4532"}],"version-history":[{"count":26,"href":"https:\/\/izo.si\/en\/wp-json\/wp\/v2\/posts\/4532\/revisions"}],"predecessor-version":[{"id":5168,"href":"https:\/\/izo.si\/en\/wp-json\/wp\/v2\/posts\/4532\/revisions\/5168"}],"wp:featuredmedia":[{"embeddable":true,"href":"https:\/\/izo.si\/en\/wp-json\/wp\/v2\/media\/4534"}],"wp:attachment":[{"href":"https:\/\/izo.si\/en\/wp-json\/wp\/v2\/media?parent=4532"}],"wp:term":[{"taxonomy":"category","embeddable":true,"href":"https:\/\/izo.si\/en\/wp-json\/wp\/v2\/categories?post=4532"},{"taxonomy":"post_tag","embeddable":true,"href":"https:\/\/izo.si\/en\/wp-json\/wp\/v2\/tags?post=4532"}],"curies":[{"name":"wp","href":"https:\/\/api.w.org\/{rel}","templated":true}]}}