{"id":4495,"date":"2023-12-06T17:17:27","date_gmt":"2023-12-06T16:17:27","guid":{"rendered":"https:\/\/izo.si\/?p=4495"},"modified":"2023-12-07T11:14:08","modified_gmt":"2023-12-07T10:14:08","slug":"cop28-zgodovinski-poudarek-na-zdravju-v-srediscu-podnebnih-razprav","status":"publish","type":"post","link":"https:\/\/izo.si\/en\/cop28-zgodovinski-poudarek-na-zdravju-v-srediscu-podnebnih-razprav\/","title":{"rendered":"COP28: zgodovinski poudarek na zdravju v sredi\u0161\u010du podnebnih razprav"},"content":{"rendered":"<p>Svetovni posvet o podnebnih ukrepih (COP28) letos med 30. novembrom in 12. decembrom poteka v Dubaju. Med 1. In 5. decembrom je bil na posvetu prisoten tudi In\u0161titut za zdravje in okolje. Leto\u0161nji COP je, kljub mnogim protislovjem, ki so povezana z lokacijo in organizatorji dogodka, zgodovinski. 3. december je bil namre\u010d prvi\u010d v zgodovini tematsko posve\u010den zdravju. Kot poudarja Toma\u017e Gorenc, direktor In\u0161tituta za zdravje in okolje, je &#8220;<em>to je tudi razlog na\u0161e udele\u017ebe na leto\u0161nji konferenci. Podnebne spremembe namre\u010d niso samo okoljska kriza, ampak tudi zdravstvena. Posledi\u010dno je javno zdravje pomembno podro\u010dje podnebnega prilagajanja. Na In\u0161titutu za zdravje in okolje nas veseli, da je to prepoznala tudi Slovenija in pristopila k deklaraciji s podro\u010dja podnebja in zdravja<\/em>.&#8221;<\/p>\n\n\n\n<p>V okviru razli\u010dnih dogodkov so mnogi govorci iz zdravstveno-znanstvenih in zdravstveno-politi\u010dnih institucij opozorili na dokazane povezave med podnebnimi spremembami in zdravjem ljudi ter predstavili zdravstvene argumente za podnebno ukrepanje. Poudarjene so bile tudi potrebe, ovire in dobre prakse s podro\u010dja krepitve odpornosti zdravstvenih sistemov na spreminjajo\u010de se podnebje.<\/p>\n\n\n\n<p>Veseli nas, da je Slovenija ena od 123 \u010dlanic Zdru\u017eenih narodov, ki je podprla Deklaracijo o podnebju in zdravju. Dokument je bil po dolgotrajnih prizadevanjih Svetovne zdravstvene organizacije in mnogih ostalih dr\u017eav sprejet 3. decembra. Generalni direktor SZO, dr. Tedros Adhanom Ghebreyesus, je ob sprejemu deklaracije dejal: &#8220;<em>Podnebna kriza je zdravstvena kriza, vendar je bilo zdravje v razpravah o podnebju predolgo odrinjeno na stranski tir<\/em>.&#8221; Na COP28 se je prvi\u010d v zgodovini zgodilo tudi, da so svoje pogajalsko mesto dobili ministri za zdravje. To predstavlja mejnik pri obravnavi podnebnih politik, saj se te sedaj \u0161e bolj osredoto\u010dajo na dru\u017ebene dimenzije podnebne krize.<\/p>\n\n\n\n<figure class=\"wp-block-gallery has-nested-images columns-default is-cropped wp-block-gallery-1 is-layout-flex wp-block-gallery-is-layout-flex\">\n<figure class=\"wp-block-image size-large\"><img fetchpriority=\"high\" decoding=\"async\" width=\"1024\" height=\"530\" data-id=\"4498\" src=\"https:\/\/izo.si\/wp-content\/uploads\/2023\/12\/IMG_0944-1024x530.jpg\" alt=\"\" class=\"wp-image-4498\" srcset=\"https:\/\/izo.si\/wp-content\/uploads\/2023\/12\/IMG_0944-1024x530.jpg 1024w, https:\/\/izo.si\/wp-content\/uploads\/2023\/12\/IMG_0944-300x155.jpg 300w, https:\/\/izo.si\/wp-content\/uploads\/2023\/12\/IMG_0944-768x398.jpg 768w, https:\/\/izo.si\/wp-content\/uploads\/2023\/12\/IMG_0944-1536x795.jpg 1536w, https:\/\/izo.si\/wp-content\/uploads\/2023\/12\/IMG_0944-2048x1060.jpg 2048w, https:\/\/izo.si\/wp-content\/uploads\/2023\/12\/IMG_0944-18x9.jpg 18w\" sizes=\"(max-width: 1024px) 100vw, 1024px\" \/><\/figure>\n\n\n\n<figure class=\"wp-block-image size-large\"><img decoding=\"async\" width=\"1024\" height=\"768\" data-id=\"4497\" src=\"https:\/\/izo.si\/wp-content\/uploads\/2023\/12\/IMG_0942-1024x768.jpg\" alt=\"\" class=\"wp-image-4497\" srcset=\"https:\/\/izo.si\/wp-content\/uploads\/2023\/12\/IMG_0942-1024x768.jpg 1024w, https:\/\/izo.si\/wp-content\/uploads\/2023\/12\/IMG_0942-300x225.jpg 300w, https:\/\/izo.si\/wp-content\/uploads\/2023\/12\/IMG_0942-768x576.jpg 768w, https:\/\/izo.si\/wp-content\/uploads\/2023\/12\/IMG_0942-1536x1152.jpg 1536w, https:\/\/izo.si\/wp-content\/uploads\/2023\/12\/IMG_0942-2048x1536.jpg 2048w, https:\/\/izo.si\/wp-content\/uploads\/2023\/12\/IMG_0942-16x12.jpg 16w\" sizes=\"(max-width: 1024px) 100vw, 1024px\" \/><\/figure>\n<\/figure>\n\n\n\n<p>Mnoge razprave lahko povzamemo z \u017ee omenjenim dejstvom: &#8220;Podnebna kriza je zdravstvena kriza.&#8221; Posledice podnebnih sprememb na zdravje ljudi so \u017ee merljive, \u0161e posebej pa so prisotne v dr\u017eavah globalnega juga, ki so za okoljsko stanje, v katerem \u017eivimo, najmanj odgovorne. Za izbolj\u0161anje stanja na zdravstvenem podro\u010dju je nujno hitro in u\u010dinkovito prilagajanje na podnebne spremembe, ki je tudi eden od osnovnih pogojev za vzdr\u017eevanje svetovnega miru.<\/p>\n\n\n<div class=\"wp-block-image is-style-default\">\n<figure class=\"aligncenter size-large is-resized\"><img decoding=\"async\" width=\"768\" height=\"1024\" src=\"https:\/\/izo.si\/wp-content\/uploads\/2023\/12\/IMG_4960-768x1024.jpg\" alt=\"\" class=\"wp-image-4515\" style=\"aspect-ratio:1.3333333333333333;object-fit:cover;width:408px;height:auto\" srcset=\"https:\/\/izo.si\/wp-content\/uploads\/2023\/12\/IMG_4960-768x1024.jpg 768w, https:\/\/izo.si\/wp-content\/uploads\/2023\/12\/IMG_4960-225x300.jpg 225w, https:\/\/izo.si\/wp-content\/uploads\/2023\/12\/IMG_4960-1152x1536.jpg 1152w, https:\/\/izo.si\/wp-content\/uploads\/2023\/12\/IMG_4960-1536x2048.jpg 1536w, https:\/\/izo.si\/wp-content\/uploads\/2023\/12\/IMG_4960-9x12.jpg 9w, https:\/\/izo.si\/wp-content\/uploads\/2023\/12\/IMG_4960-scaled.jpg 1920w\" sizes=\"(max-width: 768px) 100vw, 768px\" \/><\/figure>\n<\/div>","protected":false},"excerpt":{"rendered":"<p>Svetovni posvet o podnebnih ukrepih (COP28) letos med 30. novembrom in 12. decembrom poteka v Dubaju. Med 1. In 5. decembrom je bil na posvetu prisoten tudi In\u0161titut za zdravje in okolje. Leto\u0161nji COP je, kljub mnogim protislovjem, ki so povezana z lokacijo in organizatorji dogodka, zgodovinski. 3. december je bil namre\u010d prvi\u010d v zgodovini [&hellip;]<\/p>","protected":false},"author":8,"featured_media":4511,"comment_status":"closed","ping_status":"closed","sticky":false,"template":"","format":"standard","meta":{"_monsterinsights_skip_tracking":false,"_monsterinsights_sitenote_active":false,"_monsterinsights_sitenote_note":"","_monsterinsights_sitenote_category":0,"_uf_show_specific_survey":0,"_uf_disable_surveys":false,"footnotes":""},"categories":[7],"tags":[],"class_list":["post-4495","post","type-post","status-publish","format-standard","has-post-thumbnail","hentry","category-novice"],"aioseo_notices":[],"yoast_head":"<!-- This site is optimized with the Yoast SEO plugin v24.5 - https:\/\/yoast.com\/wordpress\/plugins\/seo\/ -->\n<title>COP28: zgodovinski poudarek na zdravju v sredi\u0161\u010du podnebnih razprav - IZO<\/title>\n<meta name=\"robots\" content=\"index, follow, max-snippet:-1, max-image-preview:large, max-video-preview:-1\" \/>\n<link rel=\"canonical\" href=\"https:\/\/izo.si\/en\/cop28-zgodovinski-poudarek-na-zdravju-v-srediscu-podnebnih-razprav\/\" \/>\n<meta property=\"og:locale\" content=\"en_GB\" \/>\n<meta property=\"og:type\" content=\"article\" \/>\n<meta property=\"og:title\" content=\"COP28: zgodovinski poudarek na zdravju v sredi\u0161\u010du podnebnih razprav - IZO\" \/>\n<meta property=\"og:description\" content=\"Svetovni posvet o podnebnih ukrepih (COP28) letos med 30. novembrom in 12. decembrom poteka v Dubaju. Med 1. In 5. decembrom je bil na posvetu prisoten tudi In\u0161titut za zdravje in okolje. Leto\u0161nji COP je, kljub mnogim protislovjem, ki so povezana z lokacijo in organizatorji dogodka, zgodovinski. 3. december je bil namre\u010d prvi\u010d v zgodovini [&hellip;]\" \/>\n<meta property=\"og:url\" content=\"https:\/\/izo.si\/en\/cop28-zgodovinski-poudarek-na-zdravju-v-srediscu-podnebnih-razprav\/\" \/>\n<meta property=\"og:site_name\" content=\"IZO\" \/>\n<meta property=\"article:published_time\" content=\"2023-12-06T16:17:27+00:00\" \/>\n<meta property=\"article:modified_time\" content=\"2023-12-07T10:14:08+00:00\" \/>\n<meta property=\"og:image\" content=\"https:\/\/izo.si\/wp-content\/uploads\/2023\/12\/IMG_4876-scaled.jpg\" \/>\n\t<meta property=\"og:image:width\" content=\"2560\" \/>\n\t<meta property=\"og:image:height\" content=\"1920\" \/>\n\t<meta property=\"og:image:type\" content=\"image\/jpeg\" \/>\n<meta name=\"author\" content=\"info@izo.si\" \/>\n<meta name=\"twitter:card\" content=\"summary_large_image\" \/>\n<meta name=\"twitter:label1\" content=\"Written by\" \/>\n\t<meta name=\"twitter:data1\" content=\"info@izo.si\" \/>\n\t<meta name=\"twitter:label2\" content=\"Estimated reading time\" \/>\n\t<meta name=\"twitter:data2\" content=\"3 minutes\" \/>\n<script type=\"application\/ld+json\" class=\"yoast-schema-graph\">{\"@context\":\"https:\/\/schema.org\",\"@graph\":[{\"@type\":\"Article\",\"@id\":\"https:\/\/izo.si\/cop28-zgodovinski-poudarek-na-zdravju-v-srediscu-podnebnih-razprav\/#article\",\"isPartOf\":{\"@id\":\"https:\/\/izo.si\/cop28-zgodovinski-poudarek-na-zdravju-v-srediscu-podnebnih-razprav\/\"},\"author\":{\"name\":\"info@izo.si\",\"@id\":\"https:\/\/izo.si\/#\/schema\/person\/7c1d308fe359416255fc3003e716015d\"},\"headline\":\"COP28: zgodovinski poudarek na zdravju v sredi\u0161\u010du podnebnih razprav\",\"datePublished\":\"2023-12-06T16:17:27+00:00\",\"dateModified\":\"2023-12-07T10:14:08+00:00\",\"mainEntityOfPage\":{\"@id\":\"https:\/\/izo.si\/cop28-zgodovinski-poudarek-na-zdravju-v-srediscu-podnebnih-razprav\/\"},\"wordCount\":363,\"publisher\":{\"@id\":\"https:\/\/izo.si\/#organization\"},\"image\":{\"@id\":\"https:\/\/izo.si\/cop28-zgodovinski-poudarek-na-zdravju-v-srediscu-podnebnih-razprav\/#primaryimage\"},\"thumbnailUrl\":\"https:\/\/izo.si\/wp-content\/uploads\/2023\/12\/IMG_4876-scaled.jpg\",\"articleSection\":[\"Novice\"],\"inLanguage\":\"en-GB\"},{\"@type\":\"WebPage\",\"@id\":\"https:\/\/izo.si\/cop28-zgodovinski-poudarek-na-zdravju-v-srediscu-podnebnih-razprav\/\",\"url\":\"https:\/\/izo.si\/cop28-zgodovinski-poudarek-na-zdravju-v-srediscu-podnebnih-razprav\/\",\"name\":\"COP28: zgodovinski poudarek na zdravju v sredi\u0161\u010du podnebnih razprav - IZO\",\"isPartOf\":{\"@id\":\"https:\/\/izo.si\/#website\"},\"primaryImageOfPage\":{\"@id\":\"https:\/\/izo.si\/cop28-zgodovinski-poudarek-na-zdravju-v-srediscu-podnebnih-razprav\/#primaryimage\"},\"image\":{\"@id\":\"https:\/\/izo.si\/cop28-zgodovinski-poudarek-na-zdravju-v-srediscu-podnebnih-razprav\/#primaryimage\"},\"thumbnailUrl\":\"https:\/\/izo.si\/wp-content\/uploads\/2023\/12\/IMG_4876-scaled.jpg\",\"datePublished\":\"2023-12-06T16:17:27+00:00\",\"dateModified\":\"2023-12-07T10:14:08+00:00\",\"breadcrumb\":{\"@id\":\"https:\/\/izo.si\/cop28-zgodovinski-poudarek-na-zdravju-v-srediscu-podnebnih-razprav\/#breadcrumb\"},\"inLanguage\":\"en-GB\",\"potentialAction\":[{\"@type\":\"ReadAction\",\"target\":[\"https:\/\/izo.si\/cop28-zgodovinski-poudarek-na-zdravju-v-srediscu-podnebnih-razprav\/\"]}]},{\"@type\":\"ImageObject\",\"inLanguage\":\"en-GB\",\"@id\":\"https:\/\/izo.si\/cop28-zgodovinski-poudarek-na-zdravju-v-srediscu-podnebnih-razprav\/#primaryimage\",\"url\":\"https:\/\/izo.si\/wp-content\/uploads\/2023\/12\/IMG_4876-scaled.jpg\",\"contentUrl\":\"https:\/\/izo.si\/wp-content\/uploads\/2023\/12\/IMG_4876-scaled.jpg\",\"width\":2560,\"height\":1920},{\"@type\":\"BreadcrumbList\",\"@id\":\"https:\/\/izo.si\/cop28-zgodovinski-poudarek-na-zdravju-v-srediscu-podnebnih-razprav\/#breadcrumb\",\"itemListElement\":[{\"@type\":\"ListItem\",\"position\":1,\"name\":\"Home\",\"item\":\"https:\/\/izo.si\/\"},{\"@type\":\"ListItem\",\"position\":2,\"name\":\"COP28: zgodovinski poudarek na zdravju v sredi\u0161\u010du podnebnih razprav\"}]},{\"@type\":\"WebSite\",\"@id\":\"https:\/\/izo.si\/#website\",\"url\":\"https:\/\/izo.si\/\",\"name\":\"IZO\",\"description\":\"In\u0161titut za zdravje in okolje\",\"publisher\":{\"@id\":\"https:\/\/izo.si\/#organization\"},\"potentialAction\":[{\"@type\":\"SearchAction\",\"target\":{\"@type\":\"EntryPoint\",\"urlTemplate\":\"https:\/\/izo.si\/?s={search_term_string}\"},\"query-input\":{\"@type\":\"PropertyValueSpecification\",\"valueRequired\":true,\"valueName\":\"search_term_string\"}}],\"inLanguage\":\"en-GB\"},{\"@type\":\"Organization\",\"@id\":\"https:\/\/izo.si\/#organization\",\"name\":\"IZO\",\"url\":\"https:\/\/izo.si\/\",\"logo\":{\"@type\":\"ImageObject\",\"inLanguage\":\"en-GB\",\"@id\":\"https:\/\/izo.si\/#\/schema\/logo\/image\/\",\"url\":\"https:\/\/izo.si\/wp-content\/uploads\/2021\/01\/izo-logo@2x.png\",\"contentUrl\":\"https:\/\/izo.si\/wp-content\/uploads\/2021\/01\/izo-logo@2x.png\",\"width\":262,\"height\":139,\"caption\":\"IZO\"},\"image\":{\"@id\":\"https:\/\/izo.si\/#\/schema\/logo\/image\/\"}},{\"@type\":\"Person\",\"@id\":\"https:\/\/izo.si\/#\/schema\/person\/7c1d308fe359416255fc3003e716015d\",\"name\":\"info@izo.si\",\"image\":{\"@type\":\"ImageObject\",\"inLanguage\":\"en-GB\",\"@id\":\"https:\/\/izo.si\/#\/schema\/person\/image\/\",\"url\":\"https:\/\/secure.gravatar.com\/avatar\/6119564cb294b108df0fe93b796cfc2f405adef8ccb4e9788179335543b4f393?s=96&d=mm&r=g\",\"contentUrl\":\"https:\/\/secure.gravatar.com\/avatar\/6119564cb294b108df0fe93b796cfc2f405adef8ccb4e9788179335543b4f393?s=96&d=mm&r=g\",\"caption\":\"info@izo.si\"},\"url\":\"https:\/\/izo.si\/en\/author\/infoizo-si\/\"}]}<\/script>\n<!-- \/ Yoast SEO plugin. -->","yoast_head_json":{"title":"COP28: zgodovinski poudarek na zdravju v sredi\u0161\u010du podnebnih razprav - IZO","robots":{"index":"index","follow":"follow","max-snippet":"max-snippet:-1","max-image-preview":"max-image-preview:large","max-video-preview":"max-video-preview:-1"},"canonical":"https:\/\/izo.si\/en\/cop28-zgodovinski-poudarek-na-zdravju-v-srediscu-podnebnih-razprav\/","og_locale":"en_GB","og_type":"article","og_title":"COP28: zgodovinski poudarek na zdravju v sredi\u0161\u010du podnebnih razprav - IZO","og_description":"Svetovni posvet o podnebnih ukrepih (COP28) letos med 30. novembrom in 12. decembrom poteka v Dubaju. Med 1. In 5. decembrom je bil na posvetu prisoten tudi In\u0161titut za zdravje in okolje. Leto\u0161nji COP je, kljub mnogim protislovjem, ki so povezana z lokacijo in organizatorji dogodka, zgodovinski. 3. december je bil namre\u010d prvi\u010d v zgodovini [&hellip;]","og_url":"https:\/\/izo.si\/en\/cop28-zgodovinski-poudarek-na-zdravju-v-srediscu-podnebnih-razprav\/","og_site_name":"IZO","article_published_time":"2023-12-06T16:17:27+00:00","article_modified_time":"2023-12-07T10:14:08+00:00","og_image":[{"width":2560,"height":1920,"url":"https:\/\/izo.si\/wp-content\/uploads\/2023\/12\/IMG_4876-scaled.jpg","type":"image\/jpeg"}],"author":"info@izo.si","twitter_card":"summary_large_image","twitter_misc":{"Written by":"info@izo.si","Estimated reading time":"3 minutes"},"schema":{"@context":"https:\/\/schema.org","@graph":[{"@type":"Article","@id":"https:\/\/izo.si\/cop28-zgodovinski-poudarek-na-zdravju-v-srediscu-podnebnih-razprav\/#article","isPartOf":{"@id":"https:\/\/izo.si\/cop28-zgodovinski-poudarek-na-zdravju-v-srediscu-podnebnih-razprav\/"},"author":{"name":"info@izo.si","@id":"https:\/\/izo.si\/#\/schema\/person\/7c1d308fe359416255fc3003e716015d"},"headline":"COP28: zgodovinski poudarek na zdravju v sredi\u0161\u010du podnebnih razprav","datePublished":"2023-12-06T16:17:27+00:00","dateModified":"2023-12-07T10:14:08+00:00","mainEntityOfPage":{"@id":"https:\/\/izo.si\/cop28-zgodovinski-poudarek-na-zdravju-v-srediscu-podnebnih-razprav\/"},"wordCount":363,"publisher":{"@id":"https:\/\/izo.si\/#organization"},"image":{"@id":"https:\/\/izo.si\/cop28-zgodovinski-poudarek-na-zdravju-v-srediscu-podnebnih-razprav\/#primaryimage"},"thumbnailUrl":"https:\/\/izo.si\/wp-content\/uploads\/2023\/12\/IMG_4876-scaled.jpg","articleSection":["Novice"],"inLanguage":"en-GB"},{"@type":"WebPage","@id":"https:\/\/izo.si\/cop28-zgodovinski-poudarek-na-zdravju-v-srediscu-podnebnih-razprav\/","url":"https:\/\/izo.si\/cop28-zgodovinski-poudarek-na-zdravju-v-srediscu-podnebnih-razprav\/","name":"COP28: zgodovinski poudarek na zdravju v sredi\u0161\u010du podnebnih razprav - IZO","isPartOf":{"@id":"https:\/\/izo.si\/#website"},"primaryImageOfPage":{"@id":"https:\/\/izo.si\/cop28-zgodovinski-poudarek-na-zdravju-v-srediscu-podnebnih-razprav\/#primaryimage"},"image":{"@id":"https:\/\/izo.si\/cop28-zgodovinski-poudarek-na-zdravju-v-srediscu-podnebnih-razprav\/#primaryimage"},"thumbnailUrl":"https:\/\/izo.si\/wp-content\/uploads\/2023\/12\/IMG_4876-scaled.jpg","datePublished":"2023-12-06T16:17:27+00:00","dateModified":"2023-12-07T10:14:08+00:00","breadcrumb":{"@id":"https:\/\/izo.si\/cop28-zgodovinski-poudarek-na-zdravju-v-srediscu-podnebnih-razprav\/#breadcrumb"},"inLanguage":"en-GB","potentialAction":[{"@type":"ReadAction","target":["https:\/\/izo.si\/cop28-zgodovinski-poudarek-na-zdravju-v-srediscu-podnebnih-razprav\/"]}]},{"@type":"ImageObject","inLanguage":"en-GB","@id":"https:\/\/izo.si\/cop28-zgodovinski-poudarek-na-zdravju-v-srediscu-podnebnih-razprav\/#primaryimage","url":"https:\/\/izo.si\/wp-content\/uploads\/2023\/12\/IMG_4876-scaled.jpg","contentUrl":"https:\/\/izo.si\/wp-content\/uploads\/2023\/12\/IMG_4876-scaled.jpg","width":2560,"height":1920},{"@type":"BreadcrumbList","@id":"https:\/\/izo.si\/cop28-zgodovinski-poudarek-na-zdravju-v-srediscu-podnebnih-razprav\/#breadcrumb","itemListElement":[{"@type":"ListItem","position":1,"name":"Home","item":"https:\/\/izo.si\/"},{"@type":"ListItem","position":2,"name":"COP28: zgodovinski poudarek na zdravju v sredi\u0161\u010du podnebnih razprav"}]},{"@type":"WebSite","@id":"https:\/\/izo.si\/#website","url":"https:\/\/izo.si\/","name":"IZO","description":"Institute for Health and Environment","publisher":{"@id":"https:\/\/izo.si\/#organization"},"potentialAction":[{"@type":"SearchAction","target":{"@type":"EntryPoint","urlTemplate":"https:\/\/izo.si\/?s={search_term_string}"},"query-input":{"@type":"PropertyValueSpecification","valueRequired":true,"valueName":"search_term_string"}}],"inLanguage":"en-GB"},{"@type":"Organization","@id":"https:\/\/izo.si\/#organization","name":"IZO","url":"https:\/\/izo.si\/","logo":{"@type":"ImageObject","inLanguage":"en-GB","@id":"https:\/\/izo.si\/#\/schema\/logo\/image\/","url":"https:\/\/izo.si\/wp-content\/uploads\/2021\/01\/izo-logo@2x.png","contentUrl":"https:\/\/izo.si\/wp-content\/uploads\/2021\/01\/izo-logo@2x.png","width":262,"height":139,"caption":"IZO"},"image":{"@id":"https:\/\/izo.si\/#\/schema\/logo\/image\/"}},{"@type":"Person","@id":"https:\/\/izo.si\/#\/schema\/person\/7c1d308fe359416255fc3003e716015d","name":"info@izo.si","image":{"@type":"ImageObject","inLanguage":"en-GB","@id":"https:\/\/izo.si\/#\/schema\/person\/image\/","url":"https:\/\/secure.gravatar.com\/avatar\/6119564cb294b108df0fe93b796cfc2f405adef8ccb4e9788179335543b4f393?s=96&d=mm&r=g","contentUrl":"https:\/\/secure.gravatar.com\/avatar\/6119564cb294b108df0fe93b796cfc2f405adef8ccb4e9788179335543b4f393?s=96&d=mm&r=g","caption":"info@izo.si"},"url":"https:\/\/izo.si\/en\/author\/infoizo-si\/"}]}},"_links":{"self":[{"href":"https:\/\/izo.si\/en\/wp-json\/wp\/v2\/posts\/4495","targetHints":{"allow":["GET"]}}],"collection":[{"href":"https:\/\/izo.si\/en\/wp-json\/wp\/v2\/posts"}],"about":[{"href":"https:\/\/izo.si\/en\/wp-json\/wp\/v2\/types\/post"}],"author":[{"embeddable":true,"href":"https:\/\/izo.si\/en\/wp-json\/wp\/v2\/users\/8"}],"replies":[{"embeddable":true,"href":"https:\/\/izo.si\/en\/wp-json\/wp\/v2\/comments?post=4495"}],"version-history":[{"count":4,"href":"https:\/\/izo.si\/en\/wp-json\/wp\/v2\/posts\/4495\/revisions"}],"predecessor-version":[{"id":4518,"href":"https:\/\/izo.si\/en\/wp-json\/wp\/v2\/posts\/4495\/revisions\/4518"}],"wp:featuredmedia":[{"embeddable":true,"href":"https:\/\/izo.si\/en\/wp-json\/wp\/v2\/media\/4511"}],"wp:attachment":[{"href":"https:\/\/izo.si\/en\/wp-json\/wp\/v2\/media?parent=4495"}],"wp:term":[{"taxonomy":"category","embeddable":true,"href":"https:\/\/izo.si\/en\/wp-json\/wp\/v2\/categories?post=4495"},{"taxonomy":"post_tag","embeddable":true,"href":"https:\/\/izo.si\/en\/wp-json\/wp\/v2\/tags?post=4495"}],"curies":[{"name":"wp","href":"https:\/\/api.w.org\/{rel}","templated":true}]}}