{"id":4465,"date":"2023-11-07T15:17:53","date_gmt":"2023-11-07T14:17:53","guid":{"rendered":"https:\/\/izo.si\/?p=4465"},"modified":"2023-11-07T15:31:23","modified_gmt":"2023-11-07T14:31:23","slug":"pot-do-cistejsega-zraka-evropa-pred-kljucnimi-pogajanji","status":"publish","type":"post","link":"https:\/\/izo.si\/en\/pot-do-cistejsega-zraka-evropa-pred-kljucnimi-pogajanji\/","title":{"rendered":"Pot do \u010distej\u0161ega zraka: Evropa pred klju\u010dnimi pogajanji"},"content":{"rendered":"<p>Po uspe\u0161nem glasovanju v Evropskem parlamentu, ki je potekalo 13. septembra 2023, Slovenija skupaj z ostalimi \u010dlanicami Evropske unije vstopa v novo poglavje v boju za bolj\u0161o kakovost zraka in podporo stro\u017ejih standardov o kakovosti zraka. <\/p>\n\n\n\n<p>Oktobra 2022 je Evropska komisija namre\u010d predlagala&nbsp;<a href=\"https:\/\/ec.europa.eu\/commission\/presscorner\/detail\/sl\/ip_22_6278\">revizijo pravil o kakovosti zraka<\/a>&nbsp;z ambicioznej\u0161imi cilji za leto 2030 in dosego cilja ni\u010delnega onesna\u017eevanja do leta 2050 v skladu z akcijskim na\u010drtom EU za ni\u010delno onesna\u017eevanje.<\/p>\n\n\n\n<p>Na septembrskem zasedanju so poslanci Evropskega parlamenta potrdili osnutek besedila, ki ga je junija 2023 sprejel odbor za okolje (ENVI). Besedilo dolo\u010da stro\u017eje mejne vrednosti za leto 2030 in ciljne vrednosti za ve\u010d onesna\u017eeval v primerjavi s prvotnim predlogom Komisije. Poslanci \u017eelijo tudi pove\u010dati \u0161tevilo vzor\u010devalnih mest za kakovost zraka ter uskladiti trenutno razdrobljene in neintuitivne indekse kakovosti zraka, da bi dr\u017eavljanom zagotovili bolj\u0161e informacije o lokalnem onesna\u017eevanju zraka.<\/p>\n\n\n\n<p>Sedaj pa v ospredje prihaja serija pogajanj v Svetu EU, ki bodo potekala prek Okoljskega sveta ministrov. Ta pomemben korak napoveduje intenzivno obdobje iskanja skupnih re\u0161itev in kompromisov, ki bi pripomogli k izbolj\u0161anju kakovosti zraka na celotnem obmo\u010dju EU.<\/p>\n\n\n\n<p>V sodelovanju z organizacijo Health and Environment Alliance ter s podporo Plana B smo slovenskemu ministru za okolje, podnebje in energijo poslali pismo, v katerem smo poudarili pomembnost podpore pri dajanju prednosti za\u0161\u010diti zdravja na prihajajo\u010dih zakonodajnih pogajanjih. Pismo objavljamo v nadaljevanju: <\/p>\n\n\n\n<div data-wp-interactive=\"core\/file\" class=\"wp-block-file\"><object data-wp-bind--hidden=\"!state.hasPdfPreview\" hidden class=\"wp-block-file__embed\" data=\"https:\/\/izo.si\/wp-content\/uploads\/2023\/11\/Poziv_AAQD.pdf\" type=\"application\/pdf\" style=\"width:100%;height:600px\" aria-label=\"Embed of Poziv_AAQD.\"><\/object><a id=\"wp-block-file--media-0162d6c7-33d9-4d4a-8f75-55673b5f627f\" href=\"https:\/\/izo.si\/wp-content\/uploads\/2023\/11\/Poziv_AAQD.pdf\">Poziv_AAQD<\/a><a href=\"https:\/\/izo.si\/wp-content\/uploads\/2023\/11\/Poziv_AAQD.pdf\" class=\"wp-block-file__button wp-element-button\" download aria-describedby=\"wp-block-file--media-0162d6c7-33d9-4d4a-8f75-55673b5f627f\">Download<\/a><\/div>\n\n\n\n<p>Svoj del\u010dek k sestavljanki pa lahko doda tudi vsak posameznik, in sicer s podpisom <a href=\"https:\/\/action.wemove.eu\/sign\/2021-03-air-quality-petition-SL\">peticije za \u010distej\u0161i zrak<\/a>, ki zahteva celovito ujemanje standardov EU za kakovost zraka z najnovej\u0161imi znanstvenimi spoznanji.<\/p>","protected":false},"excerpt":{"rendered":"<p>Po uspe\u0161nem glasovanju v Evropskem parlamentu, ki je potekalo 13. septembra 2023, Slovenija skupaj z ostalimi \u010dlanicami Evropske unije vstopa v novo poglavje v boju za bolj\u0161o kakovost zraka in podporo stro\u017ejih standardov o kakovosti zraka. Oktobra 2022 je Evropska komisija namre\u010d predlagala&nbsp;revizijo pravil o kakovosti zraka&nbsp;z ambicioznej\u0161imi cilji za leto 2030 in dosego cilja [&hellip;]<\/p>","protected":false},"author":8,"featured_media":4467,"comment_status":"closed","ping_status":"closed","sticky":false,"template":"","format":"standard","meta":{"_monsterinsights_skip_tracking":false,"_monsterinsights_sitenote_active":false,"_monsterinsights_sitenote_note":"","_monsterinsights_sitenote_category":0,"_uf_show_specific_survey":0,"_uf_disable_surveys":false,"footnotes":""},"categories":[7],"tags":[],"class_list":["post-4465","post","type-post","status-publish","format-standard","has-post-thumbnail","hentry","category-novice"],"aioseo_notices":[],"yoast_head":"<!-- This site is optimized with the Yoast SEO plugin v24.5 - https:\/\/yoast.com\/wordpress\/plugins\/seo\/ -->\n<title>Pot do \u010distej\u0161ega zraka: Evropa pred klju\u010dnimi pogajanji - IZO<\/title>\n<meta name=\"robots\" content=\"index, follow, max-snippet:-1, max-image-preview:large, max-video-preview:-1\" \/>\n<link rel=\"canonical\" href=\"https:\/\/izo.si\/en\/pot-do-cistejsega-zraka-evropa-pred-kljucnimi-pogajanji\/\" \/>\n<meta property=\"og:locale\" content=\"en_GB\" \/>\n<meta property=\"og:type\" content=\"article\" \/>\n<meta property=\"og:title\" content=\"Pot do \u010distej\u0161ega zraka: Evropa pred klju\u010dnimi pogajanji - IZO\" \/>\n<meta property=\"og:description\" content=\"Po uspe\u0161nem glasovanju v Evropskem parlamentu, ki je potekalo 13. septembra 2023, Slovenija skupaj z ostalimi \u010dlanicami Evropske unije vstopa v novo poglavje v boju za bolj\u0161o kakovost zraka in podporo stro\u017ejih standardov o kakovosti zraka. Oktobra 2022 je Evropska komisija namre\u010d predlagala&nbsp;revizijo pravil o kakovosti zraka&nbsp;z ambicioznej\u0161imi cilji za leto 2030 in dosego cilja [&hellip;]\" \/>\n<meta property=\"og:url\" content=\"https:\/\/izo.si\/en\/pot-do-cistejsega-zraka-evropa-pred-kljucnimi-pogajanji\/\" \/>\n<meta property=\"og:site_name\" content=\"IZO\" \/>\n<meta property=\"article:published_time\" content=\"2023-11-07T14:17:53+00:00\" \/>\n<meta property=\"article:modified_time\" content=\"2023-11-07T14:31:23+00:00\" \/>\n<meta property=\"og:image\" content=\"https:\/\/izo.si\/wp-content\/uploads\/2023\/11\/Untitled-design.png\" \/>\n\t<meta property=\"og:image:width\" content=\"1080\" \/>\n\t<meta property=\"og:image:height\" content=\"1080\" \/>\n\t<meta property=\"og:image:type\" content=\"image\/png\" \/>\n<meta name=\"author\" content=\"info@izo.si\" \/>\n<meta name=\"twitter:card\" content=\"summary_large_image\" \/>\n<meta name=\"twitter:label1\" content=\"Written by\" \/>\n\t<meta name=\"twitter:data1\" content=\"info@izo.si\" \/>\n\t<meta name=\"twitter:label2\" content=\"Estimated reading time\" \/>\n\t<meta name=\"twitter:data2\" content=\"2 minutes\" \/>\n<script type=\"application\/ld+json\" class=\"yoast-schema-graph\">{\"@context\":\"https:\/\/schema.org\",\"@graph\":[{\"@type\":\"Article\",\"@id\":\"https:\/\/izo.si\/pot-do-cistejsega-zraka-evropa-pred-kljucnimi-pogajanji\/#article\",\"isPartOf\":{\"@id\":\"https:\/\/izo.si\/pot-do-cistejsega-zraka-evropa-pred-kljucnimi-pogajanji\/\"},\"author\":{\"name\":\"info@izo.si\",\"@id\":\"https:\/\/izo.si\/#\/schema\/person\/7c1d308fe359416255fc3003e716015d\"},\"headline\":\"Pot do \u010distej\u0161ega zraka: Evropa pred klju\u010dnimi pogajanji\",\"datePublished\":\"2023-11-07T14:17:53+00:00\",\"dateModified\":\"2023-11-07T14:31:23+00:00\",\"mainEntityOfPage\":{\"@id\":\"https:\/\/izo.si\/pot-do-cistejsega-zraka-evropa-pred-kljucnimi-pogajanji\/\"},\"wordCount\":285,\"publisher\":{\"@id\":\"https:\/\/izo.si\/#organization\"},\"image\":{\"@id\":\"https:\/\/izo.si\/pot-do-cistejsega-zraka-evropa-pred-kljucnimi-pogajanji\/#primaryimage\"},\"thumbnailUrl\":\"https:\/\/izo.si\/wp-content\/uploads\/2023\/11\/Untitled-design.png\",\"articleSection\":[\"Novice\"],\"inLanguage\":\"en-GB\"},{\"@type\":\"WebPage\",\"@id\":\"https:\/\/izo.si\/pot-do-cistejsega-zraka-evropa-pred-kljucnimi-pogajanji\/\",\"url\":\"https:\/\/izo.si\/pot-do-cistejsega-zraka-evropa-pred-kljucnimi-pogajanji\/\",\"name\":\"Pot do \u010distej\u0161ega zraka: Evropa pred klju\u010dnimi pogajanji - IZO\",\"isPartOf\":{\"@id\":\"https:\/\/izo.si\/#website\"},\"primaryImageOfPage\":{\"@id\":\"https:\/\/izo.si\/pot-do-cistejsega-zraka-evropa-pred-kljucnimi-pogajanji\/#primaryimage\"},\"image\":{\"@id\":\"https:\/\/izo.si\/pot-do-cistejsega-zraka-evropa-pred-kljucnimi-pogajanji\/#primaryimage\"},\"thumbnailUrl\":\"https:\/\/izo.si\/wp-content\/uploads\/2023\/11\/Untitled-design.png\",\"datePublished\":\"2023-11-07T14:17:53+00:00\",\"dateModified\":\"2023-11-07T14:31:23+00:00\",\"breadcrumb\":{\"@id\":\"https:\/\/izo.si\/pot-do-cistejsega-zraka-evropa-pred-kljucnimi-pogajanji\/#breadcrumb\"},\"inLanguage\":\"en-GB\",\"potentialAction\":[{\"@type\":\"ReadAction\",\"target\":[\"https:\/\/izo.si\/pot-do-cistejsega-zraka-evropa-pred-kljucnimi-pogajanji\/\"]}]},{\"@type\":\"ImageObject\",\"inLanguage\":\"en-GB\",\"@id\":\"https:\/\/izo.si\/pot-do-cistejsega-zraka-evropa-pred-kljucnimi-pogajanji\/#primaryimage\",\"url\":\"https:\/\/izo.si\/wp-content\/uploads\/2023\/11\/Untitled-design.png\",\"contentUrl\":\"https:\/\/izo.si\/wp-content\/uploads\/2023\/11\/Untitled-design.png\",\"width\":1080,\"height\":1080},{\"@type\":\"BreadcrumbList\",\"@id\":\"https:\/\/izo.si\/pot-do-cistejsega-zraka-evropa-pred-kljucnimi-pogajanji\/#breadcrumb\",\"itemListElement\":[{\"@type\":\"ListItem\",\"position\":1,\"name\":\"Home\",\"item\":\"https:\/\/izo.si\/\"},{\"@type\":\"ListItem\",\"position\":2,\"name\":\"Pot do \u010distej\u0161ega zraka: Evropa pred klju\u010dnimi pogajanji\"}]},{\"@type\":\"WebSite\",\"@id\":\"https:\/\/izo.si\/#website\",\"url\":\"https:\/\/izo.si\/\",\"name\":\"IZO\",\"description\":\"In\u0161titut za zdravje in okolje\",\"publisher\":{\"@id\":\"https:\/\/izo.si\/#organization\"},\"potentialAction\":[{\"@type\":\"SearchAction\",\"target\":{\"@type\":\"EntryPoint\",\"urlTemplate\":\"https:\/\/izo.si\/?s={search_term_string}\"},\"query-input\":{\"@type\":\"PropertyValueSpecification\",\"valueRequired\":true,\"valueName\":\"search_term_string\"}}],\"inLanguage\":\"en-GB\"},{\"@type\":\"Organization\",\"@id\":\"https:\/\/izo.si\/#organization\",\"name\":\"IZO\",\"url\":\"https:\/\/izo.si\/\",\"logo\":{\"@type\":\"ImageObject\",\"inLanguage\":\"en-GB\",\"@id\":\"https:\/\/izo.si\/#\/schema\/logo\/image\/\",\"url\":\"https:\/\/izo.si\/wp-content\/uploads\/2021\/01\/izo-logo@2x.png\",\"contentUrl\":\"https:\/\/izo.si\/wp-content\/uploads\/2021\/01\/izo-logo@2x.png\",\"width\":262,\"height\":139,\"caption\":\"IZO\"},\"image\":{\"@id\":\"https:\/\/izo.si\/#\/schema\/logo\/image\/\"}},{\"@type\":\"Person\",\"@id\":\"https:\/\/izo.si\/#\/schema\/person\/7c1d308fe359416255fc3003e716015d\",\"name\":\"info@izo.si\",\"image\":{\"@type\":\"ImageObject\",\"inLanguage\":\"en-GB\",\"@id\":\"https:\/\/izo.si\/#\/schema\/person\/image\/\",\"url\":\"https:\/\/secure.gravatar.com\/avatar\/6119564cb294b108df0fe93b796cfc2f405adef8ccb4e9788179335543b4f393?s=96&d=mm&r=g\",\"contentUrl\":\"https:\/\/secure.gravatar.com\/avatar\/6119564cb294b108df0fe93b796cfc2f405adef8ccb4e9788179335543b4f393?s=96&d=mm&r=g\",\"caption\":\"info@izo.si\"},\"url\":\"https:\/\/izo.si\/en\/author\/infoizo-si\/\"}]}<\/script>\n<!-- \/ Yoast SEO plugin. -->","yoast_head_json":{"title":"Pot do \u010distej\u0161ega zraka: Evropa pred klju\u010dnimi pogajanji - IZO","robots":{"index":"index","follow":"follow","max-snippet":"max-snippet:-1","max-image-preview":"max-image-preview:large","max-video-preview":"max-video-preview:-1"},"canonical":"https:\/\/izo.si\/en\/pot-do-cistejsega-zraka-evropa-pred-kljucnimi-pogajanji\/","og_locale":"en_GB","og_type":"article","og_title":"Pot do \u010distej\u0161ega zraka: Evropa pred klju\u010dnimi pogajanji - IZO","og_description":"Po uspe\u0161nem glasovanju v Evropskem parlamentu, ki je potekalo 13. septembra 2023, Slovenija skupaj z ostalimi \u010dlanicami Evropske unije vstopa v novo poglavje v boju za bolj\u0161o kakovost zraka in podporo stro\u017ejih standardov o kakovosti zraka. Oktobra 2022 je Evropska komisija namre\u010d predlagala&nbsp;revizijo pravil o kakovosti zraka&nbsp;z ambicioznej\u0161imi cilji za leto 2030 in dosego cilja [&hellip;]","og_url":"https:\/\/izo.si\/en\/pot-do-cistejsega-zraka-evropa-pred-kljucnimi-pogajanji\/","og_site_name":"IZO","article_published_time":"2023-11-07T14:17:53+00:00","article_modified_time":"2023-11-07T14:31:23+00:00","og_image":[{"width":1080,"height":1080,"url":"https:\/\/izo.si\/wp-content\/uploads\/2023\/11\/Untitled-design.png","type":"image\/png"}],"author":"info@izo.si","twitter_card":"summary_large_image","twitter_misc":{"Written by":"info@izo.si","Estimated reading time":"2 minutes"},"schema":{"@context":"https:\/\/schema.org","@graph":[{"@type":"Article","@id":"https:\/\/izo.si\/pot-do-cistejsega-zraka-evropa-pred-kljucnimi-pogajanji\/#article","isPartOf":{"@id":"https:\/\/izo.si\/pot-do-cistejsega-zraka-evropa-pred-kljucnimi-pogajanji\/"},"author":{"name":"info@izo.si","@id":"https:\/\/izo.si\/#\/schema\/person\/7c1d308fe359416255fc3003e716015d"},"headline":"Pot do \u010distej\u0161ega zraka: Evropa pred klju\u010dnimi pogajanji","datePublished":"2023-11-07T14:17:53+00:00","dateModified":"2023-11-07T14:31:23+00:00","mainEntityOfPage":{"@id":"https:\/\/izo.si\/pot-do-cistejsega-zraka-evropa-pred-kljucnimi-pogajanji\/"},"wordCount":285,"publisher":{"@id":"https:\/\/izo.si\/#organization"},"image":{"@id":"https:\/\/izo.si\/pot-do-cistejsega-zraka-evropa-pred-kljucnimi-pogajanji\/#primaryimage"},"thumbnailUrl":"https:\/\/izo.si\/wp-content\/uploads\/2023\/11\/Untitled-design.png","articleSection":["Novice"],"inLanguage":"en-GB"},{"@type":"WebPage","@id":"https:\/\/izo.si\/pot-do-cistejsega-zraka-evropa-pred-kljucnimi-pogajanji\/","url":"https:\/\/izo.si\/pot-do-cistejsega-zraka-evropa-pred-kljucnimi-pogajanji\/","name":"Pot do \u010distej\u0161ega zraka: Evropa pred klju\u010dnimi pogajanji - IZO","isPartOf":{"@id":"https:\/\/izo.si\/#website"},"primaryImageOfPage":{"@id":"https:\/\/izo.si\/pot-do-cistejsega-zraka-evropa-pred-kljucnimi-pogajanji\/#primaryimage"},"image":{"@id":"https:\/\/izo.si\/pot-do-cistejsega-zraka-evropa-pred-kljucnimi-pogajanji\/#primaryimage"},"thumbnailUrl":"https:\/\/izo.si\/wp-content\/uploads\/2023\/11\/Untitled-design.png","datePublished":"2023-11-07T14:17:53+00:00","dateModified":"2023-11-07T14:31:23+00:00","breadcrumb":{"@id":"https:\/\/izo.si\/pot-do-cistejsega-zraka-evropa-pred-kljucnimi-pogajanji\/#breadcrumb"},"inLanguage":"en-GB","potentialAction":[{"@type":"ReadAction","target":["https:\/\/izo.si\/pot-do-cistejsega-zraka-evropa-pred-kljucnimi-pogajanji\/"]}]},{"@type":"ImageObject","inLanguage":"en-GB","@id":"https:\/\/izo.si\/pot-do-cistejsega-zraka-evropa-pred-kljucnimi-pogajanji\/#primaryimage","url":"https:\/\/izo.si\/wp-content\/uploads\/2023\/11\/Untitled-design.png","contentUrl":"https:\/\/izo.si\/wp-content\/uploads\/2023\/11\/Untitled-design.png","width":1080,"height":1080},{"@type":"BreadcrumbList","@id":"https:\/\/izo.si\/pot-do-cistejsega-zraka-evropa-pred-kljucnimi-pogajanji\/#breadcrumb","itemListElement":[{"@type":"ListItem","position":1,"name":"Home","item":"https:\/\/izo.si\/"},{"@type":"ListItem","position":2,"name":"Pot do \u010distej\u0161ega zraka: Evropa pred klju\u010dnimi pogajanji"}]},{"@type":"WebSite","@id":"https:\/\/izo.si\/#website","url":"https:\/\/izo.si\/","name":"IZO","description":"Institute for Health and Environment","publisher":{"@id":"https:\/\/izo.si\/#organization"},"potentialAction":[{"@type":"SearchAction","target":{"@type":"EntryPoint","urlTemplate":"https:\/\/izo.si\/?s={search_term_string}"},"query-input":{"@type":"PropertyValueSpecification","valueRequired":true,"valueName":"search_term_string"}}],"inLanguage":"en-GB"},{"@type":"Organization","@id":"https:\/\/izo.si\/#organization","name":"IZO","url":"https:\/\/izo.si\/","logo":{"@type":"ImageObject","inLanguage":"en-GB","@id":"https:\/\/izo.si\/#\/schema\/logo\/image\/","url":"https:\/\/izo.si\/wp-content\/uploads\/2021\/01\/izo-logo@2x.png","contentUrl":"https:\/\/izo.si\/wp-content\/uploads\/2021\/01\/izo-logo@2x.png","width":262,"height":139,"caption":"IZO"},"image":{"@id":"https:\/\/izo.si\/#\/schema\/logo\/image\/"}},{"@type":"Person","@id":"https:\/\/izo.si\/#\/schema\/person\/7c1d308fe359416255fc3003e716015d","name":"info@izo.si","image":{"@type":"ImageObject","inLanguage":"en-GB","@id":"https:\/\/izo.si\/#\/schema\/person\/image\/","url":"https:\/\/secure.gravatar.com\/avatar\/6119564cb294b108df0fe93b796cfc2f405adef8ccb4e9788179335543b4f393?s=96&d=mm&r=g","contentUrl":"https:\/\/secure.gravatar.com\/avatar\/6119564cb294b108df0fe93b796cfc2f405adef8ccb4e9788179335543b4f393?s=96&d=mm&r=g","caption":"info@izo.si"},"url":"https:\/\/izo.si\/en\/author\/infoizo-si\/"}]}},"_links":{"self":[{"href":"https:\/\/izo.si\/en\/wp-json\/wp\/v2\/posts\/4465","targetHints":{"allow":["GET"]}}],"collection":[{"href":"https:\/\/izo.si\/en\/wp-json\/wp\/v2\/posts"}],"about":[{"href":"https:\/\/izo.si\/en\/wp-json\/wp\/v2\/types\/post"}],"author":[{"embeddable":true,"href":"https:\/\/izo.si\/en\/wp-json\/wp\/v2\/users\/8"}],"replies":[{"embeddable":true,"href":"https:\/\/izo.si\/en\/wp-json\/wp\/v2\/comments?post=4465"}],"version-history":[{"count":3,"href":"https:\/\/izo.si\/en\/wp-json\/wp\/v2\/posts\/4465\/revisions"}],"predecessor-version":[{"id":4472,"href":"https:\/\/izo.si\/en\/wp-json\/wp\/v2\/posts\/4465\/revisions\/4472"}],"wp:featuredmedia":[{"embeddable":true,"href":"https:\/\/izo.si\/en\/wp-json\/wp\/v2\/media\/4467"}],"wp:attachment":[{"href":"https:\/\/izo.si\/en\/wp-json\/wp\/v2\/media?parent=4465"}],"wp:term":[{"taxonomy":"category","embeddable":true,"href":"https:\/\/izo.si\/en\/wp-json\/wp\/v2\/categories?post=4465"},{"taxonomy":"post_tag","embeddable":true,"href":"https:\/\/izo.si\/en\/wp-json\/wp\/v2\/tags?post=4465"}],"curies":[{"name":"wp","href":"https:\/\/api.w.org\/{rel}","templated":true}]}}