{"id":4412,"date":"2023-09-07T11:18:35","date_gmt":"2023-09-07T09:18:35","guid":{"rendered":"https:\/\/izo.si\/?p=4412"},"modified":"2023-09-07T11:29:04","modified_gmt":"2023-09-07T09:29:04","slug":"mednarodni-dan-cistega-zraka-skupaj-za-cist-zrak","status":"publish","type":"post","link":"https:\/\/izo.si\/en\/mednarodni-dan-cistega-zraka-skupaj-za-cist-zrak\/","title":{"rendered":"Mednarodni dan \u010distega zraka: Skupaj za \u010dist zrak"},"content":{"rendered":"<p><strong>Ljubljana, Slovenija, 7. september 2023<\/strong> \u2013 Ob mednarodnem dnevu \u010distega zraka se ponovno soo\u010damo s pomembnostjo kakovosti zraka, ki ga dihamo. Poro\u010dilo Evropske agencije za okolje (EEA) ka\u017ee, da kar 97 % prebivalcev mestnih obmo\u010dij diha zrak, ki ga Svetovna zdravstvena organizacija (SZO) ozna\u010duje kot \u0161kodljivega za zdravje. Onesna\u017een zrak v Evropi tako ni zgolj tih spremljevalec na\u0161ega vsakdana, temve\u010d smrtonosna gro\u017enja, ki vsako leto zahteva skoraj 400.000 \u017eivljenj.<\/p>\n\n\n\n<p>Onesna\u017een zrak je glavni dejavnik tveganja za nastanek kroni\u010dnih bolezni. Tako kratkotrajna kot dolgotrajna izpostavljenost namre\u010d pove\u010dujeta tveganje za nastanek sr\u010dno-\u017eilnih bolezni, kap, astmo, kroni\u010dno obstruktivno plju\u010dno bolezen in plju\u010dnega raka. Slaba kakovost zraka je povezana tudi z zmanj\u0161ano plju\u010dno funkcijo, vpliva na razvoj mo\u017eganov in centralni \u017eiv\u010dni sistem ter pove\u010duje tveganje za prezgodnji porod in zmanj\u0161ano telesno te\u017eo novorojen\u010dkov. Nova odkritja ka\u017eejo tudi na ve\u010dje tveganje za sladkorno bolezen, debelost in demenco.<\/p>\n\n\n\n<p>Dokazi o \u0161kodljivih u\u010dinkih tudi manj\u0161ega onesna\u017eenja zraka nara\u0161\u010dajo, kar ka\u017ee na to, da varna raven onesna\u017eenega zraka (zlasti delcev PM2,5), ki ne bi imela negativnega u\u010dinka na na\u0161e zdravje, najverjetneje ne obstaja. Onesna\u017een zrak lahko vpliva na vse ljudi v njihovem \u017eivljenjskem obdobju in pove\u010da tveganje za resne bolezni, \u0161e posebej \u0161kodljiv u\u010dinek pa ima na ranljive skupine, kot so starej\u0161i in osebe z \u017ee obstoje\u010dimi boleznimi, otroci ter ljudje, ki \u017eivijo v socialno-ekonomsko problemati\u010dnih okoljih.<\/p>\n\n\n\n<p>Eden glavnih virov onesna\u017eevanja zunanjega zraka je cestni promet. V Sloveniji skoraj tretjina vseh izpustov toplogrednih plinov izvira iz prometa ter negativno vpliva na na\u0161e zdravje, okolje in gospodarstvo. Glavni vir onesna\u017eeval iz cestnega prometa, kot so NOx, predstavljajo motorji na notranje izgorevanje. Dr\u017eave s prete\u017eno starej\u0161im voznim parkom, med katere spada tudi Slovenija, so soo\u010dene z ve\u010djimi koli\u010dinami izpustov, posledi\u010dno pa tudi vi\u0161jimi zdravstvenimi stro\u0161ki. Stro\u0161ki zdravstvene oskrbe, izguba produktivnosti in \u0161koda na infrastrukturi zaradi onesna\u017eenega zraka v EU so ocenjeni na do 940 milijard evrov letno.<\/p>\n\n\n\n<p><strong>Doc. dr. Andreja Kukec s Katedre za javno zdravje Medicinske fakultete Univerze v Ljubljani<\/strong> opozarja: \u201c<em>Izpostavljenost onesna\u017eevalom, ki nastanejo pri izpustu dizelskih goriv, pove\u010duje tveganje za obolevnost in umrljivost zaradi bolezni dihal, bolezni srca in o\u017eilja ter negativne zdravstvene izide v nose\u010dnosti (npr. prezgodnje rojstvo, nizka porodna te\u017ea novorojen\u010dka). Epidemiolo\u0161ke \u0161tudije so tudi pokazale vi\u0161jo stopnjo izpostavljenosti za tiste posameznike, ki so aktivni v neposredni bli\u017eini prometnic (npr. kolesarji, vozniki osebnih vozil). Pomembno je, da se v \u010dim kraj\u0161em \u010dasu oblikujejo strategije, ki bodo dizelska goriva nadomestile z ustreznimi alternativnimi gorivi. S tem bomo prispevali k ohranjanju zdravja in okolja<\/em>.\u201d<\/p>\n\n\n<div class=\"wp-block-image\">\n<figure class=\"aligncenter size-large is-resized\"><img fetchpriority=\"high\" decoding=\"async\" src=\"https:\/\/izo.si\/wp-content\/uploads\/2023\/09\/Mednarodni-dan-cistega-zraka-1024x1024.jpg\" alt=\"\" class=\"wp-image-4413\" style=\"width:540px;height:540px\" width=\"540\" height=\"540\" srcset=\"https:\/\/izo.si\/wp-content\/uploads\/2023\/09\/Mednarodni-dan-cistega-zraka-1024x1024.jpg 1024w, https:\/\/izo.si\/wp-content\/uploads\/2023\/09\/Mednarodni-dan-cistega-zraka-300x300.jpg 300w, https:\/\/izo.si\/wp-content\/uploads\/2023\/09\/Mednarodni-dan-cistega-zraka-150x150.jpg 150w, https:\/\/izo.si\/wp-content\/uploads\/2023\/09\/Mednarodni-dan-cistega-zraka-768x768.jpg 768w, https:\/\/izo.si\/wp-content\/uploads\/2023\/09\/Mednarodni-dan-cistega-zraka-1536x1536.jpg 1536w, https:\/\/izo.si\/wp-content\/uploads\/2023\/09\/Mednarodni-dan-cistega-zraka-2048x2048.jpg 2048w, https:\/\/izo.si\/wp-content\/uploads\/2023\/09\/Mednarodni-dan-cistega-zraka-12x12.jpg 12w\" sizes=\"(max-width: 540px) 100vw, 540px\" \/><\/figure>\n<\/div>\n\n\n<p>Posledice onesna\u017eenega zraka na zdravje so torej nesprejemljivo visoke, vendar jih je v veliki meri mogo\u010de prepre\u010diti s primernimi ukrepi. Odbor Evropskega parlamenta za okolje, javno zdravje in varnost hrane (ENVI) je 27. junija letos sprejel t. i. Lopezovo poro\u010dilo o prenovi direktive o kakovosti zunanjega zraka, kar je pomemben mejnik na poti k \u010distej\u0161emu zraku v Evropi. <strong>Toma\u017e Gorenc, direktor In\u0161tituta za zdravje in okolje<\/strong>, poudarja, da &#8220;<em>po podatkih Svetovne zdravstvene organizacije<em> le 1 % svetovnega prebivalstva diha zrak, ki ustreza njihovim varnostnim standardom<\/em>. Slednje se ka\u017ee v prezgodnjih smrtih in slab\u0161em zdravju, kar ustvari milijarde evrov stro\u0161kov za zdravstveno varstvo. \u0160e ve\u010d, onesna\u017een zrak nesorazmerno vpliva na ranljive skupine, kot so starej\u0161i, otroci in tisti z \u017ee obstoje\u010dimi zdravstvenimi te\u017eavami. Zato je klju\u010dno, da se revizija standardov EU za \u010dist zrak, ki bo vrh dosegla naslednji teden v Evropskem parlamentu, zavzame za \u010dimprej\u0161nje in ambiciozno pribli\u017eevanje standardov kakovosti zraka najnovej\u0161im znanstvenim spoznanjem.<\/em>\u201d<\/p>\n\n\n\n<p>V lu\u010di teh izzivov je <strong>Institute for Health and Environment<\/strong> v sodelovanju z organizacijo <strong>Health and Environment Alliance<\/strong> (HEAL) na mednarodni dan \u010distega zraka organiziral spletni dogodek &#8220;Building Health Bridges for Clean Air&#8221;. Zbrane je na za\u010detku dogodka pozdravila <strong>Vesna Marinko, generalna direktorica Direktorata za javno zdravje z Ministrstva za zdravje<\/strong><strong>,<\/strong> ki je poudarila, da &#8220;<em>trenutna revizija standardov EU o \u010distem zraku presega zgolj zakonodajne okvire; temve\u010d predstavlja moralno obveznost. Evropski uniji ponuja izjemno prilo\u017enost, da zavzame vodilno vlogo v prizadevanjih za \u010dist zrak, kar lahko bistveno izbolj\u0161a zdravje prebivalstva in prepre\u010di mnoge bolezni.<\/em>\u201d<\/p>\n\n\n\n<p>Namen dogodka je bil zdru\u017eiti oblikovalce politik, odlo\u010devalce in predstavnike civilne dru\u017ebe iz razli\u010dnih delov sveta za pogovor o prizadevanjih za izbolj\u0161anje kakovosti zraka. Poudarek je bil na dobrih praksah, na katerih lahko gradimo, da dose\u017eemo \u010dist zrak povsod in za vse. <strong>Anne Stauffer, direktorica organizacije Health and Environment Alliance,<\/strong> izpostavlja, da \u201c<em>je vklju\u010devanje zdravstvenega sektorja v pozive za doseganje \u010distega zraka (#CleanAir4Health) v Evropi doseglo doslej nevidene razse\u017enosti. To je odziv na obse\u017ene dokaze o negativnih vplivih onesna\u017eenega zraka na zdravje in na zgodbe posameznikov, ki so ob\u010dutili te posledice. Dana\u0161nji dogodek je klju\u010dnega pomena za krepitev vezi in gradnjo mostov med zdravstvenimi strokovnjaki ter vsemi, ki si prizadevajo dose\u010di \u010distej\u0161i zrak. Onesna\u017eenje namre\u010d ne pozna dr\u017eavnih meja, zato smo vsi podvr\u017eeni njegovim vplivom. Iskreno upamo, da bodo odlo\u010devalci v EU v razpravah o izbolj\u0161anju standardov kakovosti zraka upo\u0161tevali apel zdravstvenega sektorja. Ko je v igri na\u0161e zdravje, si namre\u010d ne moremo ve\u010d privo\u0161\u010diti odla\u0161ati!<\/em>\u201d<\/p>\n\n\n\n<p>_________________________<\/p>\n\n\n\n<p><strong>Contact<\/strong><\/p>\n\n\n\n<p>Toma\u017e Gorenc, direktor In\u0161tituta za zdravje in okolje<\/p>\n\n\n\n<p>tomaz.gorenc@izo.si | +386 40 493 460<\/p>","protected":false},"excerpt":{"rendered":"<p>Ljubljana, Slovenija, 7. september 2023 \u2013 Ob mednarodnem dnevu \u010distega zraka se ponovno soo\u010damo s pomembnostjo kakovosti zraka, ki ga dihamo. Poro\u010dilo Evropske agencije za okolje (EEA) ka\u017ee, da kar 97 % prebivalcev mestnih obmo\u010dij diha zrak, ki ga Svetovna zdravstvena organizacija (SZO) ozna\u010duje kot \u0161kodljivega za zdravje. Onesna\u017een zrak v Evropi tako ni zgolj [&hellip;]<\/p>","protected":false},"author":8,"featured_media":4414,"comment_status":"closed","ping_status":"closed","sticky":false,"template":"","format":"standard","meta":{"_monsterinsights_skip_tracking":false,"_monsterinsights_sitenote_active":false,"_monsterinsights_sitenote_note":"","_monsterinsights_sitenote_category":0,"_uf_show_specific_survey":0,"_uf_disable_surveys":false,"footnotes":""},"categories":[7],"tags":[],"class_list":["post-4412","post","type-post","status-publish","format-standard","has-post-thumbnail","hentry","category-novice"],"aioseo_notices":[],"yoast_head":"<!-- This site is optimized with the Yoast SEO plugin v24.5 - https:\/\/yoast.com\/wordpress\/plugins\/seo\/ -->\n<title>Mednarodni dan \u010distega zraka: Skupaj za \u010dist zrak - IZO<\/title>\n<meta name=\"robots\" content=\"index, follow, max-snippet:-1, max-image-preview:large, max-video-preview:-1\" \/>\n<link rel=\"canonical\" href=\"https:\/\/izo.si\/en\/mednarodni-dan-cistega-zraka-skupaj-za-cist-zrak\/\" \/>\n<meta property=\"og:locale\" content=\"en_GB\" \/>\n<meta property=\"og:type\" content=\"article\" \/>\n<meta property=\"og:title\" content=\"Mednarodni dan \u010distega zraka: Skupaj za \u010dist zrak - IZO\" \/>\n<meta property=\"og:description\" content=\"Ljubljana, Slovenija, 7. september 2023 \u2013 Ob mednarodnem dnevu \u010distega zraka se ponovno soo\u010damo s pomembnostjo kakovosti zraka, ki ga dihamo. Poro\u010dilo Evropske agencije za okolje (EEA) ka\u017ee, da kar 97 % prebivalcev mestnih obmo\u010dij diha zrak, ki ga Svetovna zdravstvena organizacija (SZO) ozna\u010duje kot \u0161kodljivega za zdravje. Onesna\u017een zrak v Evropi tako ni zgolj [&hellip;]\" \/>\n<meta property=\"og:url\" content=\"https:\/\/izo.si\/en\/mednarodni-dan-cistega-zraka-skupaj-za-cist-zrak\/\" \/>\n<meta property=\"og:site_name\" content=\"IZO\" \/>\n<meta property=\"article:published_time\" content=\"2023-09-07T09:18:35+00:00\" \/>\n<meta property=\"article:modified_time\" content=\"2023-09-07T09:29:04+00:00\" \/>\n<meta property=\"og:image\" content=\"https:\/\/izo.si\/wp-content\/uploads\/2023\/09\/Dan-Cistega-zraka.png\" \/>\n\t<meta property=\"og:image:width\" content=\"1080\" \/>\n\t<meta property=\"og:image:height\" content=\"1080\" \/>\n\t<meta property=\"og:image:type\" content=\"image\/png\" \/>\n<meta name=\"author\" content=\"info@izo.si\" \/>\n<meta name=\"twitter:card\" content=\"summary_large_image\" \/>\n<meta name=\"twitter:label1\" content=\"Written by\" \/>\n\t<meta name=\"twitter:data1\" content=\"info@izo.si\" \/>\n\t<meta name=\"twitter:label2\" content=\"Estimated reading time\" \/>\n\t<meta name=\"twitter:data2\" content=\"4 minutes\" \/>\n<script type=\"application\/ld+json\" class=\"yoast-schema-graph\">{\"@context\":\"https:\/\/schema.org\",\"@graph\":[{\"@type\":\"Article\",\"@id\":\"https:\/\/izo.si\/mednarodni-dan-cistega-zraka-skupaj-za-cist-zrak\/#article\",\"isPartOf\":{\"@id\":\"https:\/\/izo.si\/mednarodni-dan-cistega-zraka-skupaj-za-cist-zrak\/\"},\"author\":{\"name\":\"info@izo.si\",\"@id\":\"https:\/\/izo.si\/#\/schema\/person\/7c1d308fe359416255fc3003e716015d\"},\"headline\":\"Mednarodni dan \u010distega zraka: Skupaj za \u010dist zrak\",\"datePublished\":\"2023-09-07T09:18:35+00:00\",\"dateModified\":\"2023-09-07T09:29:04+00:00\",\"mainEntityOfPage\":{\"@id\":\"https:\/\/izo.si\/mednarodni-dan-cistega-zraka-skupaj-za-cist-zrak\/\"},\"wordCount\":935,\"publisher\":{\"@id\":\"https:\/\/izo.si\/#organization\"},\"image\":{\"@id\":\"https:\/\/izo.si\/mednarodni-dan-cistega-zraka-skupaj-za-cist-zrak\/#primaryimage\"},\"thumbnailUrl\":\"https:\/\/izo.si\/wp-content\/uploads\/2023\/09\/Dan-Cistega-zraka.png\",\"articleSection\":[\"Novice\"],\"inLanguage\":\"en-GB\"},{\"@type\":\"WebPage\",\"@id\":\"https:\/\/izo.si\/mednarodni-dan-cistega-zraka-skupaj-za-cist-zrak\/\",\"url\":\"https:\/\/izo.si\/mednarodni-dan-cistega-zraka-skupaj-za-cist-zrak\/\",\"name\":\"Mednarodni dan \u010distega zraka: Skupaj za \u010dist zrak - IZO\",\"isPartOf\":{\"@id\":\"https:\/\/izo.si\/#website\"},\"primaryImageOfPage\":{\"@id\":\"https:\/\/izo.si\/mednarodni-dan-cistega-zraka-skupaj-za-cist-zrak\/#primaryimage\"},\"image\":{\"@id\":\"https:\/\/izo.si\/mednarodni-dan-cistega-zraka-skupaj-za-cist-zrak\/#primaryimage\"},\"thumbnailUrl\":\"https:\/\/izo.si\/wp-content\/uploads\/2023\/09\/Dan-Cistega-zraka.png\",\"datePublished\":\"2023-09-07T09:18:35+00:00\",\"dateModified\":\"2023-09-07T09:29:04+00:00\",\"breadcrumb\":{\"@id\":\"https:\/\/izo.si\/mednarodni-dan-cistega-zraka-skupaj-za-cist-zrak\/#breadcrumb\"},\"inLanguage\":\"en-GB\",\"potentialAction\":[{\"@type\":\"ReadAction\",\"target\":[\"https:\/\/izo.si\/mednarodni-dan-cistega-zraka-skupaj-za-cist-zrak\/\"]}]},{\"@type\":\"ImageObject\",\"inLanguage\":\"en-GB\",\"@id\":\"https:\/\/izo.si\/mednarodni-dan-cistega-zraka-skupaj-za-cist-zrak\/#primaryimage\",\"url\":\"https:\/\/izo.si\/wp-content\/uploads\/2023\/09\/Dan-Cistega-zraka.png\",\"contentUrl\":\"https:\/\/izo.si\/wp-content\/uploads\/2023\/09\/Dan-Cistega-zraka.png\",\"width\":1080,\"height\":1080},{\"@type\":\"BreadcrumbList\",\"@id\":\"https:\/\/izo.si\/mednarodni-dan-cistega-zraka-skupaj-za-cist-zrak\/#breadcrumb\",\"itemListElement\":[{\"@type\":\"ListItem\",\"position\":1,\"name\":\"Home\",\"item\":\"https:\/\/izo.si\/\"},{\"@type\":\"ListItem\",\"position\":2,\"name\":\"Mednarodni dan \u010distega zraka: Skupaj za \u010dist zrak\"}]},{\"@type\":\"WebSite\",\"@id\":\"https:\/\/izo.si\/#website\",\"url\":\"https:\/\/izo.si\/\",\"name\":\"IZO\",\"description\":\"In\u0161titut za zdravje in okolje\",\"publisher\":{\"@id\":\"https:\/\/izo.si\/#organization\"},\"potentialAction\":[{\"@type\":\"SearchAction\",\"target\":{\"@type\":\"EntryPoint\",\"urlTemplate\":\"https:\/\/izo.si\/?s={search_term_string}\"},\"query-input\":{\"@type\":\"PropertyValueSpecification\",\"valueRequired\":true,\"valueName\":\"search_term_string\"}}],\"inLanguage\":\"en-GB\"},{\"@type\":\"Organization\",\"@id\":\"https:\/\/izo.si\/#organization\",\"name\":\"IZO\",\"url\":\"https:\/\/izo.si\/\",\"logo\":{\"@type\":\"ImageObject\",\"inLanguage\":\"en-GB\",\"@id\":\"https:\/\/izo.si\/#\/schema\/logo\/image\/\",\"url\":\"https:\/\/izo.si\/wp-content\/uploads\/2021\/01\/izo-logo@2x.png\",\"contentUrl\":\"https:\/\/izo.si\/wp-content\/uploads\/2021\/01\/izo-logo@2x.png\",\"width\":262,\"height\":139,\"caption\":\"IZO\"},\"image\":{\"@id\":\"https:\/\/izo.si\/#\/schema\/logo\/image\/\"}},{\"@type\":\"Person\",\"@id\":\"https:\/\/izo.si\/#\/schema\/person\/7c1d308fe359416255fc3003e716015d\",\"name\":\"info@izo.si\",\"image\":{\"@type\":\"ImageObject\",\"inLanguage\":\"en-GB\",\"@id\":\"https:\/\/izo.si\/#\/schema\/person\/image\/\",\"url\":\"https:\/\/secure.gravatar.com\/avatar\/6119564cb294b108df0fe93b796cfc2f405adef8ccb4e9788179335543b4f393?s=96&d=mm&r=g\",\"contentUrl\":\"https:\/\/secure.gravatar.com\/avatar\/6119564cb294b108df0fe93b796cfc2f405adef8ccb4e9788179335543b4f393?s=96&d=mm&r=g\",\"caption\":\"info@izo.si\"},\"url\":\"https:\/\/izo.si\/en\/author\/infoizo-si\/\"}]}<\/script>\n<!-- \/ Yoast SEO plugin. -->","yoast_head_json":{"title":"Mednarodni dan \u010distega zraka: Skupaj za \u010dist zrak - IZO","robots":{"index":"index","follow":"follow","max-snippet":"max-snippet:-1","max-image-preview":"max-image-preview:large","max-video-preview":"max-video-preview:-1"},"canonical":"https:\/\/izo.si\/en\/mednarodni-dan-cistega-zraka-skupaj-za-cist-zrak\/","og_locale":"en_GB","og_type":"article","og_title":"Mednarodni dan \u010distega zraka: Skupaj za \u010dist zrak - IZO","og_description":"Ljubljana, Slovenija, 7. september 2023 \u2013 Ob mednarodnem dnevu \u010distega zraka se ponovno soo\u010damo s pomembnostjo kakovosti zraka, ki ga dihamo. Poro\u010dilo Evropske agencije za okolje (EEA) ka\u017ee, da kar 97 % prebivalcev mestnih obmo\u010dij diha zrak, ki ga Svetovna zdravstvena organizacija (SZO) ozna\u010duje kot \u0161kodljivega za zdravje. Onesna\u017een zrak v Evropi tako ni zgolj [&hellip;]","og_url":"https:\/\/izo.si\/en\/mednarodni-dan-cistega-zraka-skupaj-za-cist-zrak\/","og_site_name":"IZO","article_published_time":"2023-09-07T09:18:35+00:00","article_modified_time":"2023-09-07T09:29:04+00:00","og_image":[{"width":1080,"height":1080,"url":"https:\/\/izo.si\/wp-content\/uploads\/2023\/09\/Dan-Cistega-zraka.png","type":"image\/png"}],"author":"info@izo.si","twitter_card":"summary_large_image","twitter_misc":{"Written by":"info@izo.si","Estimated reading time":"4 minutes"},"schema":{"@context":"https:\/\/schema.org","@graph":[{"@type":"Article","@id":"https:\/\/izo.si\/mednarodni-dan-cistega-zraka-skupaj-za-cist-zrak\/#article","isPartOf":{"@id":"https:\/\/izo.si\/mednarodni-dan-cistega-zraka-skupaj-za-cist-zrak\/"},"author":{"name":"info@izo.si","@id":"https:\/\/izo.si\/#\/schema\/person\/7c1d308fe359416255fc3003e716015d"},"headline":"Mednarodni dan \u010distega zraka: Skupaj za \u010dist zrak","datePublished":"2023-09-07T09:18:35+00:00","dateModified":"2023-09-07T09:29:04+00:00","mainEntityOfPage":{"@id":"https:\/\/izo.si\/mednarodni-dan-cistega-zraka-skupaj-za-cist-zrak\/"},"wordCount":935,"publisher":{"@id":"https:\/\/izo.si\/#organization"},"image":{"@id":"https:\/\/izo.si\/mednarodni-dan-cistega-zraka-skupaj-za-cist-zrak\/#primaryimage"},"thumbnailUrl":"https:\/\/izo.si\/wp-content\/uploads\/2023\/09\/Dan-Cistega-zraka.png","articleSection":["Novice"],"inLanguage":"en-GB"},{"@type":"WebPage","@id":"https:\/\/izo.si\/mednarodni-dan-cistega-zraka-skupaj-za-cist-zrak\/","url":"https:\/\/izo.si\/mednarodni-dan-cistega-zraka-skupaj-za-cist-zrak\/","name":"Mednarodni dan \u010distega zraka: Skupaj za \u010dist zrak - IZO","isPartOf":{"@id":"https:\/\/izo.si\/#website"},"primaryImageOfPage":{"@id":"https:\/\/izo.si\/mednarodni-dan-cistega-zraka-skupaj-za-cist-zrak\/#primaryimage"},"image":{"@id":"https:\/\/izo.si\/mednarodni-dan-cistega-zraka-skupaj-za-cist-zrak\/#primaryimage"},"thumbnailUrl":"https:\/\/izo.si\/wp-content\/uploads\/2023\/09\/Dan-Cistega-zraka.png","datePublished":"2023-09-07T09:18:35+00:00","dateModified":"2023-09-07T09:29:04+00:00","breadcrumb":{"@id":"https:\/\/izo.si\/mednarodni-dan-cistega-zraka-skupaj-za-cist-zrak\/#breadcrumb"},"inLanguage":"en-GB","potentialAction":[{"@type":"ReadAction","target":["https:\/\/izo.si\/mednarodni-dan-cistega-zraka-skupaj-za-cist-zrak\/"]}]},{"@type":"ImageObject","inLanguage":"en-GB","@id":"https:\/\/izo.si\/mednarodni-dan-cistega-zraka-skupaj-za-cist-zrak\/#primaryimage","url":"https:\/\/izo.si\/wp-content\/uploads\/2023\/09\/Dan-Cistega-zraka.png","contentUrl":"https:\/\/izo.si\/wp-content\/uploads\/2023\/09\/Dan-Cistega-zraka.png","width":1080,"height":1080},{"@type":"BreadcrumbList","@id":"https:\/\/izo.si\/mednarodni-dan-cistega-zraka-skupaj-za-cist-zrak\/#breadcrumb","itemListElement":[{"@type":"ListItem","position":1,"name":"Home","item":"https:\/\/izo.si\/"},{"@type":"ListItem","position":2,"name":"Mednarodni dan \u010distega zraka: Skupaj za \u010dist zrak"}]},{"@type":"WebSite","@id":"https:\/\/izo.si\/#website","url":"https:\/\/izo.si\/","name":"IZO","description":"Institute for Health and Environment","publisher":{"@id":"https:\/\/izo.si\/#organization"},"potentialAction":[{"@type":"SearchAction","target":{"@type":"EntryPoint","urlTemplate":"https:\/\/izo.si\/?s={search_term_string}"},"query-input":{"@type":"PropertyValueSpecification","valueRequired":true,"valueName":"search_term_string"}}],"inLanguage":"en-GB"},{"@type":"Organization","@id":"https:\/\/izo.si\/#organization","name":"IZO","url":"https:\/\/izo.si\/","logo":{"@type":"ImageObject","inLanguage":"en-GB","@id":"https:\/\/izo.si\/#\/schema\/logo\/image\/","url":"https:\/\/izo.si\/wp-content\/uploads\/2021\/01\/izo-logo@2x.png","contentUrl":"https:\/\/izo.si\/wp-content\/uploads\/2021\/01\/izo-logo@2x.png","width":262,"height":139,"caption":"IZO"},"image":{"@id":"https:\/\/izo.si\/#\/schema\/logo\/image\/"}},{"@type":"Person","@id":"https:\/\/izo.si\/#\/schema\/person\/7c1d308fe359416255fc3003e716015d","name":"info@izo.si","image":{"@type":"ImageObject","inLanguage":"en-GB","@id":"https:\/\/izo.si\/#\/schema\/person\/image\/","url":"https:\/\/secure.gravatar.com\/avatar\/6119564cb294b108df0fe93b796cfc2f405adef8ccb4e9788179335543b4f393?s=96&d=mm&r=g","contentUrl":"https:\/\/secure.gravatar.com\/avatar\/6119564cb294b108df0fe93b796cfc2f405adef8ccb4e9788179335543b4f393?s=96&d=mm&r=g","caption":"info@izo.si"},"url":"https:\/\/izo.si\/en\/author\/infoizo-si\/"}]}},"_links":{"self":[{"href":"https:\/\/izo.si\/en\/wp-json\/wp\/v2\/posts\/4412","targetHints":{"allow":["GET"]}}],"collection":[{"href":"https:\/\/izo.si\/en\/wp-json\/wp\/v2\/posts"}],"about":[{"href":"https:\/\/izo.si\/en\/wp-json\/wp\/v2\/types\/post"}],"author":[{"embeddable":true,"href":"https:\/\/izo.si\/en\/wp-json\/wp\/v2\/users\/8"}],"replies":[{"embeddable":true,"href":"https:\/\/izo.si\/en\/wp-json\/wp\/v2\/comments?post=4412"}],"version-history":[{"count":3,"href":"https:\/\/izo.si\/en\/wp-json\/wp\/v2\/posts\/4412\/revisions"}],"predecessor-version":[{"id":4417,"href":"https:\/\/izo.si\/en\/wp-json\/wp\/v2\/posts\/4412\/revisions\/4417"}],"wp:featuredmedia":[{"embeddable":true,"href":"https:\/\/izo.si\/en\/wp-json\/wp\/v2\/media\/4414"}],"wp:attachment":[{"href":"https:\/\/izo.si\/en\/wp-json\/wp\/v2\/media?parent=4412"}],"wp:term":[{"taxonomy":"category","embeddable":true,"href":"https:\/\/izo.si\/en\/wp-json\/wp\/v2\/categories?post=4412"},{"taxonomy":"post_tag","embeddable":true,"href":"https:\/\/izo.si\/en\/wp-json\/wp\/v2\/tags?post=4412"}],"curies":[{"name":"wp","href":"https:\/\/api.w.org\/{rel}","templated":true}]}}