{"id":4313,"date":"2023-08-02T08:44:36","date_gmt":"2023-08-02T06:44:36","guid":{"rendered":"https:\/\/izo.si\/?p=4313"},"modified":"2023-08-02T09:01:42","modified_gmt":"2023-08-02T07:01:42","slug":"sporocilo-za-javnost-ob-svetovnem-dnevu-ekoloskega-dolga-2023","status":"publish","type":"post","link":"https:\/\/izo.si\/en\/sporocilo-za-javnost-ob-svetovnem-dnevu-ekoloskega-dolga-2023\/","title":{"rendered":"Sporo\u010dilo za javnost ob svetovnem dnevu ekolo\u0161kega dolga 2023"},"content":{"rendered":"<p><strong>Ljubljana, Slovenija, 2. avgust 2023 <\/strong>\u2013 Kot je razvidno iz najnovej\u0161ih nacionalnih poro\u010dil o ekolo\u0161kem odtisu in biokapaciteti, ki jih je pripravila organizacija Footprint Data Foundation skupaj z Univerzo York v Torontu, bomo v letu 2023 dan svetovnega ekolo\u0161kega dolga obele\u017eili 2. avgusta. To pomeni, da bomo na ta dan porabili vse vire in ekosistemske storitve, ki jih lahko Zemlja obnovi v enem letu, zato bomo do konca leta \u017eiveli v t. i. ekolo\u0161kem dolgu.<\/p>\n\n\n\n<p>V zadnjih petih letih se je trend ekolo\u0161kega dolga nekoliko izravnal, vendar je izziv natan\u010dno dolo\u010diti, v kolik\u0161ni meri je to posledica gospodarske upo\u010dasnitve in kolik\u0161en del je rezultat namernih prizadevanj za dekarbonizacijo. Kljub temu pa je pove\u010danje zamika dneva ekolo\u0161kega dolga \u0161e vedno prepo\u010dasno in premalo ambiciozno glede na izzive, s katerimi se soo\u010damo. Da bi namre\u010d dosegli cilj Medvladnega odbora za podnebne spremembe (IPCC) Zdru\u017eenih narodov o zmanj\u0161anju emisij ogljika za 43 % po vsem svetu do leta 2030 v primerjavi z letom 2010, bi bilo treba dan ekolo\u0161kega dolga v naslednjih sedmih letih vsako leto zamakniti za 19 dni. To zahteva odlo\u010dne ukrepe in sodelovanje na globalni ravni, s katerimi bi omejili svoj negativen vpliv na okolje ter ustvarili bolj trajnostno prihodnost za naslednje generacije.<\/p>\n\n\n\n<p>Leto\u0161nji dan ekolo\u0161kega dolga je bil na globalni ravni obele\u017een z dogodkom v sodelovanju z Republiko Slovenijo \u2013 prvo dr\u017eavo v Evropski uniji, ki je zni\u017eanje ekolo\u0161kega odtisa za 20 % vklju\u010dila v nacionalno Strategijo razvoja Slovenije 2030. <strong>Toma\u017e Gorenc, direktor In\u0161tituta za zdravje in okolje<\/strong>, je ob tej prilo\u017enosti povedal, da \u201c<em>leto\u0161nji dogodek svetovnega dneva ekolo\u0161kega dolga, ki ga razgla\u0161amo v sodelovanju z Republiko Slovenijo, vidimo kot pomembnega, saj stopa v politi\u010dno ospredje, kar pa pomeni mo\u017enost za ukrepanje in hkrati tudi odgovornost za sprejemanje smiselnih ukrepov, ki bodo pripomogli k doseganju zastavljenih ciljev iz Strategije razvoja Slovenije 2030. Veseli nas, da je dr\u017eava prepoznala pomembnost tega kazalnika za merjenje trajnosti, za kar si tudi v na\u0161em in\u0161titutu prizadevamo od samega za\u010detka<\/em>.\u201d<\/p>\n\n\n<div class=\"wp-block-image\">\n<figure class=\"aligncenter size-large is-resized\"><img fetchpriority=\"high\" decoding=\"async\" src=\"https:\/\/izo.si\/wp-content\/uploads\/2023\/08\/2023_Pretekli-dnevi-ekoloskega-dolga-1024x792.png\" alt=\"\" class=\"wp-image-4314\" width=\"660\" height=\"510\" srcset=\"https:\/\/izo.si\/wp-content\/uploads\/2023\/08\/2023_Pretekli-dnevi-ekoloskega-dolga-1024x792.png 1024w, https:\/\/izo.si\/wp-content\/uploads\/2023\/08\/2023_Pretekli-dnevi-ekoloskega-dolga-300x232.png 300w, https:\/\/izo.si\/wp-content\/uploads\/2023\/08\/2023_Pretekli-dnevi-ekoloskega-dolga-768x594.png 768w, https:\/\/izo.si\/wp-content\/uploads\/2023\/08\/2023_Pretekli-dnevi-ekoloskega-dolga-1536x1188.png 1536w, https:\/\/izo.si\/wp-content\/uploads\/2023\/08\/2023_Pretekli-dnevi-ekoloskega-dolga-2048x1584.png 2048w, https:\/\/izo.si\/wp-content\/uploads\/2023\/08\/2023_Pretekli-dnevi-ekoloskega-dolga-16x12.png 16w\" sizes=\"(max-width: 660px) 100vw, 660px\" \/><\/figure>\n<\/div>\n\n\n<p>Tudi <strong>dr. Alessandro Galli, strokovnjak iz organizacije Global Footprint Network<\/strong>, opozarja na pomembnost ozave\u0161\u010danja o dnevu ekolo\u0161kega dolga in dejstva, da \u201c<em>posledice situacije, v kateri nenehno prekomerno izkori\u0161\u010damo naravne vire in ki jo ponazarja ve\u010d kot pet desetletij podatkov o ekolo\u0161kem odtisu in biokapaciteti, postajajo vse o\u010ditnej\u0161e. Zmanj\u0161evanje biotske raznovrstnosti in nara\u0161\u010dajo\u010da spremenljivost podnebja ob hkratni tekmi za hrano in energetske vire pomenita, da pristop ve\u010dine na\u0161ih gospodarstev, ki se osredoto\u010da predvsem na ekonomsko rast, ogro\u017ea temelje na\u0161e dobrobiti. Potrebujemo temeljno preoblikovanje kon\u010dnega cilja na\u0161e dru\u017ebe, saj ekonomska rast postaja vse bolj neekonomi\u010dna<\/em>.\u201d<\/p>\n\n\n\n<p>Ob leto\u0161njem dnevu ekolo\u0161kega dolga pri In\u0161titutu za zdravje in okolje sporo\u010dajo, da bodo svoja prizadevanja na podro\u010dju ozave\u0161\u010danja, komuniciranja, izobra\u017eevanja in svetovanja organizacijam \u0161e okrepili. \u201c<em>Prvi korak bo vsebinska nadgradnja <\/em><em>kalkulatorja ekolo\u0161kega odtisa<\/em><em>, ki bo uporabnikom na voljo jeseni 2023, s \u010dimer bomo lahko \u0161e natan\u010dneje spremljali gibanje kazalnika v kontekstu socialnoekonomskih dejavnikov<\/em>,\u201d poudarja Gorenc. Kalkulator ekolo\u0161kega odtisa se namre\u010d vse bolj uporablja tudi kot komunikacijsko in izobra\u017eevalno orodje v \u0161olah in podjetjih. Letos so pri In\u0161titutu za zdravje in okolje za\u010deli tudi sodelovanje pri projektu EcoFootprint, v okviru katerega bodo omenjeni kalkulator ponudili uporabnikom v Romuniji ter romunskim u\u010diteljem omogo\u010dili, da u\u010dencem uspe\u0161no posredujejo na\u010dela trajnostnega na\u010dina \u017eivljenja in jih ozave\u0161\u010dajo o varovanju okolja.<\/p>\n\n\n\n<p>Kalkulator pa ni namenjen zgolj predajanju informacij o posameznikovem osebnem dnevu ekolo\u0161kega dolga, temve\u010d uporabniku ponuja tudi \u0161tevilne nasvete za njegovo zmanj\u0161anje, na podlagi katerih lahko vsak posameznik \u017ee z majhnimi spremembami naredi veliko razliko. Gorenc izpostavlja, da poleg posameznikov veliko odgovornost nosijo tudi podjetja, \u201c<em>ki se morajo pri\u010deti zavedati, da je trajnostno delovanje edina mo\u017ena pot za ustvarjanje bolj\u0161e in stabilnej\u0161e prihodnosti. Z izvajanjem okolju prijaznih praks, uporabo inovativnih tehnologij ter zmanj\u0161evanjem svojega ekolo\u0161kega odtisa lahko podjetja namre\u010d prispevajo h globalnemu spopadanju s podnebnimi spremembami ter ohranjanju naravnih virov za prihodnje generacije<\/em>.\u201d<\/p>\n\n\n\n<p>Dodatno pri In\u0161titutu za zdravje in okolje v sodelovanju z Impact Hubom Ljubljana v Sloveniji izvajajo pilotni program CIRCO, znanstveno preizku\u0161en program, ki je bil razvit na Nizozemskem. Slednji proizvodnim podjetjem pomaga identificirati kriti\u010dne to\u010dke in iz njih razviti nove poslovne prilo\u017enosti, ki temeljijo na na\u010delih kro\u017enega gospodarstva,<\/p>\n\n\n\n<p>hkrati pa zmanj\u0161ujejo negativne vplive na okolje in posledi\u010dno dru\u017ebo. <strong>Ana Belac, vodja programa v Sloveniji in namestnica direktorja Impact Huba Ljubljana<\/strong>, ob tem izpostavlja, da \u201c<em>smo letos skupaj z drugimi Impact Hubi iz Avstrije, Nem\u010dije, Hrva\u0161ke in \u0160panije z dvema slovenskima proizvodnima podjetjema sodelovali v pilotni izvedbi, jeseni pa na\u010drtujemo novo izvedbo za pet slovenskih podjetij. Udele\u017eenci s sodelovanjem pridobijo prve povratne informacije ter prostor za izmenjavo izku\u0161enj in mnenj z drugimi podjetji. Z vodenim programom jim tako pomagamo odkriti prilo\u017enosti, ki jih ponujajo bolj kro\u017eni poslovni modeli, in za\u010drtati prve korake pri njihovem izkori\u0161\u010danju.<\/em>\u201d<\/p>\n\n\n\n<pre class=\"wp-block-preformatted\">_________________________\n<\/pre>\n\n\n\n<p><strong>O ekolo\u0161kem odtisu<\/strong><\/p>\n\n\n\n<p>Ekolo\u0161ki odtis je najbolj celosten merski sistem za izra\u010dun biolo\u0161kih virov. Obsega vse \u010dlove\u0161ke zahteve po biolo\u0161ko produktivnih obmo\u010djih \u2013 hrani, lesu, vlaknih, skladi\u0161\u010denju ogljika in smiselni umestitvi infrastrukture. Trenutno oglji\u010dni odtis zaradi uporabe fosilnih goriv predstavlja 61 % \u010dlove\u0161kega ekolo\u0161kega odtisa.<\/p>\n\n\n\n<p><strong>O Svetovni mre\u017ei za okoljski odtis \u2013 Global Footprint Network<\/strong><\/p>\n\n\n\n<p>Global Footprint Network je mednarodna organizacija za trajnostni razvoj, ki pomaga svetu \u017eiveti v okviru Zemljinih sredstev in se odzivati na podnebne spremembe. Od leta 2003 sodeluje z ve\u010d kot 50 dr\u017eavami, 30 mesti in 70 svetovnimi partnerji, da bi podali znanstvena spoznanja, ki so vplivala na oblikovanje u\u010dinkovitih politik in nalo\u017ebenih odlo\u010ditev. Skupaj ustvarjamo prihodnost, v kateri bomo lahko vsi uspevali znotraj omejitev na\u0161ega enega planeta. www.footprintnetwork.org.<\/p>\n\n\n\n<pre class=\"wp-block-preformatted\">_________________________\n<\/pre>\n\n\n\n<p><strong>Contact<\/strong><\/p>\n\n\n\n<p><strong>Toma\u017e Gorenc, direktor In\u0161tituta za zdravje in okolje<\/strong><\/p>\n\n\n\n<p>tomaz.gorenc@izo.si | +386 40 493 460<\/p>","protected":false},"excerpt":{"rendered":"<p>Ljubljana, Slovenija, 2. avgust 2023 \u2013 Kot je razvidno iz najnovej\u0161ih nacionalnih poro\u010dil o ekolo\u0161kem odtisu in biokapaciteti, ki jih je pripravila organizacija Footprint Data Foundation skupaj z Univerzo York v Torontu, bomo v letu 2023 dan svetovnega ekolo\u0161kega dolga obele\u017eili 2. avgusta. To pomeni, da bomo na ta dan porabili vse vire in ekosistemske [&hellip;]<\/p>","protected":false},"author":8,"featured_media":4315,"comment_status":"closed","ping_status":"closed","sticky":false,"template":"","format":"standard","meta":{"_monsterinsights_skip_tracking":false,"_monsterinsights_sitenote_active":false,"_monsterinsights_sitenote_note":"","_monsterinsights_sitenote_category":0,"_uf_show_specific_survey":0,"_uf_disable_surveys":false,"footnotes":""},"categories":[7],"tags":[],"class_list":["post-4313","post","type-post","status-publish","format-standard","has-post-thumbnail","hentry","category-novice"],"aioseo_notices":[],"yoast_head":"<!-- This site is optimized with the Yoast SEO plugin v24.5 - https:\/\/yoast.com\/wordpress\/plugins\/seo\/ -->\n<title>Sporo\u010dilo za javnost ob svetovnem dnevu ekolo\u0161kega dolga 2023 - IZO<\/title>\n<meta name=\"robots\" content=\"index, follow, max-snippet:-1, max-image-preview:large, max-video-preview:-1\" \/>\n<link rel=\"canonical\" href=\"https:\/\/izo.si\/en\/sporocilo-za-javnost-ob-svetovnem-dnevu-ekoloskega-dolga-2023\/\" \/>\n<meta property=\"og:locale\" content=\"en_GB\" \/>\n<meta property=\"og:type\" content=\"article\" \/>\n<meta property=\"og:title\" content=\"Sporo\u010dilo za javnost ob svetovnem dnevu ekolo\u0161kega dolga 2023 - IZO\" \/>\n<meta property=\"og:description\" content=\"Ljubljana, Slovenija, 2. avgust 2023 \u2013 Kot je razvidno iz najnovej\u0161ih nacionalnih poro\u010dil o ekolo\u0161kem odtisu in biokapaciteti, ki jih je pripravila organizacija Footprint Data Foundation skupaj z Univerzo York v Torontu, bomo v letu 2023 dan svetovnega ekolo\u0161kega dolga obele\u017eili 2. avgusta. To pomeni, da bomo na ta dan porabili vse vire in ekosistemske [&hellip;]\" \/>\n<meta property=\"og:url\" content=\"https:\/\/izo.si\/en\/sporocilo-za-javnost-ob-svetovnem-dnevu-ekoloskega-dolga-2023\/\" \/>\n<meta property=\"og:site_name\" content=\"IZO\" \/>\n<meta property=\"article:published_time\" content=\"2023-08-02T06:44:36+00:00\" \/>\n<meta property=\"article:modified_time\" content=\"2023-08-02T07:01:42+00:00\" \/>\n<meta property=\"og:image\" content=\"https:\/\/izo.si\/wp-content\/uploads\/2023\/08\/IZO-FB-Overshoot-post-1024x1024.png\" \/>\n\t<meta property=\"og:image:width\" content=\"1024\" \/>\n\t<meta property=\"og:image:height\" content=\"1024\" \/>\n\t<meta property=\"og:image:type\" content=\"image\/png\" \/>\n<meta name=\"author\" content=\"info@izo.si\" \/>\n<meta name=\"twitter:card\" content=\"summary_large_image\" \/>\n<meta name=\"twitter:label1\" content=\"Written by\" \/>\n\t<meta name=\"twitter:data1\" content=\"info@izo.si\" \/>\n\t<meta name=\"twitter:label2\" content=\"Estimated reading time\" \/>\n\t<meta name=\"twitter:data2\" content=\"5 minutes\" \/>\n<script type=\"application\/ld+json\" class=\"yoast-schema-graph\">{\"@context\":\"https:\/\/schema.org\",\"@graph\":[{\"@type\":\"Article\",\"@id\":\"https:\/\/izo.si\/sporocilo-za-javnost-ob-svetovnem-dnevu-ekoloskega-dolga-2023\/#article\",\"isPartOf\":{\"@id\":\"https:\/\/izo.si\/sporocilo-za-javnost-ob-svetovnem-dnevu-ekoloskega-dolga-2023\/\"},\"author\":{\"name\":\"info@izo.si\",\"@id\":\"https:\/\/izo.si\/#\/schema\/person\/7c1d308fe359416255fc3003e716015d\"},\"headline\":\"Sporo\u010dilo za javnost ob svetovnem dnevu ekolo\u0161kega dolga 2023\",\"datePublished\":\"2023-08-02T06:44:36+00:00\",\"dateModified\":\"2023-08-02T07:01:42+00:00\",\"mainEntityOfPage\":{\"@id\":\"https:\/\/izo.si\/sporocilo-za-javnost-ob-svetovnem-dnevu-ekoloskega-dolga-2023\/\"},\"wordCount\":1017,\"publisher\":{\"@id\":\"https:\/\/izo.si\/#organization\"},\"image\":{\"@id\":\"https:\/\/izo.si\/sporocilo-za-javnost-ob-svetovnem-dnevu-ekoloskega-dolga-2023\/#primaryimage\"},\"thumbnailUrl\":\"https:\/\/izo.si\/wp-content\/uploads\/2023\/08\/IZO-FB-Overshoot-post.png\",\"articleSection\":[\"Novice\"],\"inLanguage\":\"en-GB\"},{\"@type\":\"WebPage\",\"@id\":\"https:\/\/izo.si\/sporocilo-za-javnost-ob-svetovnem-dnevu-ekoloskega-dolga-2023\/\",\"url\":\"https:\/\/izo.si\/sporocilo-za-javnost-ob-svetovnem-dnevu-ekoloskega-dolga-2023\/\",\"name\":\"Sporo\u010dilo za javnost ob svetovnem dnevu ekolo\u0161kega dolga 2023 - IZO\",\"isPartOf\":{\"@id\":\"https:\/\/izo.si\/#website\"},\"primaryImageOfPage\":{\"@id\":\"https:\/\/izo.si\/sporocilo-za-javnost-ob-svetovnem-dnevu-ekoloskega-dolga-2023\/#primaryimage\"},\"image\":{\"@id\":\"https:\/\/izo.si\/sporocilo-za-javnost-ob-svetovnem-dnevu-ekoloskega-dolga-2023\/#primaryimage\"},\"thumbnailUrl\":\"https:\/\/izo.si\/wp-content\/uploads\/2023\/08\/IZO-FB-Overshoot-post.png\",\"datePublished\":\"2023-08-02T06:44:36+00:00\",\"dateModified\":\"2023-08-02T07:01:42+00:00\",\"breadcrumb\":{\"@id\":\"https:\/\/izo.si\/sporocilo-za-javnost-ob-svetovnem-dnevu-ekoloskega-dolga-2023\/#breadcrumb\"},\"inLanguage\":\"en-GB\",\"potentialAction\":[{\"@type\":\"ReadAction\",\"target\":[\"https:\/\/izo.si\/sporocilo-za-javnost-ob-svetovnem-dnevu-ekoloskega-dolga-2023\/\"]}]},{\"@type\":\"ImageObject\",\"inLanguage\":\"en-GB\",\"@id\":\"https:\/\/izo.si\/sporocilo-za-javnost-ob-svetovnem-dnevu-ekoloskega-dolga-2023\/#primaryimage\",\"url\":\"https:\/\/izo.si\/wp-content\/uploads\/2023\/08\/IZO-FB-Overshoot-post.png\",\"contentUrl\":\"https:\/\/izo.si\/wp-content\/uploads\/2023\/08\/IZO-FB-Overshoot-post.png\",\"width\":4500,\"height\":4500},{\"@type\":\"BreadcrumbList\",\"@id\":\"https:\/\/izo.si\/sporocilo-za-javnost-ob-svetovnem-dnevu-ekoloskega-dolga-2023\/#breadcrumb\",\"itemListElement\":[{\"@type\":\"ListItem\",\"position\":1,\"name\":\"Home\",\"item\":\"https:\/\/izo.si\/\"},{\"@type\":\"ListItem\",\"position\":2,\"name\":\"Sporo\u010dilo za javnost ob svetovnem dnevu ekolo\u0161kega dolga 2023\"}]},{\"@type\":\"WebSite\",\"@id\":\"https:\/\/izo.si\/#website\",\"url\":\"https:\/\/izo.si\/\",\"name\":\"IZO\",\"description\":\"In\u0161titut za zdravje in okolje\",\"publisher\":{\"@id\":\"https:\/\/izo.si\/#organization\"},\"potentialAction\":[{\"@type\":\"SearchAction\",\"target\":{\"@type\":\"EntryPoint\",\"urlTemplate\":\"https:\/\/izo.si\/?s={search_term_string}\"},\"query-input\":{\"@type\":\"PropertyValueSpecification\",\"valueRequired\":true,\"valueName\":\"search_term_string\"}}],\"inLanguage\":\"en-GB\"},{\"@type\":\"Organization\",\"@id\":\"https:\/\/izo.si\/#organization\",\"name\":\"IZO\",\"url\":\"https:\/\/izo.si\/\",\"logo\":{\"@type\":\"ImageObject\",\"inLanguage\":\"en-GB\",\"@id\":\"https:\/\/izo.si\/#\/schema\/logo\/image\/\",\"url\":\"https:\/\/izo.si\/wp-content\/uploads\/2021\/01\/izo-logo@2x.png\",\"contentUrl\":\"https:\/\/izo.si\/wp-content\/uploads\/2021\/01\/izo-logo@2x.png\",\"width\":262,\"height\":139,\"caption\":\"IZO\"},\"image\":{\"@id\":\"https:\/\/izo.si\/#\/schema\/logo\/image\/\"}},{\"@type\":\"Person\",\"@id\":\"https:\/\/izo.si\/#\/schema\/person\/7c1d308fe359416255fc3003e716015d\",\"name\":\"info@izo.si\",\"image\":{\"@type\":\"ImageObject\",\"inLanguage\":\"en-GB\",\"@id\":\"https:\/\/izo.si\/#\/schema\/person\/image\/\",\"url\":\"https:\/\/secure.gravatar.com\/avatar\/6119564cb294b108df0fe93b796cfc2f405adef8ccb4e9788179335543b4f393?s=96&d=mm&r=g\",\"contentUrl\":\"https:\/\/secure.gravatar.com\/avatar\/6119564cb294b108df0fe93b796cfc2f405adef8ccb4e9788179335543b4f393?s=96&d=mm&r=g\",\"caption\":\"info@izo.si\"},\"url\":\"https:\/\/izo.si\/en\/author\/infoizo-si\/\"}]}<\/script>\n<!-- \/ Yoast SEO plugin. -->","yoast_head_json":{"title":"Sporo\u010dilo za javnost ob svetovnem dnevu ekolo\u0161kega dolga 2023 - IZO","robots":{"index":"index","follow":"follow","max-snippet":"max-snippet:-1","max-image-preview":"max-image-preview:large","max-video-preview":"max-video-preview:-1"},"canonical":"https:\/\/izo.si\/en\/sporocilo-za-javnost-ob-svetovnem-dnevu-ekoloskega-dolga-2023\/","og_locale":"en_GB","og_type":"article","og_title":"Sporo\u010dilo za javnost ob svetovnem dnevu ekolo\u0161kega dolga 2023 - IZO","og_description":"Ljubljana, Slovenija, 2. avgust 2023 \u2013 Kot je razvidno iz najnovej\u0161ih nacionalnih poro\u010dil o ekolo\u0161kem odtisu in biokapaciteti, ki jih je pripravila organizacija Footprint Data Foundation skupaj z Univerzo York v Torontu, bomo v letu 2023 dan svetovnega ekolo\u0161kega dolga obele\u017eili 2. avgusta. To pomeni, da bomo na ta dan porabili vse vire in ekosistemske [&hellip;]","og_url":"https:\/\/izo.si\/en\/sporocilo-za-javnost-ob-svetovnem-dnevu-ekoloskega-dolga-2023\/","og_site_name":"IZO","article_published_time":"2023-08-02T06:44:36+00:00","article_modified_time":"2023-08-02T07:01:42+00:00","og_image":[{"width":1024,"height":1024,"url":"https:\/\/izo.si\/wp-content\/uploads\/2023\/08\/IZO-FB-Overshoot-post-1024x1024.png","type":"image\/png"}],"author":"info@izo.si","twitter_card":"summary_large_image","twitter_misc":{"Written by":"info@izo.si","Estimated reading time":"5 minutes"},"schema":{"@context":"https:\/\/schema.org","@graph":[{"@type":"Article","@id":"https:\/\/izo.si\/sporocilo-za-javnost-ob-svetovnem-dnevu-ekoloskega-dolga-2023\/#article","isPartOf":{"@id":"https:\/\/izo.si\/sporocilo-za-javnost-ob-svetovnem-dnevu-ekoloskega-dolga-2023\/"},"author":{"name":"info@izo.si","@id":"https:\/\/izo.si\/#\/schema\/person\/7c1d308fe359416255fc3003e716015d"},"headline":"Sporo\u010dilo za javnost ob svetovnem dnevu ekolo\u0161kega dolga 2023","datePublished":"2023-08-02T06:44:36+00:00","dateModified":"2023-08-02T07:01:42+00:00","mainEntityOfPage":{"@id":"https:\/\/izo.si\/sporocilo-za-javnost-ob-svetovnem-dnevu-ekoloskega-dolga-2023\/"},"wordCount":1017,"publisher":{"@id":"https:\/\/izo.si\/#organization"},"image":{"@id":"https:\/\/izo.si\/sporocilo-za-javnost-ob-svetovnem-dnevu-ekoloskega-dolga-2023\/#primaryimage"},"thumbnailUrl":"https:\/\/izo.si\/wp-content\/uploads\/2023\/08\/IZO-FB-Overshoot-post.png","articleSection":["Novice"],"inLanguage":"en-GB"},{"@type":"WebPage","@id":"https:\/\/izo.si\/sporocilo-za-javnost-ob-svetovnem-dnevu-ekoloskega-dolga-2023\/","url":"https:\/\/izo.si\/sporocilo-za-javnost-ob-svetovnem-dnevu-ekoloskega-dolga-2023\/","name":"Sporo\u010dilo za javnost ob svetovnem dnevu ekolo\u0161kega dolga 2023 - IZO","isPartOf":{"@id":"https:\/\/izo.si\/#website"},"primaryImageOfPage":{"@id":"https:\/\/izo.si\/sporocilo-za-javnost-ob-svetovnem-dnevu-ekoloskega-dolga-2023\/#primaryimage"},"image":{"@id":"https:\/\/izo.si\/sporocilo-za-javnost-ob-svetovnem-dnevu-ekoloskega-dolga-2023\/#primaryimage"},"thumbnailUrl":"https:\/\/izo.si\/wp-content\/uploads\/2023\/08\/IZO-FB-Overshoot-post.png","datePublished":"2023-08-02T06:44:36+00:00","dateModified":"2023-08-02T07:01:42+00:00","breadcrumb":{"@id":"https:\/\/izo.si\/sporocilo-za-javnost-ob-svetovnem-dnevu-ekoloskega-dolga-2023\/#breadcrumb"},"inLanguage":"en-GB","potentialAction":[{"@type":"ReadAction","target":["https:\/\/izo.si\/sporocilo-za-javnost-ob-svetovnem-dnevu-ekoloskega-dolga-2023\/"]}]},{"@type":"ImageObject","inLanguage":"en-GB","@id":"https:\/\/izo.si\/sporocilo-za-javnost-ob-svetovnem-dnevu-ekoloskega-dolga-2023\/#primaryimage","url":"https:\/\/izo.si\/wp-content\/uploads\/2023\/08\/IZO-FB-Overshoot-post.png","contentUrl":"https:\/\/izo.si\/wp-content\/uploads\/2023\/08\/IZO-FB-Overshoot-post.png","width":4500,"height":4500},{"@type":"BreadcrumbList","@id":"https:\/\/izo.si\/sporocilo-za-javnost-ob-svetovnem-dnevu-ekoloskega-dolga-2023\/#breadcrumb","itemListElement":[{"@type":"ListItem","position":1,"name":"Home","item":"https:\/\/izo.si\/"},{"@type":"ListItem","position":2,"name":"Sporo\u010dilo za javnost ob svetovnem dnevu ekolo\u0161kega dolga 2023"}]},{"@type":"WebSite","@id":"https:\/\/izo.si\/#website","url":"https:\/\/izo.si\/","name":"IZO","description":"Institute for Health and Environment","publisher":{"@id":"https:\/\/izo.si\/#organization"},"potentialAction":[{"@type":"SearchAction","target":{"@type":"EntryPoint","urlTemplate":"https:\/\/izo.si\/?s={search_term_string}"},"query-input":{"@type":"PropertyValueSpecification","valueRequired":true,"valueName":"search_term_string"}}],"inLanguage":"en-GB"},{"@type":"Organization","@id":"https:\/\/izo.si\/#organization","name":"IZO","url":"https:\/\/izo.si\/","logo":{"@type":"ImageObject","inLanguage":"en-GB","@id":"https:\/\/izo.si\/#\/schema\/logo\/image\/","url":"https:\/\/izo.si\/wp-content\/uploads\/2021\/01\/izo-logo@2x.png","contentUrl":"https:\/\/izo.si\/wp-content\/uploads\/2021\/01\/izo-logo@2x.png","width":262,"height":139,"caption":"IZO"},"image":{"@id":"https:\/\/izo.si\/#\/schema\/logo\/image\/"}},{"@type":"Person","@id":"https:\/\/izo.si\/#\/schema\/person\/7c1d308fe359416255fc3003e716015d","name":"info@izo.si","image":{"@type":"ImageObject","inLanguage":"en-GB","@id":"https:\/\/izo.si\/#\/schema\/person\/image\/","url":"https:\/\/secure.gravatar.com\/avatar\/6119564cb294b108df0fe93b796cfc2f405adef8ccb4e9788179335543b4f393?s=96&d=mm&r=g","contentUrl":"https:\/\/secure.gravatar.com\/avatar\/6119564cb294b108df0fe93b796cfc2f405adef8ccb4e9788179335543b4f393?s=96&d=mm&r=g","caption":"info@izo.si"},"url":"https:\/\/izo.si\/en\/author\/infoizo-si\/"}]}},"_links":{"self":[{"href":"https:\/\/izo.si\/en\/wp-json\/wp\/v2\/posts\/4313","targetHints":{"allow":["GET"]}}],"collection":[{"href":"https:\/\/izo.si\/en\/wp-json\/wp\/v2\/posts"}],"about":[{"href":"https:\/\/izo.si\/en\/wp-json\/wp\/v2\/types\/post"}],"author":[{"embeddable":true,"href":"https:\/\/izo.si\/en\/wp-json\/wp\/v2\/users\/8"}],"replies":[{"embeddable":true,"href":"https:\/\/izo.si\/en\/wp-json\/wp\/v2\/comments?post=4313"}],"version-history":[{"count":2,"href":"https:\/\/izo.si\/en\/wp-json\/wp\/v2\/posts\/4313\/revisions"}],"predecessor-version":[{"id":4317,"href":"https:\/\/izo.si\/en\/wp-json\/wp\/v2\/posts\/4313\/revisions\/4317"}],"wp:featuredmedia":[{"embeddable":true,"href":"https:\/\/izo.si\/en\/wp-json\/wp\/v2\/media\/4315"}],"wp:attachment":[{"href":"https:\/\/izo.si\/en\/wp-json\/wp\/v2\/media?parent=4313"}],"wp:term":[{"taxonomy":"category","embeddable":true,"href":"https:\/\/izo.si\/en\/wp-json\/wp\/v2\/categories?post=4313"},{"taxonomy":"post_tag","embeddable":true,"href":"https:\/\/izo.si\/en\/wp-json\/wp\/v2\/tags?post=4313"}],"curies":[{"name":"wp","href":"https:\/\/api.w.org\/{rel}","templated":true}]}}