{"id":3525,"date":"2023-04-18T08:48:53","date_gmt":"2023-04-18T06:48:53","guid":{"rendered":"https:\/\/izo.si\/?p=3525"},"modified":"2023-04-18T08:48:54","modified_gmt":"2023-04-18T06:48:54","slug":"szj-slovenski-dan-ekoloskega-dolga-letos-znova-pred-dnevom-zemlje","status":"publish","type":"post","link":"https:\/\/izo.si\/en\/szj-slovenski-dan-ekoloskega-dolga-letos-znova-pred-dnevom-zemlje\/","title":{"rendered":"SZJ: Slovenski dan ekolo\u0161kega dolga letos znova pred dnevom Zemlje"},"content":{"rendered":"<p><strong>Ljubljana, Slovenija, 18. 4. 2023<\/strong> \u2013 Letos je dan ekolo\u0161kega dolga za Slovenijo znova nastopil 18. aprila, \u0161tiri dni pred dnevom Zemlje. Ta datum ozna\u010duje trenutek, ko smo Slovenci \u017ee porabili vse vire in ekosistemske storitve, ki jih lahko Zemlja obnovi v enem letu. To pomeni, da bi, \u010de bi vsi prebivalci Zemlje \u017eiveli tako kot Slovenci, ve\u010d kot osem mesecev do konca leta \u017eiveli v t. i. ekolo\u0161kem dolgu.<\/p>\n\n\n\n<p>Po podatkih organizacije <strong>Global Footprint Network<\/strong> ekolo\u0161ki odtis dr\u017eavljana Slovenije zna\u0161a 5,37 gha, na \u017ealost pa Zemlja razpolaga le z 12,2 milijarde hektarjev produktivnih povr\u0161in (npr. travniki, pa\u0161niki, obdelovalne povr\u0161ine, ribolovna obmo\u010dja). \u010ce bi torej vsi ljudje na svetu \u017eiveli kot Slovenci, bi potrebovali 3,4 planete v velikosti Zemlje, da bi zadovoljili svoje potrebe po naravnih virih. To ka\u017ee, da je na\u0161a trenutna poraba naravnih virov prevelika in da moramo sprejeti trajnostne ukrepe za \u017eivljenje znotraj meja vzdr\u017ene rabe naravnih virov. Ekolo\u0161ki dolg je opozorilo, da s svojimi dejanji presegamo zmogljivosti na\u0161ega planeta in da potrebujemo trajnostne re\u0161itve, ki bodo na\u0161e vire ohranile za prihodnje generacije.<\/p>\n\n\n\n<p>Zakaj pa v Sloveniji in nekaterih drugih dr\u017eavah EU dan ekolo\u0161kega dolga nastopi tako zgodaj? <strong>Alessandro Galli<\/strong> iz organizacije Global Footprint Network pojasnjuje, da je \u00bb<em>Slovenija, tako kot ve\u010dina ostalih dr\u017eav EU, v preteklih desetletjih ubrala pot razvoja z ekonomskim modelom, potratnim z naravnimi viri. Slovenski dan ekolo\u0161kega dolga tako opozarja na situacijo, ki je ne moremo ve\u010d ignorirati, hkrati pa slovensko dru\u017ebo poziva k prizadevanju za prehod v bolj trajnostno gospodarstvo in \u017eivljenjski slog. Za razliko od mnogih drugih dr\u017eav EU je Slovenija tudi pionirka v ekolo\u0161kem prehodu, saj si je v Strategiji razvoja Slovenije 2030 zastavila ambiciozen cilj zmanj\u0161anja ekolo\u0161kega odtisa za 20 %. Pri tem prehodu lahko pomembno vlogo igrajo vsi akterji v dru\u017ebi, saj \u017ee\u00a0obstajajo mnoge druge trajnostne re\u0161itve, ki pa se zaenkrat \u0161e ne uporabljajo v dovolj\u0161njem obsegu in med vsemi dele\u017eniki.<\/em>\u00ab<\/p>\n\n\n\n<p>Slovenija, podobno kot \u0161tevilne druge dr\u017eave po svetu, se tako soo\u010da z izzivom uravnote\u017eenja gospodarske rasti in razvoja ter potrebe po zmanj\u0161anju svojega ekolo\u0161kega odtisa. Dejstvo je, da Slovenija v zadnjih letih vsaki\u010d znova presega svoje ekolo\u0161ke zmogljivosti, saj njen ekolo\u0161ki odtis \u017ee ve\u010d let zapored presega biokapaciteto dr\u017eave. To pomeni, da Slovenija letno porabi ve\u010d naravnih virov, kot jih lahko narava v enem letu obnovi, kar vodi v okoljsko degradacijo in iz\u010drpavanje naravnih virov.\u00a0<\/p>\n\n\n<div class=\"wp-block-image\">\n<figure class=\"aligncenter size-full is-resized\"><img fetchpriority=\"high\" decoding=\"async\" src=\"https:\/\/izo.si\/wp-content\/uploads\/2023\/04\/Country-Overshoot-Days-2023.jpeg\" alt=\"\" class=\"wp-image-3526\" width=\"570\" height=\"460\" srcset=\"https:\/\/izo.si\/wp-content\/uploads\/2023\/04\/Country-Overshoot-Days-2023.jpeg 1000w, https:\/\/izo.si\/wp-content\/uploads\/2023\/04\/Country-Overshoot-Days-2023-300x242.jpeg 300w, https:\/\/izo.si\/wp-content\/uploads\/2023\/04\/Country-Overshoot-Days-2023-768x621.jpeg 768w\" sizes=\"(max-width: 570px) 100vw, 570px\" \/><\/figure>\n<\/div>\n\n\n<p>Za re\u0161evanje tega problema Slovenija sprejema ukrepe za zmanj\u0161anje svojega okoljskega vpliva in spodbujanje trajnostnega razvoja, med drugim tudi prizadevanja za pove\u010danje energetske u\u010dinkovitosti, zmanj\u0161anje emisij toplogrednih plinov in spodbujanje uporabe obnovljivih virov energije. Kot \u017ee re\u010deno, je eden od ciljev Strategije razvoja Slovenije 2030 zni\u017eanje ekolo\u0161kega odtisa za 20 %, vlada pa je tudi v fazi sprejemanja podnebnega zakona ter posodobitve Nacionalnega energetskega in podnebnega na\u010drta.<\/p>\n\n\n\n<p>Prizadevanja za zmanj\u0161anje okoljskega vpliva je poudaril tudi <strong>Uro\u0161 Vajgl<\/strong>, dr\u017eavni sekretar na <strong>Ministrstvu za okolje, podnebje in energijo<\/strong>: \u00bb<em>Da bi Slovenci zadovoljili potrebe glede na aktualni \u017eivljenjski slog, bi potrebovali biokapaciteto, ki trikrat presega biokapaciteto na\u0161e dr\u017eave. K ekolo\u0161kemu odtisu ve\u010d kot polovico prispeva oglji\u010dni odtis, kar nakazuje na prekomerno potro\u0161njo in netrajnostne navade. Z nekaterih vidikov sicer \u017ee postajamo u\u010dinkovitej\u0161i, na primer pri porabi goriv za vo\u017enjo, a kljub temu vse ve\u010d poti opravimo z osebnimi vozili. Po podatkih raziskave v okviru projekta Care4Climate je namre\u010d kar polovica vsakodnevnih poti, ki jih opravimo z osebnimi vozili, kraj\u0161a od dveh kilometrov. To so poti, ki bi jih zlahka nadomestili s hojo, kolesarjenjem in drugimi oblikami trajnostne mobilnosti. Da bi dosegli cilj za petino zni\u017eanega ekolo\u0161kega odtisa do leta 2030, je torej poleg tehnolo\u0161kih re\u0161itev potreben prehod na nizkooglji\u010dno kro\u017eno gospodarstvo ter korenita sprememba navad na\u0161e dru\u017ebe. Vlada ima pri doseganju teh ciljev pomembno vlogo in se osredoto\u010da na ukrepe, ki so zastavljeni v posodobitvah Nacionalnega energetskega in podnebnega na\u010drta, Nacionalnem programu varstva okolja ter celovitem projektu razoglji\u010denja Slovenije. Ministrstvo za okolje, podnebje in energijo ob tem pripravlja tudi podnebni zakon. Vsi se moramo zavedati, da je na\u0161a prihodnost odvisna od dana\u0161njih dejanj. Zato pozivam vse, da si skupaj prizadevamo \u017eiveti v okvirjih, ki jih na\u0161 planet lahko prenese<\/em>.\u00ab<\/p>\n\n\n\n<p>S tem se strinja tudi <strong>Toma\u017e Gorenc<\/strong>, direktor In\u0161tituta za zdravje in okolje, ki je dodal: <em>\u00bbVe\u010d kot o\u010ditno je, da na\u0161e \u017eivljenjske navade vse bolj iz\u010drpavajo naravno okolje na\u0161ega planeta. Zato je klju\u010dno hitro in u\u010dinkovito uvajanje ukrepov na nacionalni ravni, kot so razvoj u\u010dinkovitega javnega prevoza, trajnostno upravljanje in prilagajanje gozdov na podnebne spremembe, uvajanje obnovljivih virov energije ter spodbujanje kro\u017enega gospodarstva. Ker pa se zavedamo, da so pri tem pomembni tudi vsi posamezniki v Sloveniji, smo na In\u0161titutu za zdravje in okolje ponosni, da smo v okviru projekta Sustainaware razvili slovenski <\/em><a href=\"https:\/\/izo.si\/en\/izracunaj-ekoloski-odtis\/\"><em>kalkulator za izra\u010dun osebnega ekolo\u0161kega odtisa<\/em><\/a><em>, s katerim lahko vsak na enostaven na\u010din preveri, kako njegova dejanja vplivajo na okolje.<\/em>\u00ab<\/p>\n\n\n\n<p>Ob tej prilo\u017enosti<strong> Institute for Health and Environment<\/strong> napoveduje tudi sodelovanje pri novem projektu <strong>EcoFootprint<\/strong>, s \u010dimer bo kalkulator ekolo\u0161kega odtisa \u0161e nadgradil in ga ponudil uporabnikom v Romuniji. Glavni cilj projekta je romunskim u\u010diteljem zagotoviti podrobno znanje o kalkulatorju ekolo\u0161kega odtisa in njegovi uporabi z drugimi u\u010dnimi gradivi, ki jih bodo pripravili v okviru projekta. S tem bodo u\u010dencem uspe\u0161no posredovali na\u010dela trajnostnega na\u010dina \u017eivljenja in jih ozave\u0161\u010dali o trajnostnem razvoju. Poleg tega bodo \u0161tevilni u\u010ditelji iz Slovenije in Nem\u010dije dele\u017eni strukturiranega usposabljanja v svojem maternem jeziku, kar jim bo omogo\u010dilo pou\u010devanje koncepta ekolo\u0161kega odtisa. To bo u\u010dencem pomagalo razumeti, kako njihove vsakodnevne odlo\u010ditve vplivajo na okolje, zaradi \u010desar bodo bolj zavedni glede svojih dejanj in odlo\u010ditev, ki jih sprejemajo. U\u010denje o ekolo\u0161kem odtisu se tako ne nana\u0161a samo na prihodnjo varnost na\u0161ega planeta, ampak tudi na u\u010dence same, saj bodo s tem pridobili pomembne \u017eivljenjske spretnosti in znanja za odgovorno ravnanje z okoljem.<\/p>\n\n\n\n<hr class=\"wp-block-separator has-alpha-channel-opacity\"\/>\n\n\n\n<p><strong>Kontakt:<\/strong><\/p>\n\n\n\n<p>Toma\u017e Gorenc, In\u0161titut za zdravje in okolje, tomaz.gorenc@izo.si, +386 40 493 460<\/p>","protected":false},"excerpt":{"rendered":"<p>Ljubljana, Slovenija, 18. 4. 2023 \u2013 Letos je dan ekolo\u0161kega dolga za Slovenijo znova nastopil 18. aprila, \u0161tiri dni pred dnevom Zemlje. Ta datum ozna\u010duje trenutek, ko smo Slovenci \u017ee porabili vse vire in ekosistemske storitve, ki jih lahko Zemlja obnovi v enem letu. To pomeni, da bi, \u010de bi vsi prebivalci Zemlje \u017eiveli tako [&hellip;]<\/p>","protected":false},"author":8,"featured_media":3527,"comment_status":"closed","ping_status":"closed","sticky":false,"template":"","format":"standard","meta":{"_monsterinsights_skip_tracking":false,"_monsterinsights_sitenote_active":false,"_monsterinsights_sitenote_note":"","_monsterinsights_sitenote_category":0,"_uf_show_specific_survey":0,"_uf_disable_surveys":false,"footnotes":""},"categories":[7],"tags":[],"class_list":["post-3525","post","type-post","status-publish","format-standard","has-post-thumbnail","hentry","category-novice"],"aioseo_notices":[],"yoast_head":"<!-- This site is optimized with the Yoast SEO plugin v24.5 - https:\/\/yoast.com\/wordpress\/plugins\/seo\/ -->\n<title>SZJ: Slovenski dan ekolo\u0161kega dolga letos znova pred dnevom Zemlje - IZO<\/title>\n<meta name=\"robots\" content=\"index, follow, max-snippet:-1, max-image-preview:large, max-video-preview:-1\" \/>\n<link rel=\"canonical\" href=\"https:\/\/izo.si\/en\/szj-slovenski-dan-ekoloskega-dolga-letos-znova-pred-dnevom-zemlje\/\" \/>\n<meta property=\"og:locale\" content=\"en_GB\" \/>\n<meta property=\"og:type\" content=\"article\" \/>\n<meta property=\"og:title\" content=\"SZJ: Slovenski dan ekolo\u0161kega dolga letos znova pred dnevom Zemlje - IZO\" \/>\n<meta property=\"og:description\" content=\"Ljubljana, Slovenija, 18. 4. 2023 \u2013 Letos je dan ekolo\u0161kega dolga za Slovenijo znova nastopil 18. aprila, \u0161tiri dni pred dnevom Zemlje. Ta datum ozna\u010duje trenutek, ko smo Slovenci \u017ee porabili vse vire in ekosistemske storitve, ki jih lahko Zemlja obnovi v enem letu. To pomeni, da bi, \u010de bi vsi prebivalci Zemlje \u017eiveli tako [&hellip;]\" \/>\n<meta property=\"og:url\" content=\"https:\/\/izo.si\/en\/szj-slovenski-dan-ekoloskega-dolga-letos-znova-pred-dnevom-zemlje\/\" \/>\n<meta property=\"og:site_name\" content=\"IZO\" \/>\n<meta property=\"article:published_time\" content=\"2023-04-18T06:48:53+00:00\" \/>\n<meta property=\"article:modified_time\" content=\"2023-04-18T06:48:54+00:00\" \/>\n<meta property=\"og:image\" content=\"https:\/\/izo.si\/wp-content\/uploads\/2023\/04\/Untitled-design-1.png\" \/>\n\t<meta property=\"og:image:width\" content=\"1080\" \/>\n\t<meta property=\"og:image:height\" content=\"1080\" \/>\n\t<meta property=\"og:image:type\" content=\"image\/png\" \/>\n<meta name=\"author\" content=\"info@izo.si\" \/>\n<meta name=\"twitter:card\" content=\"summary_large_image\" \/>\n<meta name=\"twitter:label1\" content=\"Written by\" \/>\n\t<meta name=\"twitter:data1\" content=\"info@izo.si\" \/>\n\t<meta name=\"twitter:label2\" content=\"Estimated reading time\" \/>\n\t<meta name=\"twitter:data2\" content=\"5 minutes\" \/>\n<script type=\"application\/ld+json\" class=\"yoast-schema-graph\">{\"@context\":\"https:\/\/schema.org\",\"@graph\":[{\"@type\":\"Article\",\"@id\":\"https:\/\/izo.si\/szj-slovenski-dan-ekoloskega-dolga-letos-znova-pred-dnevom-zemlje\/#article\",\"isPartOf\":{\"@id\":\"https:\/\/izo.si\/szj-slovenski-dan-ekoloskega-dolga-letos-znova-pred-dnevom-zemlje\/\"},\"author\":{\"name\":\"info@izo.si\",\"@id\":\"https:\/\/izo.si\/#\/schema\/person\/7c1d308fe359416255fc3003e716015d\"},\"headline\":\"SZJ: Slovenski dan ekolo\u0161kega dolga letos znova pred dnevom Zemlje\",\"datePublished\":\"2023-04-18T06:48:53+00:00\",\"dateModified\":\"2023-04-18T06:48:54+00:00\",\"mainEntityOfPage\":{\"@id\":\"https:\/\/izo.si\/szj-slovenski-dan-ekoloskega-dolga-letos-znova-pred-dnevom-zemlje\/\"},\"wordCount\":1065,\"publisher\":{\"@id\":\"https:\/\/izo.si\/#organization\"},\"image\":{\"@id\":\"https:\/\/izo.si\/szj-slovenski-dan-ekoloskega-dolga-letos-znova-pred-dnevom-zemlje\/#primaryimage\"},\"thumbnailUrl\":\"https:\/\/izo.si\/wp-content\/uploads\/2023\/04\/Untitled-design-1.png\",\"articleSection\":[\"Novice\"],\"inLanguage\":\"en-GB\"},{\"@type\":\"WebPage\",\"@id\":\"https:\/\/izo.si\/szj-slovenski-dan-ekoloskega-dolga-letos-znova-pred-dnevom-zemlje\/\",\"url\":\"https:\/\/izo.si\/szj-slovenski-dan-ekoloskega-dolga-letos-znova-pred-dnevom-zemlje\/\",\"name\":\"SZJ: Slovenski dan ekolo\u0161kega dolga letos znova pred dnevom Zemlje - IZO\",\"isPartOf\":{\"@id\":\"https:\/\/izo.si\/#website\"},\"primaryImageOfPage\":{\"@id\":\"https:\/\/izo.si\/szj-slovenski-dan-ekoloskega-dolga-letos-znova-pred-dnevom-zemlje\/#primaryimage\"},\"image\":{\"@id\":\"https:\/\/izo.si\/szj-slovenski-dan-ekoloskega-dolga-letos-znova-pred-dnevom-zemlje\/#primaryimage\"},\"thumbnailUrl\":\"https:\/\/izo.si\/wp-content\/uploads\/2023\/04\/Untitled-design-1.png\",\"datePublished\":\"2023-04-18T06:48:53+00:00\",\"dateModified\":\"2023-04-18T06:48:54+00:00\",\"breadcrumb\":{\"@id\":\"https:\/\/izo.si\/szj-slovenski-dan-ekoloskega-dolga-letos-znova-pred-dnevom-zemlje\/#breadcrumb\"},\"inLanguage\":\"en-GB\",\"potentialAction\":[{\"@type\":\"ReadAction\",\"target\":[\"https:\/\/izo.si\/szj-slovenski-dan-ekoloskega-dolga-letos-znova-pred-dnevom-zemlje\/\"]}]},{\"@type\":\"ImageObject\",\"inLanguage\":\"en-GB\",\"@id\":\"https:\/\/izo.si\/szj-slovenski-dan-ekoloskega-dolga-letos-znova-pred-dnevom-zemlje\/#primaryimage\",\"url\":\"https:\/\/izo.si\/wp-content\/uploads\/2023\/04\/Untitled-design-1.png\",\"contentUrl\":\"https:\/\/izo.si\/wp-content\/uploads\/2023\/04\/Untitled-design-1.png\",\"width\":1080,\"height\":1080},{\"@type\":\"BreadcrumbList\",\"@id\":\"https:\/\/izo.si\/szj-slovenski-dan-ekoloskega-dolga-letos-znova-pred-dnevom-zemlje\/#breadcrumb\",\"itemListElement\":[{\"@type\":\"ListItem\",\"position\":1,\"name\":\"Home\",\"item\":\"https:\/\/izo.si\/\"},{\"@type\":\"ListItem\",\"position\":2,\"name\":\"SZJ: Slovenski dan ekolo\u0161kega dolga letos znova pred dnevom Zemlje\"}]},{\"@type\":\"WebSite\",\"@id\":\"https:\/\/izo.si\/#website\",\"url\":\"https:\/\/izo.si\/\",\"name\":\"IZO\",\"description\":\"In\u0161titut za zdravje in okolje\",\"publisher\":{\"@id\":\"https:\/\/izo.si\/#organization\"},\"potentialAction\":[{\"@type\":\"SearchAction\",\"target\":{\"@type\":\"EntryPoint\",\"urlTemplate\":\"https:\/\/izo.si\/?s={search_term_string}\"},\"query-input\":{\"@type\":\"PropertyValueSpecification\",\"valueRequired\":true,\"valueName\":\"search_term_string\"}}],\"inLanguage\":\"en-GB\"},{\"@type\":\"Organization\",\"@id\":\"https:\/\/izo.si\/#organization\",\"name\":\"IZO\",\"url\":\"https:\/\/izo.si\/\",\"logo\":{\"@type\":\"ImageObject\",\"inLanguage\":\"en-GB\",\"@id\":\"https:\/\/izo.si\/#\/schema\/logo\/image\/\",\"url\":\"https:\/\/izo.si\/wp-content\/uploads\/2021\/01\/izo-logo@2x.png\",\"contentUrl\":\"https:\/\/izo.si\/wp-content\/uploads\/2021\/01\/izo-logo@2x.png\",\"width\":262,\"height\":139,\"caption\":\"IZO\"},\"image\":{\"@id\":\"https:\/\/izo.si\/#\/schema\/logo\/image\/\"}},{\"@type\":\"Person\",\"@id\":\"https:\/\/izo.si\/#\/schema\/person\/7c1d308fe359416255fc3003e716015d\",\"name\":\"info@izo.si\",\"image\":{\"@type\":\"ImageObject\",\"inLanguage\":\"en-GB\",\"@id\":\"https:\/\/izo.si\/#\/schema\/person\/image\/\",\"url\":\"https:\/\/secure.gravatar.com\/avatar\/6119564cb294b108df0fe93b796cfc2f405adef8ccb4e9788179335543b4f393?s=96&d=mm&r=g\",\"contentUrl\":\"https:\/\/secure.gravatar.com\/avatar\/6119564cb294b108df0fe93b796cfc2f405adef8ccb4e9788179335543b4f393?s=96&d=mm&r=g\",\"caption\":\"info@izo.si\"},\"url\":\"https:\/\/izo.si\/en\/author\/infoizo-si\/\"}]}<\/script>\n<!-- \/ Yoast SEO plugin. -->","yoast_head_json":{"title":"SZJ: Slovenski dan ekolo\u0161kega dolga letos znova pred dnevom Zemlje - IZO","robots":{"index":"index","follow":"follow","max-snippet":"max-snippet:-1","max-image-preview":"max-image-preview:large","max-video-preview":"max-video-preview:-1"},"canonical":"https:\/\/izo.si\/en\/szj-slovenski-dan-ekoloskega-dolga-letos-znova-pred-dnevom-zemlje\/","og_locale":"en_GB","og_type":"article","og_title":"SZJ: Slovenski dan ekolo\u0161kega dolga letos znova pred dnevom Zemlje - IZO","og_description":"Ljubljana, Slovenija, 18. 4. 2023 \u2013 Letos je dan ekolo\u0161kega dolga za Slovenijo znova nastopil 18. aprila, \u0161tiri dni pred dnevom Zemlje. Ta datum ozna\u010duje trenutek, ko smo Slovenci \u017ee porabili vse vire in ekosistemske storitve, ki jih lahko Zemlja obnovi v enem letu. To pomeni, da bi, \u010de bi vsi prebivalci Zemlje \u017eiveli tako [&hellip;]","og_url":"https:\/\/izo.si\/en\/szj-slovenski-dan-ekoloskega-dolga-letos-znova-pred-dnevom-zemlje\/","og_site_name":"IZO","article_published_time":"2023-04-18T06:48:53+00:00","article_modified_time":"2023-04-18T06:48:54+00:00","og_image":[{"width":1080,"height":1080,"url":"https:\/\/izo.si\/wp-content\/uploads\/2023\/04\/Untitled-design-1.png","type":"image\/png"}],"author":"info@izo.si","twitter_card":"summary_large_image","twitter_misc":{"Written by":"info@izo.si","Estimated reading time":"5 minutes"},"schema":{"@context":"https:\/\/schema.org","@graph":[{"@type":"Article","@id":"https:\/\/izo.si\/szj-slovenski-dan-ekoloskega-dolga-letos-znova-pred-dnevom-zemlje\/#article","isPartOf":{"@id":"https:\/\/izo.si\/szj-slovenski-dan-ekoloskega-dolga-letos-znova-pred-dnevom-zemlje\/"},"author":{"name":"info@izo.si","@id":"https:\/\/izo.si\/#\/schema\/person\/7c1d308fe359416255fc3003e716015d"},"headline":"SZJ: Slovenski dan ekolo\u0161kega dolga letos znova pred dnevom Zemlje","datePublished":"2023-04-18T06:48:53+00:00","dateModified":"2023-04-18T06:48:54+00:00","mainEntityOfPage":{"@id":"https:\/\/izo.si\/szj-slovenski-dan-ekoloskega-dolga-letos-znova-pred-dnevom-zemlje\/"},"wordCount":1065,"publisher":{"@id":"https:\/\/izo.si\/#organization"},"image":{"@id":"https:\/\/izo.si\/szj-slovenski-dan-ekoloskega-dolga-letos-znova-pred-dnevom-zemlje\/#primaryimage"},"thumbnailUrl":"https:\/\/izo.si\/wp-content\/uploads\/2023\/04\/Untitled-design-1.png","articleSection":["Novice"],"inLanguage":"en-GB"},{"@type":"WebPage","@id":"https:\/\/izo.si\/szj-slovenski-dan-ekoloskega-dolga-letos-znova-pred-dnevom-zemlje\/","url":"https:\/\/izo.si\/szj-slovenski-dan-ekoloskega-dolga-letos-znova-pred-dnevom-zemlje\/","name":"SZJ: Slovenski dan ekolo\u0161kega dolga letos znova pred dnevom Zemlje - IZO","isPartOf":{"@id":"https:\/\/izo.si\/#website"},"primaryImageOfPage":{"@id":"https:\/\/izo.si\/szj-slovenski-dan-ekoloskega-dolga-letos-znova-pred-dnevom-zemlje\/#primaryimage"},"image":{"@id":"https:\/\/izo.si\/szj-slovenski-dan-ekoloskega-dolga-letos-znova-pred-dnevom-zemlje\/#primaryimage"},"thumbnailUrl":"https:\/\/izo.si\/wp-content\/uploads\/2023\/04\/Untitled-design-1.png","datePublished":"2023-04-18T06:48:53+00:00","dateModified":"2023-04-18T06:48:54+00:00","breadcrumb":{"@id":"https:\/\/izo.si\/szj-slovenski-dan-ekoloskega-dolga-letos-znova-pred-dnevom-zemlje\/#breadcrumb"},"inLanguage":"en-GB","potentialAction":[{"@type":"ReadAction","target":["https:\/\/izo.si\/szj-slovenski-dan-ekoloskega-dolga-letos-znova-pred-dnevom-zemlje\/"]}]},{"@type":"ImageObject","inLanguage":"en-GB","@id":"https:\/\/izo.si\/szj-slovenski-dan-ekoloskega-dolga-letos-znova-pred-dnevom-zemlje\/#primaryimage","url":"https:\/\/izo.si\/wp-content\/uploads\/2023\/04\/Untitled-design-1.png","contentUrl":"https:\/\/izo.si\/wp-content\/uploads\/2023\/04\/Untitled-design-1.png","width":1080,"height":1080},{"@type":"BreadcrumbList","@id":"https:\/\/izo.si\/szj-slovenski-dan-ekoloskega-dolga-letos-znova-pred-dnevom-zemlje\/#breadcrumb","itemListElement":[{"@type":"ListItem","position":1,"name":"Home","item":"https:\/\/izo.si\/"},{"@type":"ListItem","position":2,"name":"SZJ: Slovenski dan ekolo\u0161kega dolga letos znova pred dnevom Zemlje"}]},{"@type":"WebSite","@id":"https:\/\/izo.si\/#website","url":"https:\/\/izo.si\/","name":"IZO","description":"Institute for Health and Environment","publisher":{"@id":"https:\/\/izo.si\/#organization"},"potentialAction":[{"@type":"SearchAction","target":{"@type":"EntryPoint","urlTemplate":"https:\/\/izo.si\/?s={search_term_string}"},"query-input":{"@type":"PropertyValueSpecification","valueRequired":true,"valueName":"search_term_string"}}],"inLanguage":"en-GB"},{"@type":"Organization","@id":"https:\/\/izo.si\/#organization","name":"IZO","url":"https:\/\/izo.si\/","logo":{"@type":"ImageObject","inLanguage":"en-GB","@id":"https:\/\/izo.si\/#\/schema\/logo\/image\/","url":"https:\/\/izo.si\/wp-content\/uploads\/2021\/01\/izo-logo@2x.png","contentUrl":"https:\/\/izo.si\/wp-content\/uploads\/2021\/01\/izo-logo@2x.png","width":262,"height":139,"caption":"IZO"},"image":{"@id":"https:\/\/izo.si\/#\/schema\/logo\/image\/"}},{"@type":"Person","@id":"https:\/\/izo.si\/#\/schema\/person\/7c1d308fe359416255fc3003e716015d","name":"info@izo.si","image":{"@type":"ImageObject","inLanguage":"en-GB","@id":"https:\/\/izo.si\/#\/schema\/person\/image\/","url":"https:\/\/secure.gravatar.com\/avatar\/6119564cb294b108df0fe93b796cfc2f405adef8ccb4e9788179335543b4f393?s=96&d=mm&r=g","contentUrl":"https:\/\/secure.gravatar.com\/avatar\/6119564cb294b108df0fe93b796cfc2f405adef8ccb4e9788179335543b4f393?s=96&d=mm&r=g","caption":"info@izo.si"},"url":"https:\/\/izo.si\/en\/author\/infoizo-si\/"}]}},"_links":{"self":[{"href":"https:\/\/izo.si\/en\/wp-json\/wp\/v2\/posts\/3525","targetHints":{"allow":["GET"]}}],"collection":[{"href":"https:\/\/izo.si\/en\/wp-json\/wp\/v2\/posts"}],"about":[{"href":"https:\/\/izo.si\/en\/wp-json\/wp\/v2\/types\/post"}],"author":[{"embeddable":true,"href":"https:\/\/izo.si\/en\/wp-json\/wp\/v2\/users\/8"}],"replies":[{"embeddable":true,"href":"https:\/\/izo.si\/en\/wp-json\/wp\/v2\/comments?post=3525"}],"version-history":[{"count":1,"href":"https:\/\/izo.si\/en\/wp-json\/wp\/v2\/posts\/3525\/revisions"}],"predecessor-version":[{"id":3528,"href":"https:\/\/izo.si\/en\/wp-json\/wp\/v2\/posts\/3525\/revisions\/3528"}],"wp:featuredmedia":[{"embeddable":true,"href":"https:\/\/izo.si\/en\/wp-json\/wp\/v2\/media\/3527"}],"wp:attachment":[{"href":"https:\/\/izo.si\/en\/wp-json\/wp\/v2\/media?parent=3525"}],"wp:term":[{"taxonomy":"category","embeddable":true,"href":"https:\/\/izo.si\/en\/wp-json\/wp\/v2\/categories?post=3525"},{"taxonomy":"post_tag","embeddable":true,"href":"https:\/\/izo.si\/en\/wp-json\/wp\/v2\/tags?post=3525"}],"curies":[{"name":"wp","href":"https:\/\/api.w.org\/{rel}","templated":true}]}}