{"id":3459,"date":"2023-03-17T14:36:49","date_gmt":"2023-03-17T13:36:49","guid":{"rendered":"https:\/\/izo.si\/?p=3459"},"modified":"2023-03-23T14:39:27","modified_gmt":"2023-03-23T13:39:27","slug":"revizija-direktiv-eu-o-kakovosti-zraka","status":"publish","type":"post","link":"https:\/\/izo.si\/en\/revizija-direktiv-eu-o-kakovosti-zraka\/","title":{"rendered":"Revizija direktiv EU o kakovosti zraka"},"content":{"rendered":"<p>Odbor ENVI leto dni pred prihajajo\u010dimi volitvami v EU preu\u010duje predlog za revizijo direktiv EU o kakovosti zunanjega zraka (AAQD), ki predstavljajo temelj za za\u0161\u010dito zdravja ljudi in okolja pred onesna\u017eenim zrakom. <\/p>\n\n\n\n<p>V sodelovanju z organizacijo Health and Environment Alliance ter s podporo Plana B smo slovenskim poslancem Ljudmili Novak, Ireni Jovevi ter Milanu Brglezu poslali pismo, v katerem smo jih opozorili na pomembnost njihove podpore pri dajanju prednosti za\u0161\u010diti zdravja na prihajajo\u010dih zakonodajnih pogajanjih.<\/p>\n\n\n\n<p>Pismo objavljamo v nadaljevanju:<\/p>\n\n\n\n<div data-wp-interactive=\"core\/file\" class=\"wp-block-file\"><object data-wp-bind--hidden=\"!state.hasPdfPreview\" hidden class=\"wp-block-file__embed\" data=\"https:\/\/izo.si\/wp-content\/uploads\/2023\/03\/Pismo-ENVI.pdf\" type=\"application\/pdf\" style=\"width:100%;height:600px\" aria-label=\"Embed of Pismo-ENVI.\"><\/object><a id=\"wp-block-file--media-c3654c95-e639-4c9c-b7be-6a1bc60c6b51\" href=\"https:\/\/izo.si\/wp-content\/uploads\/2023\/03\/Pismo-ENVI.pdf\">Pismo-ENVI<\/a><a href=\"https:\/\/izo.si\/wp-content\/uploads\/2023\/03\/Pismo-ENVI.pdf\" class=\"wp-block-file__button wp-element-button\" download aria-describedby=\"wp-block-file--media-c3654c95-e639-4c9c-b7be-6a1bc60c6b51\">Download<\/a><\/div>","protected":false},"excerpt":{"rendered":"<p>Odbor ENVI leto dni pred prihajajo\u010dimi volitvami v EU preu\u010duje predlog za revizijo direktiv EU o kakovosti zunanjega zraka (AAQD), ki predstavljajo temelj za za\u0161\u010dito zdravja ljudi in okolja pred onesna\u017eenim zrakom. V sodelovanju z organizacijo Health and Environment Alliance ter s podporo Plana B smo slovenskim poslancem Ljudmili Novak, Ireni Jovevi ter Milanu Brglezu [&hellip;]<\/p>","protected":false},"author":8,"featured_media":3461,"comment_status":"closed","ping_status":"closed","sticky":false,"template":"","format":"standard","meta":{"_monsterinsights_skip_tracking":false,"_monsterinsights_sitenote_active":false,"_monsterinsights_sitenote_note":"","_monsterinsights_sitenote_category":0,"_uf_show_specific_survey":0,"_uf_disable_surveys":false,"footnotes":""},"categories":[7],"tags":[],"class_list":["post-3459","post","type-post","status-publish","format-standard","has-post-thumbnail","hentry","category-novice"],"aioseo_notices":[],"yoast_head":"<!-- This site is optimized with the Yoast SEO plugin v24.5 - https:\/\/yoast.com\/wordpress\/plugins\/seo\/ -->\n<title>Revizija direktiv EU o kakovosti zraka - IZO<\/title>\n<meta name=\"robots\" content=\"index, follow, max-snippet:-1, max-image-preview:large, max-video-preview:-1\" \/>\n<link rel=\"canonical\" href=\"https:\/\/izo.si\/en\/revizija-direktiv-eu-o-kakovosti-zraka\/\" \/>\n<meta property=\"og:locale\" content=\"en_GB\" \/>\n<meta property=\"og:type\" content=\"article\" \/>\n<meta property=\"og:title\" content=\"Revizija direktiv EU o kakovosti zraka - IZO\" \/>\n<meta property=\"og:description\" content=\"Odbor ENVI leto dni pred prihajajo\u010dimi volitvami v EU preu\u010duje predlog za revizijo direktiv EU o kakovosti zunanjega zraka (AAQD), ki predstavljajo temelj za za\u0161\u010dito zdravja ljudi in okolja pred onesna\u017eenim zrakom. V sodelovanju z organizacijo Health and Environment Alliance ter s podporo Plana B smo slovenskim poslancem Ljudmili Novak, Ireni Jovevi ter Milanu Brglezu [&hellip;]\" \/>\n<meta property=\"og:url\" content=\"https:\/\/izo.si\/en\/revizija-direktiv-eu-o-kakovosti-zraka\/\" \/>\n<meta property=\"og:site_name\" content=\"IZO\" \/>\n<meta property=\"article:published_time\" content=\"2023-03-17T13:36:49+00:00\" \/>\n<meta property=\"article:modified_time\" content=\"2023-03-23T13:39:27+00:00\" \/>\n<meta property=\"og:image\" content=\"https:\/\/izo.si\/wp-content\/uploads\/2023\/03\/Fotografije-za-IZO-projekte-2-1024x768.png\" \/>\n\t<meta property=\"og:image:width\" content=\"1024\" \/>\n\t<meta property=\"og:image:height\" content=\"768\" \/>\n\t<meta property=\"og:image:type\" content=\"image\/png\" \/>\n<meta name=\"author\" content=\"info@izo.si\" \/>\n<meta name=\"twitter:card\" content=\"summary_large_image\" \/>\n<meta name=\"twitter:label1\" content=\"Written by\" \/>\n\t<meta name=\"twitter:data1\" content=\"info@izo.si\" \/>\n<script type=\"application\/ld+json\" class=\"yoast-schema-graph\">{\"@context\":\"https:\/\/schema.org\",\"@graph\":[{\"@type\":\"Article\",\"@id\":\"https:\/\/izo.si\/en\/revizija-direktiv-eu-o-kakovosti-zraka\/#article\",\"isPartOf\":{\"@id\":\"https:\/\/izo.si\/en\/revizija-direktiv-eu-o-kakovosti-zraka\/\"},\"author\":{\"name\":\"info@izo.si\",\"@id\":\"https:\/\/izo.si\/#\/schema\/person\/7c1d308fe359416255fc3003e716015d\"},\"headline\":\"Revizija direktiv EU o kakovosti zraka\",\"datePublished\":\"2023-03-17T13:36:49+00:00\",\"dateModified\":\"2023-03-23T13:39:27+00:00\",\"mainEntityOfPage\":{\"@id\":\"https:\/\/izo.si\/en\/revizija-direktiv-eu-o-kakovosti-zraka\/\"},\"wordCount\":93,\"publisher\":{\"@id\":\"https:\/\/izo.si\/#organization\"},\"image\":{\"@id\":\"https:\/\/izo.si\/en\/revizija-direktiv-eu-o-kakovosti-zraka\/#primaryimage\"},\"thumbnailUrl\":\"https:\/\/izo.si\/wp-content\/uploads\/2023\/03\/Fotografije-za-IZO-projekte-2.png\",\"articleSection\":[\"Novice\"],\"inLanguage\":\"en-GB\"},{\"@type\":\"WebPage\",\"@id\":\"https:\/\/izo.si\/en\/revizija-direktiv-eu-o-kakovosti-zraka\/\",\"url\":\"https:\/\/izo.si\/en\/revizija-direktiv-eu-o-kakovosti-zraka\/\",\"name\":\"Revizija direktiv EU o kakovosti zraka - IZO\",\"isPartOf\":{\"@id\":\"https:\/\/izo.si\/#website\"},\"primaryImageOfPage\":{\"@id\":\"https:\/\/izo.si\/en\/revizija-direktiv-eu-o-kakovosti-zraka\/#primaryimage\"},\"image\":{\"@id\":\"https:\/\/izo.si\/en\/revizija-direktiv-eu-o-kakovosti-zraka\/#primaryimage\"},\"thumbnailUrl\":\"https:\/\/izo.si\/wp-content\/uploads\/2023\/03\/Fotografije-za-IZO-projekte-2.png\",\"datePublished\":\"2023-03-17T13:36:49+00:00\",\"dateModified\":\"2023-03-23T13:39:27+00:00\",\"breadcrumb\":{\"@id\":\"https:\/\/izo.si\/en\/revizija-direktiv-eu-o-kakovosti-zraka\/#breadcrumb\"},\"inLanguage\":\"en-GB\",\"potentialAction\":[{\"@type\":\"ReadAction\",\"target\":[\"https:\/\/izo.si\/en\/revizija-direktiv-eu-o-kakovosti-zraka\/\"]}]},{\"@type\":\"ImageObject\",\"inLanguage\":\"en-GB\",\"@id\":\"https:\/\/izo.si\/en\/revizija-direktiv-eu-o-kakovosti-zraka\/#primaryimage\",\"url\":\"https:\/\/izo.si\/wp-content\/uploads\/2023\/03\/Fotografije-za-IZO-projekte-2.png\",\"contentUrl\":\"https:\/\/izo.si\/wp-content\/uploads\/2023\/03\/Fotografije-za-IZO-projekte-2.png\",\"width\":1890,\"height\":1417},{\"@type\":\"BreadcrumbList\",\"@id\":\"https:\/\/izo.si\/en\/revizija-direktiv-eu-o-kakovosti-zraka\/#breadcrumb\",\"itemListElement\":[{\"@type\":\"ListItem\",\"position\":1,\"name\":\"Home\",\"item\":\"https:\/\/izo.si\/\"},{\"@type\":\"ListItem\",\"position\":2,\"name\":\"Revizija direktiv EU o kakovosti zraka\"}]},{\"@type\":\"WebSite\",\"@id\":\"https:\/\/izo.si\/#website\",\"url\":\"https:\/\/izo.si\/\",\"name\":\"IZO\",\"description\":\"In\u0161titut za zdravje in okolje\",\"publisher\":{\"@id\":\"https:\/\/izo.si\/#organization\"},\"potentialAction\":[{\"@type\":\"SearchAction\",\"target\":{\"@type\":\"EntryPoint\",\"urlTemplate\":\"https:\/\/izo.si\/?s={search_term_string}\"},\"query-input\":{\"@type\":\"PropertyValueSpecification\",\"valueRequired\":true,\"valueName\":\"search_term_string\"}}],\"inLanguage\":\"en-GB\"},{\"@type\":\"Organization\",\"@id\":\"https:\/\/izo.si\/#organization\",\"name\":\"IZO\",\"url\":\"https:\/\/izo.si\/\",\"logo\":{\"@type\":\"ImageObject\",\"inLanguage\":\"en-GB\",\"@id\":\"https:\/\/izo.si\/#\/schema\/logo\/image\/\",\"url\":\"https:\/\/izo.si\/wp-content\/uploads\/2021\/01\/izo-logo@2x.png\",\"contentUrl\":\"https:\/\/izo.si\/wp-content\/uploads\/2021\/01\/izo-logo@2x.png\",\"width\":262,\"height\":139,\"caption\":\"IZO\"},\"image\":{\"@id\":\"https:\/\/izo.si\/#\/schema\/logo\/image\/\"}},{\"@type\":\"Person\",\"@id\":\"https:\/\/izo.si\/#\/schema\/person\/7c1d308fe359416255fc3003e716015d\",\"name\":\"info@izo.si\",\"image\":{\"@type\":\"ImageObject\",\"inLanguage\":\"en-GB\",\"@id\":\"https:\/\/izo.si\/#\/schema\/person\/image\/\",\"url\":\"https:\/\/secure.gravatar.com\/avatar\/6119564cb294b108df0fe93b796cfc2f405adef8ccb4e9788179335543b4f393?s=96&d=mm&r=g\",\"contentUrl\":\"https:\/\/secure.gravatar.com\/avatar\/6119564cb294b108df0fe93b796cfc2f405adef8ccb4e9788179335543b4f393?s=96&d=mm&r=g\",\"caption\":\"info@izo.si\"},\"url\":\"https:\/\/izo.si\/en\/author\/infoizo-si\/\"}]}<\/script>\n<!-- \/ Yoast SEO plugin. -->","yoast_head_json":{"title":"Revizija direktiv EU o kakovosti zraka - IZO","robots":{"index":"index","follow":"follow","max-snippet":"max-snippet:-1","max-image-preview":"max-image-preview:large","max-video-preview":"max-video-preview:-1"},"canonical":"https:\/\/izo.si\/en\/revizija-direktiv-eu-o-kakovosti-zraka\/","og_locale":"en_GB","og_type":"article","og_title":"Revizija direktiv EU o kakovosti zraka - IZO","og_description":"Odbor ENVI leto dni pred prihajajo\u010dimi volitvami v EU preu\u010duje predlog za revizijo direktiv EU o kakovosti zunanjega zraka (AAQD), ki predstavljajo temelj za za\u0161\u010dito zdravja ljudi in okolja pred onesna\u017eenim zrakom. V sodelovanju z organizacijo Health and Environment Alliance ter s podporo Plana B smo slovenskim poslancem Ljudmili Novak, Ireni Jovevi ter Milanu Brglezu [&hellip;]","og_url":"https:\/\/izo.si\/en\/revizija-direktiv-eu-o-kakovosti-zraka\/","og_site_name":"IZO","article_published_time":"2023-03-17T13:36:49+00:00","article_modified_time":"2023-03-23T13:39:27+00:00","og_image":[{"width":1024,"height":768,"url":"https:\/\/izo.si\/wp-content\/uploads\/2023\/03\/Fotografije-za-IZO-projekte-2-1024x768.png","type":"image\/png"}],"author":"info@izo.si","twitter_card":"summary_large_image","twitter_misc":{"Written by":"info@izo.si"},"schema":{"@context":"https:\/\/schema.org","@graph":[{"@type":"Article","@id":"https:\/\/izo.si\/en\/revizija-direktiv-eu-o-kakovosti-zraka\/#article","isPartOf":{"@id":"https:\/\/izo.si\/en\/revizija-direktiv-eu-o-kakovosti-zraka\/"},"author":{"name":"info@izo.si","@id":"https:\/\/izo.si\/#\/schema\/person\/7c1d308fe359416255fc3003e716015d"},"headline":"Revizija direktiv EU o kakovosti zraka","datePublished":"2023-03-17T13:36:49+00:00","dateModified":"2023-03-23T13:39:27+00:00","mainEntityOfPage":{"@id":"https:\/\/izo.si\/en\/revizija-direktiv-eu-o-kakovosti-zraka\/"},"wordCount":93,"publisher":{"@id":"https:\/\/izo.si\/#organization"},"image":{"@id":"https:\/\/izo.si\/en\/revizija-direktiv-eu-o-kakovosti-zraka\/#primaryimage"},"thumbnailUrl":"https:\/\/izo.si\/wp-content\/uploads\/2023\/03\/Fotografije-za-IZO-projekte-2.png","articleSection":["Novice"],"inLanguage":"en-GB"},{"@type":"WebPage","@id":"https:\/\/izo.si\/en\/revizija-direktiv-eu-o-kakovosti-zraka\/","url":"https:\/\/izo.si\/en\/revizija-direktiv-eu-o-kakovosti-zraka\/","name":"Revizija direktiv EU o kakovosti zraka - IZO","isPartOf":{"@id":"https:\/\/izo.si\/#website"},"primaryImageOfPage":{"@id":"https:\/\/izo.si\/en\/revizija-direktiv-eu-o-kakovosti-zraka\/#primaryimage"},"image":{"@id":"https:\/\/izo.si\/en\/revizija-direktiv-eu-o-kakovosti-zraka\/#primaryimage"},"thumbnailUrl":"https:\/\/izo.si\/wp-content\/uploads\/2023\/03\/Fotografije-za-IZO-projekte-2.png","datePublished":"2023-03-17T13:36:49+00:00","dateModified":"2023-03-23T13:39:27+00:00","breadcrumb":{"@id":"https:\/\/izo.si\/en\/revizija-direktiv-eu-o-kakovosti-zraka\/#breadcrumb"},"inLanguage":"en-GB","potentialAction":[{"@type":"ReadAction","target":["https:\/\/izo.si\/en\/revizija-direktiv-eu-o-kakovosti-zraka\/"]}]},{"@type":"ImageObject","inLanguage":"en-GB","@id":"https:\/\/izo.si\/en\/revizija-direktiv-eu-o-kakovosti-zraka\/#primaryimage","url":"https:\/\/izo.si\/wp-content\/uploads\/2023\/03\/Fotografije-za-IZO-projekte-2.png","contentUrl":"https:\/\/izo.si\/wp-content\/uploads\/2023\/03\/Fotografije-za-IZO-projekte-2.png","width":1890,"height":1417},{"@type":"BreadcrumbList","@id":"https:\/\/izo.si\/en\/revizija-direktiv-eu-o-kakovosti-zraka\/#breadcrumb","itemListElement":[{"@type":"ListItem","position":1,"name":"Home","item":"https:\/\/izo.si\/"},{"@type":"ListItem","position":2,"name":"Revizija direktiv EU o kakovosti zraka"}]},{"@type":"WebSite","@id":"https:\/\/izo.si\/#website","url":"https:\/\/izo.si\/","name":"IZO","description":"Institute for Health and Environment","publisher":{"@id":"https:\/\/izo.si\/#organization"},"potentialAction":[{"@type":"SearchAction","target":{"@type":"EntryPoint","urlTemplate":"https:\/\/izo.si\/?s={search_term_string}"},"query-input":{"@type":"PropertyValueSpecification","valueRequired":true,"valueName":"search_term_string"}}],"inLanguage":"en-GB"},{"@type":"Organization","@id":"https:\/\/izo.si\/#organization","name":"IZO","url":"https:\/\/izo.si\/","logo":{"@type":"ImageObject","inLanguage":"en-GB","@id":"https:\/\/izo.si\/#\/schema\/logo\/image\/","url":"https:\/\/izo.si\/wp-content\/uploads\/2021\/01\/izo-logo@2x.png","contentUrl":"https:\/\/izo.si\/wp-content\/uploads\/2021\/01\/izo-logo@2x.png","width":262,"height":139,"caption":"IZO"},"image":{"@id":"https:\/\/izo.si\/#\/schema\/logo\/image\/"}},{"@type":"Person","@id":"https:\/\/izo.si\/#\/schema\/person\/7c1d308fe359416255fc3003e716015d","name":"info@izo.si","image":{"@type":"ImageObject","inLanguage":"en-GB","@id":"https:\/\/izo.si\/#\/schema\/person\/image\/","url":"https:\/\/secure.gravatar.com\/avatar\/6119564cb294b108df0fe93b796cfc2f405adef8ccb4e9788179335543b4f393?s=96&d=mm&r=g","contentUrl":"https:\/\/secure.gravatar.com\/avatar\/6119564cb294b108df0fe93b796cfc2f405adef8ccb4e9788179335543b4f393?s=96&d=mm&r=g","caption":"info@izo.si"},"url":"https:\/\/izo.si\/en\/author\/infoizo-si\/"}]}},"_links":{"self":[{"href":"https:\/\/izo.si\/en\/wp-json\/wp\/v2\/posts\/3459","targetHints":{"allow":["GET"]}}],"collection":[{"href":"https:\/\/izo.si\/en\/wp-json\/wp\/v2\/posts"}],"about":[{"href":"https:\/\/izo.si\/en\/wp-json\/wp\/v2\/types\/post"}],"author":[{"embeddable":true,"href":"https:\/\/izo.si\/en\/wp-json\/wp\/v2\/users\/8"}],"replies":[{"embeddable":true,"href":"https:\/\/izo.si\/en\/wp-json\/wp\/v2\/comments?post=3459"}],"version-history":[{"count":2,"href":"https:\/\/izo.si\/en\/wp-json\/wp\/v2\/posts\/3459\/revisions"}],"predecessor-version":[{"id":3502,"href":"https:\/\/izo.si\/en\/wp-json\/wp\/v2\/posts\/3459\/revisions\/3502"}],"wp:featuredmedia":[{"embeddable":true,"href":"https:\/\/izo.si\/en\/wp-json\/wp\/v2\/media\/3461"}],"wp:attachment":[{"href":"https:\/\/izo.si\/en\/wp-json\/wp\/v2\/media?parent=3459"}],"wp:term":[{"taxonomy":"category","embeddable":true,"href":"https:\/\/izo.si\/en\/wp-json\/wp\/v2\/categories?post=3459"},{"taxonomy":"post_tag","embeddable":true,"href":"https:\/\/izo.si\/en\/wp-json\/wp\/v2\/tags?post=3459"}],"curies":[{"name":"wp","href":"https:\/\/api.w.org\/{rel}","templated":true}]}}