{"id":3352,"date":"2022-12-15T11:10:00","date_gmt":"2022-12-15T10:10:00","guid":{"rendered":"https:\/\/izo.si\/?p=3352"},"modified":"2022-12-22T11:22:58","modified_gmt":"2022-12-22T10:22:58","slug":"smernice-za-zmanjsevanje-izpostavljenosti-onesnazevalom-iz-prometa-v-vrtcih-solah-in-njihovi-okolici","status":"publish","type":"post","link":"https:\/\/izo.si\/en\/smernice-za-zmanjsevanje-izpostavljenosti-onesnazevalom-iz-prometa-v-vrtcih-solah-in-njihovi-okolici\/","title":{"rendered":"Smernice za zmanj\u0161evanje izpostavljenosti onesna\u017eevalom iz prometa v vrtcih, \u0161olah in njihovi okolici"},"content":{"rendered":"<p>Onesna\u017eenost zraka zaradi prometa je resen problem tudi pri nas. Otroci kot ranljiva skupina so onesna\u017eevalom iz prometa izpostavljeni tudi v \u010dasu prihoda, bivanja in odhoda iz \u0161ole. V ta namen predstavljamo&nbsp;<a href=\"https:\/\/focus.si\/wp-content\/uploads\/2022\/12\/Smernice-za-zmanjsevanje-izpostavljenosti-onesnazevalom-iz-prometa-v-vrtcih-solah-in-njihovi-okolici.pdf\">Smernice za zmanj\u0161evanje izpostavljenosti onesna\u017eevalom iz prometa v vrtcih, \u0161olah in njihovi okolici.<\/a><\/p>\n\n\n\n<p>Gre za prevod angle\u0161ke razli\u010dice, ki so jo oblikovali strokovnjaki z Univerze v Surreyju v Zdru\u017eenem kraljestvu. In\u0161titut za zdravje in okolje je skupaj z <a href=\"https:\/\/focus.si\/\">organizacijo Focus<\/a>&nbsp;and&nbsp;<a href=\"https:\/\/www.mf.uni-lj.si\/kjz\/predstavitev\">Katedro za javno zdravje Medicinske fakultete v Ljubljani<\/a>&nbsp;smernice prilagodil za slovenski prostor. V Sloveniji je bilo opravljenih zelo malo \u0161tudij, ki obravnavajo povezavo med onesna\u017eenostjo zraka (zaradi prometa) in zdravstvenimi te\u017eavami prebivalstva.<\/p>\n\n\n\n<p>Po dostopnih podatkih avtorji raziskav ugotavljajo, da je&nbsp;<strong>izpostavljenost otrok in mladostnikov onesna\u017eenemu zraku povezana s pomanjkanjem koncentracije, bronhitisom, zaostankom v razvoju plju\u010d ter pove\u010danim tveganjem za kroni\u010dne bolezni, vklju\u010dno z astmo&nbsp; in drugimi boleznimi dihal.&nbsp;<\/strong>Otroci so zaradi \u0161e ne popolnoma razvite kapacitete plju\u010d, plitvej\u0161ega dihanja ter visoke telesne aktivnosti ter hitrosti dihanja bolj ob\u010dutljivi na izpostavljenost onesna\u017eenemu zraku kot odrasli. Obenem pa se \u0161tevilne \u0161ole oz. vrtci zaradi la\u017eje dostopnosti nahajajo v bli\u017eini glavnih cest, s katerih emisije vozil zlahka prodrejo v \u0161olske prostore, vklju\u010dno z u\u010dilnicami. Izpostavljenost onesna\u017eenemu zraku \u0161kodi tudi razvoju plju\u010d v prenatalnem obdobju [1].<\/p>\n\n\n\n<h3 class=\"wp-block-heading\">Raziskave pri nas<\/h3>\n\n\n\n<p>Na obmo\u010dju Srednje Evrope so raziskovalci v okviru mednarodnega projekta \u00bbTransnational Adaption Actions for Integrated Indoor Air Quality Management (InAirQ)\u00ab z uporabo mednarodnega vpra\u0161alnika ocenjevali povezanost med kakovostjo zraka v \u0161olskem okolju in pogostostjo bolezni dihal oziroma alergijskih bolezni dihal v zadnjih 12-ih mesecih pri opazovanih otrocih. Vpra\u0161alnik so izpolnili star\u0161i otrok. V projekt je bila vklju\u010dena tudi Slovenija, in sicer 12 osnovnih \u0161ol iz ljubljanske zdravstvene regije.&nbsp;<strong>Rezultati raziskave so pokazali povezanost med vplivom lokacije \u0161ole in pogostost bolezni dihal pri opazovani populacijski skupini&nbsp;<\/strong>[2].<\/p>\n\n\n\n<p>Z uporabo avtomobilov za prevoz otrok v \u0161olo oz. vrtec in domov se pove\u010dujejo \u017eari\u0161\u010da onesna\u017eenja v \u0161olskih prostorih in v okolici \u0161ole. Glede na raziskave projekta&nbsp;<strong><a href=\"https:\/\/sptm.si\/praksa\/projekti\/2021\/04\/trajnostna-mobilnost-v-vrtcih-osnovnih-solah\">Trajnostna mobilnost v vrtcih in O\u0160<\/a><\/strong>&nbsp;(2018\u20132021), je dele\u017e otrok v Sloveniji, ki jih pripeljejo z avtomobilom, za vrtce vi\u0161ji od 60 %, za \u0161ole pa vi\u0161ji od 30 %. Izpostavljenost otrok onesna\u017eenemu zraku tako v \u0161olskih prostorih kot v njihovi bli\u017eini se lahko po nepotrebnem pove\u010da zaradi prostega teka motorjev (mirujo\u010dih vozil s pri\u017eganimi motorji) ter pospe\u0161evanja oz. zaviranja vozil v \u010dasu prihoda in odhoda otrok in mladostnikov v vrtec\/\u0161olo.<\/p>\n\n\n\n<h3 class=\"wp-block-heading\">Ukrepanje<\/h3>\n\n\n\n<p>Naju\u010dinkovitej\u0161a re\u0161itev je sistem aktivnega nadzora \u2013 zmanj\u0161anje emisij plinov in delcev pri viru, a je za zmanj\u0161anje koncentracij onesna\u017eeval in izpostavljenosti emisijam v vrtcih, \u0161olah in v njihovi bli\u017eini mogo\u010de uporabiti tudi druge dokazano uspe\u0161ne strategije. Vendar pa je za dejanske spremembe v praksi potreben celosten pristop tistih, ki neposredno vplivajo na onesna\u017eevanje, in\/ali tistih, ki so mu izpostavljeni.&nbsp;<strong>Da bi bila strategija zmanj\u0161anja izpostavljenosti uspe\u0161na, so potrebni ve\u010dplastni ukrepi, usmerjeni v vrtce in \u0161ole ter lokalno skupnost.<\/strong><\/p>\n\n\n\n<p>V tem dokumentu so povzete najbolj\u0161e prakse na podro\u010dju zmanj\u0161evanja izpostavljenosti onesna\u017eenemu zraku v \u0161olah in v njihovi okolici. Priporo\u010dila temeljijo na zadnjih znanstvenih dokazih in se zato lahko spreminjajo v skladu s temeljnimi ugotovitvami. Dokument je edinstven v svojem skupinsko zasnovanem in oblikovanem prakti\u010dnem pristopu ter naslavlja klju\u010dne ciljne skupine (otroke in mladostnike, predstavnike \u0161ol vrtcev ter skupnost). Naslanja se na pomembne raziskave in pregledne \u0161tudije.<\/p>\n\n\n\n<p>Ve\u010dina priporo\u010dil v teh smernicah se nana\u0161a na bla\u017eenje posledic zaradi izpostavljenosti delcem PM<sub>2,5<\/sub>, ki sodijo med onesna\u017eevala zraka s pomembnim vplivom na zdravje ljudi. Vendar lahko splo\u0161na sporo\u010dila smernic veljajo tudi za druga \u0161kodljiva onesna\u017eevala, kot so du\u0161ikovi (di)oksidi.<\/p>\n\n\n\n<p>Smernice se osredoto\u010dajo na konkretno problematiko prihoda in odhoda otrok in mladostnikov ter na prometne zastoje okoli \u0161ol oz. vrtcev. Predstavlja splo\u0161na in ciljna priporo\u010dila za tri opazovane skupine (otroke in mladostnike, \u0161ole oz. vrtce ter lokalne skupnosti).<\/p>\n\n\n\n<h3 class=\"wp-block-heading\"><strong>Glavna priporo\u010dila<\/strong><\/h3>\n\n\n\n<ul class=\"wp-block-list\"><li><strong>Pojdite v \u0161olo\/vrtec pe\u0161 ali s kolesom!<\/strong><\/li><li><strong>Uporabljajte sisteme aktivnega (zmanj\u0161anje emisij onesna\u017eeval pri viru) in pasivnega nadzora (zelene pregrade). Avtomobili v prostem teku povzro\u010dajo trikratno pove\u010danje koncentracij onesna\u017eeval. Na plo\u010dnikih pred \u0161olo parkirani avtomobili ogro\u017eajo varnost otrok, ki prihajajo pe\u0161.<\/strong><\/li><li><strong>Izobra\u017eujte o problematiki onesna\u017eenosti zraka.<\/strong><\/li><li><strong>Merite onesna\u017eenost zraka in vklju\u010dujte skupnost.<\/strong><\/li><li><strong>Pri ume\u0161\u010danju novih \u0161ol in vrtcev v prostor bodite pozorni na dostopnost lokacije s trajnostnimi na\u010dini.<\/strong><\/li><\/ul>\n\n\n\n<p><\/p>\n\n\n\n<p>Vabljeni k branju:<\/p>\n\n\n\n<p><\/p>\n\n\n\n<div data-wp-interactive=\"core\/file\" class=\"wp-block-file\"><object data-wp-bind--hidden=\"!state.hasPdfPreview\" hidden class=\"wp-block-file__embed\" data=\"https:\/\/izo.si\/wp-content\/uploads\/2022\/12\/Smernice-za-zmanjsevanje-izpostavljenosti-onesnazevalom-iz-prometa-v-vrtcih-solah-in-njihovi-okolici.pdf\" type=\"application\/pdf\" style=\"width:100%;height:600px\" aria-label=\"Embed of Embed of Smernice-za-zmanjsevanje-izpostavljenosti-onesnazevalom-iz-prometa-v-vrtcih-solah-in-njihovi-okolici..\"><\/object><a id=\"wp-block-file--media-4fe215ff-681d-418e-8e1c-dd9fc308f66b\" href=\"https:\/\/izo.si\/wp-content\/uploads\/2022\/12\/Smernice-za-zmanjsevanje-izpostavljenosti-onesnazevalom-iz-prometa-v-vrtcih-solah-in-njihovi-okolici.pdf\">Smernice-za-zmanjsevanje-izpostavljenosti-onesnazevalom-iz-prometa-v-vrtcih-solah-in-njihovi-okolici<\/a><a href=\"https:\/\/izo.si\/wp-content\/uploads\/2022\/12\/Smernice-za-zmanjsevanje-izpostavljenosti-onesnazevalom-iz-prometa-v-vrtcih-solah-in-njihovi-okolici.pdf\" class=\"wp-block-file__button\" download aria-describedby=\"wp-block-file--media-4fe215ff-681d-418e-8e1c-dd9fc308f66b\">Download<\/a><\/div>\n\n\n\n<p><\/p>\n\n\n\n<hr class=\"wp-block-separator has-alpha-channel-opacity\"\/>\n\n\n\n<h6 class=\"wp-block-heading\">[1] Sharma, A., Kumar, P., 2018. A review of factors surrounding the air&nbsp;<em>pollution exposure to in-pram babies and mitigation strategies. Environment International 120, 262-278.&nbsp;<a href=\"https:\/\/doi.org\/10.1016\/j.envint.2018.07.038\">https:\/\/doi.org\/10.1016\/j.envint.2018.07.038<\/a><\/em><\/h6>\n\n\n\n<h6 class=\"wp-block-heading\">[2] Szabados, M., et al., 2022.&nbsp;<a href=\"https:\/\/www.sciencedirect.com\/science\/article\/pii\/S0360132322005728\">Association of parent-reported health symptoms with indoor air quality in primary school buildings \u2013 The InAirQ study.&nbsp;<\/a><em>Building and Environment<\/em>. [Online ed.]. 2022, vol. 221, str. 1-11, ilustr. ISSN 1873-684X.<\/h6>","protected":false},"excerpt":{"rendered":"<p>Onesna\u017eenost zraka zaradi prometa je resen problem tudi pri nas. Otroci kot ranljiva skupina so onesna\u017eevalom iz prometa izpostavljeni tudi v \u010dasu prihoda, bivanja in odhoda iz \u0161ole. V ta namen predstavljamo&nbsp;Smernice za zmanj\u0161evanje izpostavljenosti onesna\u017eevalom iz prometa v vrtcih, \u0161olah in njihovi okolici. Gre za prevod angle\u0161ke razli\u010dice, ki so jo oblikovali strokovnjaki z [&hellip;]<\/p>","protected":false},"author":8,"featured_media":3354,"comment_status":"closed","ping_status":"closed","sticky":false,"template":"","format":"standard","meta":{"_monsterinsights_skip_tracking":false,"_monsterinsights_sitenote_active":false,"_monsterinsights_sitenote_note":"","_monsterinsights_sitenote_category":0,"_uf_show_specific_survey":0,"_uf_disable_surveys":false,"footnotes":""},"categories":[7],"tags":[],"class_list":["post-3352","post","type-post","status-publish","format-standard","has-post-thumbnail","hentry","category-novice"],"aioseo_notices":[],"yoast_head":"<!-- This site is optimized with the Yoast SEO plugin v24.5 - https:\/\/yoast.com\/wordpress\/plugins\/seo\/ -->\n<title>Smernice za zmanj\u0161evanje izpostavljenosti onesna\u017eevalom iz prometa v vrtcih, \u0161olah in njihovi okolici - IZO<\/title>\n<meta name=\"robots\" content=\"index, follow, max-snippet:-1, max-image-preview:large, max-video-preview:-1\" \/>\n<link rel=\"canonical\" href=\"https:\/\/izo.si\/en\/smernice-za-zmanjsevanje-izpostavljenosti-onesnazevalom-iz-prometa-v-vrtcih-solah-in-njihovi-okolici\/\" \/>\n<meta property=\"og:locale\" content=\"en_GB\" \/>\n<meta property=\"og:type\" content=\"article\" \/>\n<meta property=\"og:title\" content=\"Smernice za zmanj\u0161evanje izpostavljenosti onesna\u017eevalom iz prometa v vrtcih, \u0161olah in njihovi okolici - IZO\" \/>\n<meta property=\"og:description\" content=\"Onesna\u017eenost zraka zaradi prometa je resen problem tudi pri nas. Otroci kot ranljiva skupina so onesna\u017eevalom iz prometa izpostavljeni tudi v \u010dasu prihoda, bivanja in odhoda iz \u0161ole. V ta namen predstavljamo&nbsp;Smernice za zmanj\u0161evanje izpostavljenosti onesna\u017eevalom iz prometa v vrtcih, \u0161olah in njihovi okolici. Gre za prevod angle\u0161ke razli\u010dice, ki so jo oblikovali strokovnjaki z [&hellip;]\" \/>\n<meta property=\"og:url\" content=\"https:\/\/izo.si\/en\/smernice-za-zmanjsevanje-izpostavljenosti-onesnazevalom-iz-prometa-v-vrtcih-solah-in-njihovi-okolici\/\" \/>\n<meta property=\"og:site_name\" content=\"IZO\" \/>\n<meta property=\"article:published_time\" content=\"2022-12-15T10:10:00+00:00\" \/>\n<meta property=\"article:modified_time\" content=\"2022-12-22T10:22:58+00:00\" \/>\n<meta property=\"og:image\" content=\"https:\/\/izo.si\/wp-content\/uploads\/2022\/12\/mobilnost-sola-onesnazenost-zraka-e1671631103513-600x600-1.jpeg\" \/>\n\t<meta property=\"og:image:width\" content=\"600\" \/>\n\t<meta property=\"og:image:height\" content=\"600\" \/>\n\t<meta property=\"og:image:type\" content=\"image\/jpeg\" \/>\n<meta name=\"author\" content=\"info@izo.si\" \/>\n<meta name=\"twitter:card\" content=\"summary_large_image\" \/>\n<meta name=\"twitter:label1\" content=\"Written by\" \/>\n\t<meta name=\"twitter:data1\" content=\"info@izo.si\" \/>\n\t<meta name=\"twitter:label2\" content=\"Estimated reading time\" \/>\n\t<meta name=\"twitter:data2\" content=\"4 minutes\" \/>\n<script type=\"application\/ld+json\" class=\"yoast-schema-graph\">{\"@context\":\"https:\/\/schema.org\",\"@graph\":[{\"@type\":\"Article\",\"@id\":\"https:\/\/izo.si\/en\/smernice-za-zmanjsevanje-izpostavljenosti-onesnazevalom-iz-prometa-v-vrtcih-solah-in-njihovi-okolici\/#article\",\"isPartOf\":{\"@id\":\"https:\/\/izo.si\/en\/smernice-za-zmanjsevanje-izpostavljenosti-onesnazevalom-iz-prometa-v-vrtcih-solah-in-njihovi-okolici\/\"},\"author\":{\"name\":\"info@izo.si\",\"@id\":\"https:\/\/izo.si\/#\/schema\/person\/7c1d308fe359416255fc3003e716015d\"},\"headline\":\"Smernice za zmanj\u0161evanje izpostavljenosti onesna\u017eevalom iz prometa v vrtcih, \u0161olah in njihovi okolici\",\"datePublished\":\"2022-12-15T10:10:00+00:00\",\"dateModified\":\"2022-12-22T10:22:58+00:00\",\"mainEntityOfPage\":{\"@id\":\"https:\/\/izo.si\/en\/smernice-za-zmanjsevanje-izpostavljenosti-onesnazevalom-iz-prometa-v-vrtcih-solah-in-njihovi-okolici\/\"},\"wordCount\":862,\"publisher\":{\"@id\":\"https:\/\/izo.si\/#organization\"},\"image\":{\"@id\":\"https:\/\/izo.si\/en\/smernice-za-zmanjsevanje-izpostavljenosti-onesnazevalom-iz-prometa-v-vrtcih-solah-in-njihovi-okolici\/#primaryimage\"},\"thumbnailUrl\":\"https:\/\/izo.si\/wp-content\/uploads\/2022\/12\/mobilnost-sola-onesnazenost-zraka-e1671631103513-600x600-1.jpeg\",\"articleSection\":[\"Novice\"],\"inLanguage\":\"en-GB\"},{\"@type\":\"WebPage\",\"@id\":\"https:\/\/izo.si\/en\/smernice-za-zmanjsevanje-izpostavljenosti-onesnazevalom-iz-prometa-v-vrtcih-solah-in-njihovi-okolici\/\",\"url\":\"https:\/\/izo.si\/en\/smernice-za-zmanjsevanje-izpostavljenosti-onesnazevalom-iz-prometa-v-vrtcih-solah-in-njihovi-okolici\/\",\"name\":\"Smernice za zmanj\u0161evanje izpostavljenosti onesna\u017eevalom iz prometa v vrtcih, \u0161olah in njihovi okolici - IZO\",\"isPartOf\":{\"@id\":\"https:\/\/izo.si\/#website\"},\"primaryImageOfPage\":{\"@id\":\"https:\/\/izo.si\/en\/smernice-za-zmanjsevanje-izpostavljenosti-onesnazevalom-iz-prometa-v-vrtcih-solah-in-njihovi-okolici\/#primaryimage\"},\"image\":{\"@id\":\"https:\/\/izo.si\/en\/smernice-za-zmanjsevanje-izpostavljenosti-onesnazevalom-iz-prometa-v-vrtcih-solah-in-njihovi-okolici\/#primaryimage\"},\"thumbnailUrl\":\"https:\/\/izo.si\/wp-content\/uploads\/2022\/12\/mobilnost-sola-onesnazenost-zraka-e1671631103513-600x600-1.jpeg\",\"datePublished\":\"2022-12-15T10:10:00+00:00\",\"dateModified\":\"2022-12-22T10:22:58+00:00\",\"breadcrumb\":{\"@id\":\"https:\/\/izo.si\/en\/smernice-za-zmanjsevanje-izpostavljenosti-onesnazevalom-iz-prometa-v-vrtcih-solah-in-njihovi-okolici\/#breadcrumb\"},\"inLanguage\":\"en-GB\",\"potentialAction\":[{\"@type\":\"ReadAction\",\"target\":[\"https:\/\/izo.si\/en\/smernice-za-zmanjsevanje-izpostavljenosti-onesnazevalom-iz-prometa-v-vrtcih-solah-in-njihovi-okolici\/\"]}]},{\"@type\":\"ImageObject\",\"inLanguage\":\"en-GB\",\"@id\":\"https:\/\/izo.si\/en\/smernice-za-zmanjsevanje-izpostavljenosti-onesnazevalom-iz-prometa-v-vrtcih-solah-in-njihovi-okolici\/#primaryimage\",\"url\":\"https:\/\/izo.si\/wp-content\/uploads\/2022\/12\/mobilnost-sola-onesnazenost-zraka-e1671631103513-600x600-1.jpeg\",\"contentUrl\":\"https:\/\/izo.si\/wp-content\/uploads\/2022\/12\/mobilnost-sola-onesnazenost-zraka-e1671631103513-600x600-1.jpeg\",\"width\":600,\"height\":600},{\"@type\":\"BreadcrumbList\",\"@id\":\"https:\/\/izo.si\/en\/smernice-za-zmanjsevanje-izpostavljenosti-onesnazevalom-iz-prometa-v-vrtcih-solah-in-njihovi-okolici\/#breadcrumb\",\"itemListElement\":[{\"@type\":\"ListItem\",\"position\":1,\"name\":\"Home\",\"item\":\"https:\/\/izo.si\/\"},{\"@type\":\"ListItem\",\"position\":2,\"name\":\"Smernice za zmanj\u0161evanje izpostavljenosti onesna\u017eevalom iz prometa v vrtcih, \u0161olah in njihovi okolici\"}]},{\"@type\":\"WebSite\",\"@id\":\"https:\/\/izo.si\/#website\",\"url\":\"https:\/\/izo.si\/\",\"name\":\"IZO\",\"description\":\"In\u0161titut za zdravje in okolje\",\"publisher\":{\"@id\":\"https:\/\/izo.si\/#organization\"},\"potentialAction\":[{\"@type\":\"SearchAction\",\"target\":{\"@type\":\"EntryPoint\",\"urlTemplate\":\"https:\/\/izo.si\/?s={search_term_string}\"},\"query-input\":{\"@type\":\"PropertyValueSpecification\",\"valueRequired\":true,\"valueName\":\"search_term_string\"}}],\"inLanguage\":\"en-GB\"},{\"@type\":\"Organization\",\"@id\":\"https:\/\/izo.si\/#organization\",\"name\":\"IZO\",\"url\":\"https:\/\/izo.si\/\",\"logo\":{\"@type\":\"ImageObject\",\"inLanguage\":\"en-GB\",\"@id\":\"https:\/\/izo.si\/#\/schema\/logo\/image\/\",\"url\":\"https:\/\/izo.si\/wp-content\/uploads\/2021\/01\/izo-logo@2x.png\",\"contentUrl\":\"https:\/\/izo.si\/wp-content\/uploads\/2021\/01\/izo-logo@2x.png\",\"width\":262,\"height\":139,\"caption\":\"IZO\"},\"image\":{\"@id\":\"https:\/\/izo.si\/#\/schema\/logo\/image\/\"}},{\"@type\":\"Person\",\"@id\":\"https:\/\/izo.si\/#\/schema\/person\/7c1d308fe359416255fc3003e716015d\",\"name\":\"info@izo.si\",\"image\":{\"@type\":\"ImageObject\",\"inLanguage\":\"en-GB\",\"@id\":\"https:\/\/izo.si\/#\/schema\/person\/image\/\",\"url\":\"https:\/\/secure.gravatar.com\/avatar\/6119564cb294b108df0fe93b796cfc2f405adef8ccb4e9788179335543b4f393?s=96&d=mm&r=g\",\"contentUrl\":\"https:\/\/secure.gravatar.com\/avatar\/6119564cb294b108df0fe93b796cfc2f405adef8ccb4e9788179335543b4f393?s=96&d=mm&r=g\",\"caption\":\"info@izo.si\"},\"url\":\"https:\/\/izo.si\/en\/author\/infoizo-si\/\"}]}<\/script>\n<!-- \/ Yoast SEO plugin. -->","yoast_head_json":{"title":"Smernice za zmanj\u0161evanje izpostavljenosti onesna\u017eevalom iz prometa v vrtcih, \u0161olah in njihovi okolici - IZO","robots":{"index":"index","follow":"follow","max-snippet":"max-snippet:-1","max-image-preview":"max-image-preview:large","max-video-preview":"max-video-preview:-1"},"canonical":"https:\/\/izo.si\/en\/smernice-za-zmanjsevanje-izpostavljenosti-onesnazevalom-iz-prometa-v-vrtcih-solah-in-njihovi-okolici\/","og_locale":"en_GB","og_type":"article","og_title":"Smernice za zmanj\u0161evanje izpostavljenosti onesna\u017eevalom iz prometa v vrtcih, \u0161olah in njihovi okolici - IZO","og_description":"Onesna\u017eenost zraka zaradi prometa je resen problem tudi pri nas. Otroci kot ranljiva skupina so onesna\u017eevalom iz prometa izpostavljeni tudi v \u010dasu prihoda, bivanja in odhoda iz \u0161ole. V ta namen predstavljamo&nbsp;Smernice za zmanj\u0161evanje izpostavljenosti onesna\u017eevalom iz prometa v vrtcih, \u0161olah in njihovi okolici. Gre za prevod angle\u0161ke razli\u010dice, ki so jo oblikovali strokovnjaki z [&hellip;]","og_url":"https:\/\/izo.si\/en\/smernice-za-zmanjsevanje-izpostavljenosti-onesnazevalom-iz-prometa-v-vrtcih-solah-in-njihovi-okolici\/","og_site_name":"IZO","article_published_time":"2022-12-15T10:10:00+00:00","article_modified_time":"2022-12-22T10:22:58+00:00","og_image":[{"width":600,"height":600,"url":"https:\/\/izo.si\/wp-content\/uploads\/2022\/12\/mobilnost-sola-onesnazenost-zraka-e1671631103513-600x600-1.jpeg","type":"image\/jpeg"}],"author":"info@izo.si","twitter_card":"summary_large_image","twitter_misc":{"Written by":"info@izo.si","Estimated reading time":"4 minutes"},"schema":{"@context":"https:\/\/schema.org","@graph":[{"@type":"Article","@id":"https:\/\/izo.si\/en\/smernice-za-zmanjsevanje-izpostavljenosti-onesnazevalom-iz-prometa-v-vrtcih-solah-in-njihovi-okolici\/#article","isPartOf":{"@id":"https:\/\/izo.si\/en\/smernice-za-zmanjsevanje-izpostavljenosti-onesnazevalom-iz-prometa-v-vrtcih-solah-in-njihovi-okolici\/"},"author":{"name":"info@izo.si","@id":"https:\/\/izo.si\/#\/schema\/person\/7c1d308fe359416255fc3003e716015d"},"headline":"Smernice za zmanj\u0161evanje izpostavljenosti onesna\u017eevalom iz prometa v vrtcih, \u0161olah in njihovi okolici","datePublished":"2022-12-15T10:10:00+00:00","dateModified":"2022-12-22T10:22:58+00:00","mainEntityOfPage":{"@id":"https:\/\/izo.si\/en\/smernice-za-zmanjsevanje-izpostavljenosti-onesnazevalom-iz-prometa-v-vrtcih-solah-in-njihovi-okolici\/"},"wordCount":862,"publisher":{"@id":"https:\/\/izo.si\/#organization"},"image":{"@id":"https:\/\/izo.si\/en\/smernice-za-zmanjsevanje-izpostavljenosti-onesnazevalom-iz-prometa-v-vrtcih-solah-in-njihovi-okolici\/#primaryimage"},"thumbnailUrl":"https:\/\/izo.si\/wp-content\/uploads\/2022\/12\/mobilnost-sola-onesnazenost-zraka-e1671631103513-600x600-1.jpeg","articleSection":["Novice"],"inLanguage":"en-GB"},{"@type":"WebPage","@id":"https:\/\/izo.si\/en\/smernice-za-zmanjsevanje-izpostavljenosti-onesnazevalom-iz-prometa-v-vrtcih-solah-in-njihovi-okolici\/","url":"https:\/\/izo.si\/en\/smernice-za-zmanjsevanje-izpostavljenosti-onesnazevalom-iz-prometa-v-vrtcih-solah-in-njihovi-okolici\/","name":"Smernice za zmanj\u0161evanje izpostavljenosti onesna\u017eevalom iz prometa v vrtcih, \u0161olah in njihovi okolici - IZO","isPartOf":{"@id":"https:\/\/izo.si\/#website"},"primaryImageOfPage":{"@id":"https:\/\/izo.si\/en\/smernice-za-zmanjsevanje-izpostavljenosti-onesnazevalom-iz-prometa-v-vrtcih-solah-in-njihovi-okolici\/#primaryimage"},"image":{"@id":"https:\/\/izo.si\/en\/smernice-za-zmanjsevanje-izpostavljenosti-onesnazevalom-iz-prometa-v-vrtcih-solah-in-njihovi-okolici\/#primaryimage"},"thumbnailUrl":"https:\/\/izo.si\/wp-content\/uploads\/2022\/12\/mobilnost-sola-onesnazenost-zraka-e1671631103513-600x600-1.jpeg","datePublished":"2022-12-15T10:10:00+00:00","dateModified":"2022-12-22T10:22:58+00:00","breadcrumb":{"@id":"https:\/\/izo.si\/en\/smernice-za-zmanjsevanje-izpostavljenosti-onesnazevalom-iz-prometa-v-vrtcih-solah-in-njihovi-okolici\/#breadcrumb"},"inLanguage":"en-GB","potentialAction":[{"@type":"ReadAction","target":["https:\/\/izo.si\/en\/smernice-za-zmanjsevanje-izpostavljenosti-onesnazevalom-iz-prometa-v-vrtcih-solah-in-njihovi-okolici\/"]}]},{"@type":"ImageObject","inLanguage":"en-GB","@id":"https:\/\/izo.si\/en\/smernice-za-zmanjsevanje-izpostavljenosti-onesnazevalom-iz-prometa-v-vrtcih-solah-in-njihovi-okolici\/#primaryimage","url":"https:\/\/izo.si\/wp-content\/uploads\/2022\/12\/mobilnost-sola-onesnazenost-zraka-e1671631103513-600x600-1.jpeg","contentUrl":"https:\/\/izo.si\/wp-content\/uploads\/2022\/12\/mobilnost-sola-onesnazenost-zraka-e1671631103513-600x600-1.jpeg","width":600,"height":600},{"@type":"BreadcrumbList","@id":"https:\/\/izo.si\/en\/smernice-za-zmanjsevanje-izpostavljenosti-onesnazevalom-iz-prometa-v-vrtcih-solah-in-njihovi-okolici\/#breadcrumb","itemListElement":[{"@type":"ListItem","position":1,"name":"Home","item":"https:\/\/izo.si\/"},{"@type":"ListItem","position":2,"name":"Smernice za zmanj\u0161evanje izpostavljenosti onesna\u017eevalom iz prometa v vrtcih, \u0161olah in njihovi okolici"}]},{"@type":"WebSite","@id":"https:\/\/izo.si\/#website","url":"https:\/\/izo.si\/","name":"IZO","description":"Institute for Health and Environment","publisher":{"@id":"https:\/\/izo.si\/#organization"},"potentialAction":[{"@type":"SearchAction","target":{"@type":"EntryPoint","urlTemplate":"https:\/\/izo.si\/?s={search_term_string}"},"query-input":{"@type":"PropertyValueSpecification","valueRequired":true,"valueName":"search_term_string"}}],"inLanguage":"en-GB"},{"@type":"Organization","@id":"https:\/\/izo.si\/#organization","name":"IZO","url":"https:\/\/izo.si\/","logo":{"@type":"ImageObject","inLanguage":"en-GB","@id":"https:\/\/izo.si\/#\/schema\/logo\/image\/","url":"https:\/\/izo.si\/wp-content\/uploads\/2021\/01\/izo-logo@2x.png","contentUrl":"https:\/\/izo.si\/wp-content\/uploads\/2021\/01\/izo-logo@2x.png","width":262,"height":139,"caption":"IZO"},"image":{"@id":"https:\/\/izo.si\/#\/schema\/logo\/image\/"}},{"@type":"Person","@id":"https:\/\/izo.si\/#\/schema\/person\/7c1d308fe359416255fc3003e716015d","name":"info@izo.si","image":{"@type":"ImageObject","inLanguage":"en-GB","@id":"https:\/\/izo.si\/#\/schema\/person\/image\/","url":"https:\/\/secure.gravatar.com\/avatar\/6119564cb294b108df0fe93b796cfc2f405adef8ccb4e9788179335543b4f393?s=96&d=mm&r=g","contentUrl":"https:\/\/secure.gravatar.com\/avatar\/6119564cb294b108df0fe93b796cfc2f405adef8ccb4e9788179335543b4f393?s=96&d=mm&r=g","caption":"info@izo.si"},"url":"https:\/\/izo.si\/en\/author\/infoizo-si\/"}]}},"_links":{"self":[{"href":"https:\/\/izo.si\/en\/wp-json\/wp\/v2\/posts\/3352","targetHints":{"allow":["GET"]}}],"collection":[{"href":"https:\/\/izo.si\/en\/wp-json\/wp\/v2\/posts"}],"about":[{"href":"https:\/\/izo.si\/en\/wp-json\/wp\/v2\/types\/post"}],"author":[{"embeddable":true,"href":"https:\/\/izo.si\/en\/wp-json\/wp\/v2\/users\/8"}],"replies":[{"embeddable":true,"href":"https:\/\/izo.si\/en\/wp-json\/wp\/v2\/comments?post=3352"}],"version-history":[{"count":2,"href":"https:\/\/izo.si\/en\/wp-json\/wp\/v2\/posts\/3352\/revisions"}],"predecessor-version":[{"id":3356,"href":"https:\/\/izo.si\/en\/wp-json\/wp\/v2\/posts\/3352\/revisions\/3356"}],"wp:featuredmedia":[{"embeddable":true,"href":"https:\/\/izo.si\/en\/wp-json\/wp\/v2\/media\/3354"}],"wp:attachment":[{"href":"https:\/\/izo.si\/en\/wp-json\/wp\/v2\/media?parent=3352"}],"wp:term":[{"taxonomy":"category","embeddable":true,"href":"https:\/\/izo.si\/en\/wp-json\/wp\/v2\/categories?post=3352"},{"taxonomy":"post_tag","embeddable":true,"href":"https:\/\/izo.si\/en\/wp-json\/wp\/v2\/tags?post=3352"}],"curies":[{"name":"wp","href":"https:\/\/api.w.org\/{rel}","templated":true}]}}