{"id":3328,"date":"2022-09-12T09:55:00","date_gmt":"2022-09-12T07:55:00","guid":{"rendered":"https:\/\/izo.si\/?p=3328"},"modified":"2022-10-07T10:03:17","modified_gmt":"2022-10-07T08:03:17","slug":"vabilo-k-sodelovanju-pri-fokusni-skupini","status":"publish","type":"post","link":"https:\/\/izo.si\/en\/vabilo-k-sodelovanju-pri-fokusni-skupini\/","title":{"rendered":"Vabilo k sodelovanju pri fokusni skupini"},"content":{"rendered":"<p>Vabljeni k sodelovanju pri fokusni skupini, v kateri \u017eelimo v okviru projekta <a href=\"https:\/\/izo.si\/en\/podnebni-cilji-in-vsebine-v-vzgoji-in-izobrazevanju\/\" target=\"_blank\" rel=\"noreferrer noopener\">Podnebni cilji in vsebine v vzgoji in izobra\u017eevanju<\/a> preveriti, kako mladinske organizacije v svoje delo vsebinsko vklju\u010dujejo podnebne spremembe in trajnostni razvoj.<\/p>\n\n\n\n<p>Pogovarjali se bomo tudi o tem, kak\u0161na orodja oz. gradiva, ki naslavljajo podnebne spremembe in trajnostni razvoj, mladinske organizacije uporabljajo pri svojem delu.<\/p>\n\n\n\n<p>Fokusna skupina bo potekala v tednu od 26. do 30. septembra 2022, predvidoma prek spleta.<\/p>\n\n\n\n<p>Namen projekta Podnebni cilji in vsebine v vzgoji in izobra\u017eevanju, ki ga izvajamo v sodelovanju z Andrago\u0161kim centrom, je pospe\u0161eno, realno in racionalno odzivanje na delovanje in spremembe narave, ki je okvir na\u0161ega vsakdana, pa tudi skorajda preve\u010d samoumeven prostor preteklih in prihodnjih generacij.<\/p>\n\n\n\n<p>Prijave zbiramo na info@izo.si. Vabljeni!<\/p>","protected":false},"excerpt":{"rendered":"<p>Vabljeni k sodelovanju pri fokusni skupini, v kateri \u017eelimo v okviru projekta Podnebni cilji in vsebine v vzgoji in izobra\u017eevanju preveriti, kako mladinske organizacije v svoje delo vsebinsko vklju\u010dujejo podnebne spremembe in trajnostni razvoj. Pogovarjali se bomo tudi o tem, kak\u0161na orodja oz. gradiva, ki naslavljajo podnebne spremembe in trajnostni razvoj, mladinske organizacije uporabljajo pri [&hellip;]<\/p>","protected":false},"author":8,"featured_media":3329,"comment_status":"closed","ping_status":"closed","sticky":false,"template":"","format":"standard","meta":{"_monsterinsights_skip_tracking":false,"_monsterinsights_sitenote_active":false,"_monsterinsights_sitenote_note":"","_monsterinsights_sitenote_category":0,"_uf_show_specific_survey":0,"_uf_disable_surveys":false,"footnotes":""},"categories":[7],"tags":[],"class_list":["post-3328","post","type-post","status-publish","format-standard","has-post-thumbnail","hentry","category-novice"],"aioseo_notices":[],"yoast_head":"<!-- This site is optimized with the Yoast SEO plugin v24.5 - https:\/\/yoast.com\/wordpress\/plugins\/seo\/ -->\n<title>Vabilo k sodelovanju pri fokusni skupini - IZO<\/title>\n<meta name=\"robots\" content=\"index, follow, max-snippet:-1, max-image-preview:large, max-video-preview:-1\" \/>\n<link rel=\"canonical\" href=\"https:\/\/izo.si\/en\/vabilo-k-sodelovanju-pri-fokusni-skupini\/\" \/>\n<meta property=\"og:locale\" content=\"en_GB\" \/>\n<meta property=\"og:type\" content=\"article\" \/>\n<meta property=\"og:title\" content=\"Vabilo k sodelovanju pri fokusni skupini - IZO\" \/>\n<meta property=\"og:description\" content=\"Vabljeni k sodelovanju pri fokusni skupini, v kateri \u017eelimo v okviru projekta Podnebni cilji in vsebine v vzgoji in izobra\u017eevanju preveriti, kako mladinske organizacije v svoje delo vsebinsko vklju\u010dujejo podnebne spremembe in trajnostni razvoj. Pogovarjali se bomo tudi o tem, kak\u0161na orodja oz. gradiva, ki naslavljajo podnebne spremembe in trajnostni razvoj, mladinske organizacije uporabljajo pri [&hellip;]\" \/>\n<meta property=\"og:url\" content=\"https:\/\/izo.si\/en\/vabilo-k-sodelovanju-pri-fokusni-skupini\/\" \/>\n<meta property=\"og:site_name\" content=\"IZO\" \/>\n<meta property=\"article:published_time\" content=\"2022-09-12T07:55:00+00:00\" \/>\n<meta property=\"article:modified_time\" content=\"2022-10-07T08:03:17+00:00\" \/>\n<meta property=\"og:image\" content=\"https:\/\/izo.si\/wp-content\/uploads\/2022\/10\/Untitled-design.png\" \/>\n\t<meta property=\"og:image:width\" content=\"1080\" \/>\n\t<meta property=\"og:image:height\" content=\"1080\" \/>\n\t<meta property=\"og:image:type\" content=\"image\/png\" \/>\n<meta name=\"author\" content=\"info@izo.si\" \/>\n<meta name=\"twitter:card\" content=\"summary_large_image\" \/>\n<meta name=\"twitter:label1\" content=\"Written by\" \/>\n\t<meta name=\"twitter:data1\" content=\"info@izo.si\" \/>\n\t<meta name=\"twitter:label2\" content=\"Estimated reading time\" \/>\n\t<meta name=\"twitter:data2\" content=\"1 minute\" \/>\n<script type=\"application\/ld+json\" class=\"yoast-schema-graph\">{\"@context\":\"https:\/\/schema.org\",\"@graph\":[{\"@type\":\"Article\",\"@id\":\"https:\/\/izo.si\/en\/vabilo-k-sodelovanju-pri-fokusni-skupini\/#article\",\"isPartOf\":{\"@id\":\"https:\/\/izo.si\/en\/vabilo-k-sodelovanju-pri-fokusni-skupini\/\"},\"author\":{\"name\":\"info@izo.si\",\"@id\":\"https:\/\/izo.si\/#\/schema\/person\/7c1d308fe359416255fc3003e716015d\"},\"headline\":\"Vabilo k sodelovanju pri fokusni skupini\",\"datePublished\":\"2022-09-12T07:55:00+00:00\",\"dateModified\":\"2022-10-07T08:03:17+00:00\",\"mainEntityOfPage\":{\"@id\":\"https:\/\/izo.si\/en\/vabilo-k-sodelovanju-pri-fokusni-skupini\/\"},\"wordCount\":133,\"publisher\":{\"@id\":\"https:\/\/izo.si\/#organization\"},\"image\":{\"@id\":\"https:\/\/izo.si\/en\/vabilo-k-sodelovanju-pri-fokusni-skupini\/#primaryimage\"},\"thumbnailUrl\":\"https:\/\/izo.si\/wp-content\/uploads\/2022\/10\/Untitled-design.png\",\"articleSection\":[\"Novice\"],\"inLanguage\":\"en-GB\"},{\"@type\":\"WebPage\",\"@id\":\"https:\/\/izo.si\/en\/vabilo-k-sodelovanju-pri-fokusni-skupini\/\",\"url\":\"https:\/\/izo.si\/en\/vabilo-k-sodelovanju-pri-fokusni-skupini\/\",\"name\":\"Vabilo k sodelovanju pri fokusni skupini - IZO\",\"isPartOf\":{\"@id\":\"https:\/\/izo.si\/#website\"},\"primaryImageOfPage\":{\"@id\":\"https:\/\/izo.si\/en\/vabilo-k-sodelovanju-pri-fokusni-skupini\/#primaryimage\"},\"image\":{\"@id\":\"https:\/\/izo.si\/en\/vabilo-k-sodelovanju-pri-fokusni-skupini\/#primaryimage\"},\"thumbnailUrl\":\"https:\/\/izo.si\/wp-content\/uploads\/2022\/10\/Untitled-design.png\",\"datePublished\":\"2022-09-12T07:55:00+00:00\",\"dateModified\":\"2022-10-07T08:03:17+00:00\",\"breadcrumb\":{\"@id\":\"https:\/\/izo.si\/en\/vabilo-k-sodelovanju-pri-fokusni-skupini\/#breadcrumb\"},\"inLanguage\":\"en-GB\",\"potentialAction\":[{\"@type\":\"ReadAction\",\"target\":[\"https:\/\/izo.si\/en\/vabilo-k-sodelovanju-pri-fokusni-skupini\/\"]}]},{\"@type\":\"ImageObject\",\"inLanguage\":\"en-GB\",\"@id\":\"https:\/\/izo.si\/en\/vabilo-k-sodelovanju-pri-fokusni-skupini\/#primaryimage\",\"url\":\"https:\/\/izo.si\/wp-content\/uploads\/2022\/10\/Untitled-design.png\",\"contentUrl\":\"https:\/\/izo.si\/wp-content\/uploads\/2022\/10\/Untitled-design.png\",\"width\":1080,\"height\":1080},{\"@type\":\"BreadcrumbList\",\"@id\":\"https:\/\/izo.si\/en\/vabilo-k-sodelovanju-pri-fokusni-skupini\/#breadcrumb\",\"itemListElement\":[{\"@type\":\"ListItem\",\"position\":1,\"name\":\"Home\",\"item\":\"https:\/\/izo.si\/\"},{\"@type\":\"ListItem\",\"position\":2,\"name\":\"Vabilo k sodelovanju pri fokusni skupini\"}]},{\"@type\":\"WebSite\",\"@id\":\"https:\/\/izo.si\/#website\",\"url\":\"https:\/\/izo.si\/\",\"name\":\"IZO\",\"description\":\"In\u0161titut za zdravje in okolje\",\"publisher\":{\"@id\":\"https:\/\/izo.si\/#organization\"},\"potentialAction\":[{\"@type\":\"SearchAction\",\"target\":{\"@type\":\"EntryPoint\",\"urlTemplate\":\"https:\/\/izo.si\/?s={search_term_string}\"},\"query-input\":{\"@type\":\"PropertyValueSpecification\",\"valueRequired\":true,\"valueName\":\"search_term_string\"}}],\"inLanguage\":\"en-GB\"},{\"@type\":\"Organization\",\"@id\":\"https:\/\/izo.si\/#organization\",\"name\":\"IZO\",\"url\":\"https:\/\/izo.si\/\",\"logo\":{\"@type\":\"ImageObject\",\"inLanguage\":\"en-GB\",\"@id\":\"https:\/\/izo.si\/#\/schema\/logo\/image\/\",\"url\":\"https:\/\/izo.si\/wp-content\/uploads\/2021\/01\/izo-logo@2x.png\",\"contentUrl\":\"https:\/\/izo.si\/wp-content\/uploads\/2021\/01\/izo-logo@2x.png\",\"width\":262,\"height\":139,\"caption\":\"IZO\"},\"image\":{\"@id\":\"https:\/\/izo.si\/#\/schema\/logo\/image\/\"}},{\"@type\":\"Person\",\"@id\":\"https:\/\/izo.si\/#\/schema\/person\/7c1d308fe359416255fc3003e716015d\",\"name\":\"info@izo.si\",\"image\":{\"@type\":\"ImageObject\",\"inLanguage\":\"en-GB\",\"@id\":\"https:\/\/izo.si\/#\/schema\/person\/image\/\",\"url\":\"https:\/\/secure.gravatar.com\/avatar\/6119564cb294b108df0fe93b796cfc2f405adef8ccb4e9788179335543b4f393?s=96&d=mm&r=g\",\"contentUrl\":\"https:\/\/secure.gravatar.com\/avatar\/6119564cb294b108df0fe93b796cfc2f405adef8ccb4e9788179335543b4f393?s=96&d=mm&r=g\",\"caption\":\"info@izo.si\"},\"url\":\"https:\/\/izo.si\/en\/author\/infoizo-si\/\"}]}<\/script>\n<!-- \/ Yoast SEO plugin. -->","yoast_head_json":{"title":"Vabilo k sodelovanju pri fokusni skupini - IZO","robots":{"index":"index","follow":"follow","max-snippet":"max-snippet:-1","max-image-preview":"max-image-preview:large","max-video-preview":"max-video-preview:-1"},"canonical":"https:\/\/izo.si\/en\/vabilo-k-sodelovanju-pri-fokusni-skupini\/","og_locale":"en_GB","og_type":"article","og_title":"Vabilo k sodelovanju pri fokusni skupini - IZO","og_description":"Vabljeni k sodelovanju pri fokusni skupini, v kateri \u017eelimo v okviru projekta Podnebni cilji in vsebine v vzgoji in izobra\u017eevanju preveriti, kako mladinske organizacije v svoje delo vsebinsko vklju\u010dujejo podnebne spremembe in trajnostni razvoj. Pogovarjali se bomo tudi o tem, kak\u0161na orodja oz. gradiva, ki naslavljajo podnebne spremembe in trajnostni razvoj, mladinske organizacije uporabljajo pri [&hellip;]","og_url":"https:\/\/izo.si\/en\/vabilo-k-sodelovanju-pri-fokusni-skupini\/","og_site_name":"IZO","article_published_time":"2022-09-12T07:55:00+00:00","article_modified_time":"2022-10-07T08:03:17+00:00","og_image":[{"width":1080,"height":1080,"url":"https:\/\/izo.si\/wp-content\/uploads\/2022\/10\/Untitled-design.png","type":"image\/png"}],"author":"info@izo.si","twitter_card":"summary_large_image","twitter_misc":{"Written by":"info@izo.si","Estimated reading time":"1 minute"},"schema":{"@context":"https:\/\/schema.org","@graph":[{"@type":"Article","@id":"https:\/\/izo.si\/en\/vabilo-k-sodelovanju-pri-fokusni-skupini\/#article","isPartOf":{"@id":"https:\/\/izo.si\/en\/vabilo-k-sodelovanju-pri-fokusni-skupini\/"},"author":{"name":"info@izo.si","@id":"https:\/\/izo.si\/#\/schema\/person\/7c1d308fe359416255fc3003e716015d"},"headline":"Vabilo k sodelovanju pri fokusni skupini","datePublished":"2022-09-12T07:55:00+00:00","dateModified":"2022-10-07T08:03:17+00:00","mainEntityOfPage":{"@id":"https:\/\/izo.si\/en\/vabilo-k-sodelovanju-pri-fokusni-skupini\/"},"wordCount":133,"publisher":{"@id":"https:\/\/izo.si\/#organization"},"image":{"@id":"https:\/\/izo.si\/en\/vabilo-k-sodelovanju-pri-fokusni-skupini\/#primaryimage"},"thumbnailUrl":"https:\/\/izo.si\/wp-content\/uploads\/2022\/10\/Untitled-design.png","articleSection":["Novice"],"inLanguage":"en-GB"},{"@type":"WebPage","@id":"https:\/\/izo.si\/en\/vabilo-k-sodelovanju-pri-fokusni-skupini\/","url":"https:\/\/izo.si\/en\/vabilo-k-sodelovanju-pri-fokusni-skupini\/","name":"Vabilo k sodelovanju pri fokusni skupini - IZO","isPartOf":{"@id":"https:\/\/izo.si\/#website"},"primaryImageOfPage":{"@id":"https:\/\/izo.si\/en\/vabilo-k-sodelovanju-pri-fokusni-skupini\/#primaryimage"},"image":{"@id":"https:\/\/izo.si\/en\/vabilo-k-sodelovanju-pri-fokusni-skupini\/#primaryimage"},"thumbnailUrl":"https:\/\/izo.si\/wp-content\/uploads\/2022\/10\/Untitled-design.png","datePublished":"2022-09-12T07:55:00+00:00","dateModified":"2022-10-07T08:03:17+00:00","breadcrumb":{"@id":"https:\/\/izo.si\/en\/vabilo-k-sodelovanju-pri-fokusni-skupini\/#breadcrumb"},"inLanguage":"en-GB","potentialAction":[{"@type":"ReadAction","target":["https:\/\/izo.si\/en\/vabilo-k-sodelovanju-pri-fokusni-skupini\/"]}]},{"@type":"ImageObject","inLanguage":"en-GB","@id":"https:\/\/izo.si\/en\/vabilo-k-sodelovanju-pri-fokusni-skupini\/#primaryimage","url":"https:\/\/izo.si\/wp-content\/uploads\/2022\/10\/Untitled-design.png","contentUrl":"https:\/\/izo.si\/wp-content\/uploads\/2022\/10\/Untitled-design.png","width":1080,"height":1080},{"@type":"BreadcrumbList","@id":"https:\/\/izo.si\/en\/vabilo-k-sodelovanju-pri-fokusni-skupini\/#breadcrumb","itemListElement":[{"@type":"ListItem","position":1,"name":"Home","item":"https:\/\/izo.si\/"},{"@type":"ListItem","position":2,"name":"Vabilo k sodelovanju pri fokusni skupini"}]},{"@type":"WebSite","@id":"https:\/\/izo.si\/#website","url":"https:\/\/izo.si\/","name":"IZO","description":"Institute for Health and Environment","publisher":{"@id":"https:\/\/izo.si\/#organization"},"potentialAction":[{"@type":"SearchAction","target":{"@type":"EntryPoint","urlTemplate":"https:\/\/izo.si\/?s={search_term_string}"},"query-input":{"@type":"PropertyValueSpecification","valueRequired":true,"valueName":"search_term_string"}}],"inLanguage":"en-GB"},{"@type":"Organization","@id":"https:\/\/izo.si\/#organization","name":"IZO","url":"https:\/\/izo.si\/","logo":{"@type":"ImageObject","inLanguage":"en-GB","@id":"https:\/\/izo.si\/#\/schema\/logo\/image\/","url":"https:\/\/izo.si\/wp-content\/uploads\/2021\/01\/izo-logo@2x.png","contentUrl":"https:\/\/izo.si\/wp-content\/uploads\/2021\/01\/izo-logo@2x.png","width":262,"height":139,"caption":"IZO"},"image":{"@id":"https:\/\/izo.si\/#\/schema\/logo\/image\/"}},{"@type":"Person","@id":"https:\/\/izo.si\/#\/schema\/person\/7c1d308fe359416255fc3003e716015d","name":"info@izo.si","image":{"@type":"ImageObject","inLanguage":"en-GB","@id":"https:\/\/izo.si\/#\/schema\/person\/image\/","url":"https:\/\/secure.gravatar.com\/avatar\/6119564cb294b108df0fe93b796cfc2f405adef8ccb4e9788179335543b4f393?s=96&d=mm&r=g","contentUrl":"https:\/\/secure.gravatar.com\/avatar\/6119564cb294b108df0fe93b796cfc2f405adef8ccb4e9788179335543b4f393?s=96&d=mm&r=g","caption":"info@izo.si"},"url":"https:\/\/izo.si\/en\/author\/infoizo-si\/"}]}},"_links":{"self":[{"href":"https:\/\/izo.si\/en\/wp-json\/wp\/v2\/posts\/3328","targetHints":{"allow":["GET"]}}],"collection":[{"href":"https:\/\/izo.si\/en\/wp-json\/wp\/v2\/posts"}],"about":[{"href":"https:\/\/izo.si\/en\/wp-json\/wp\/v2\/types\/post"}],"author":[{"embeddable":true,"href":"https:\/\/izo.si\/en\/wp-json\/wp\/v2\/users\/8"}],"replies":[{"embeddable":true,"href":"https:\/\/izo.si\/en\/wp-json\/wp\/v2\/comments?post=3328"}],"version-history":[{"count":1,"href":"https:\/\/izo.si\/en\/wp-json\/wp\/v2\/posts\/3328\/revisions"}],"predecessor-version":[{"id":3330,"href":"https:\/\/izo.si\/en\/wp-json\/wp\/v2\/posts\/3328\/revisions\/3330"}],"wp:featuredmedia":[{"embeddable":true,"href":"https:\/\/izo.si\/en\/wp-json\/wp\/v2\/media\/3329"}],"wp:attachment":[{"href":"https:\/\/izo.si\/en\/wp-json\/wp\/v2\/media?parent=3328"}],"wp:term":[{"taxonomy":"category","embeddable":true,"href":"https:\/\/izo.si\/en\/wp-json\/wp\/v2\/categories?post=3328"},{"taxonomy":"post_tag","embeddable":true,"href":"https:\/\/izo.si\/en\/wp-json\/wp\/v2\/tags?post=3328"}],"curies":[{"name":"wp","href":"https:\/\/api.w.org\/{rel}","templated":true}]}}