{"id":3316,"date":"2022-09-26T16:35:14","date_gmt":"2022-09-26T14:35:14","guid":{"rendered":"https:\/\/izo.si\/?p=3316"},"modified":"2022-09-26T16:39:33","modified_gmt":"2022-09-26T14:39:33","slug":"odprto-pismo-poziv-k-resevanju-zivljenj-in-zasciti-okolja-pred-onesnazenim-zrakom","status":"publish","type":"post","link":"https:\/\/izo.si\/en\/odprto-pismo-poziv-k-resevanju-zivljenj-in-zasciti-okolja-pred-onesnazenim-zrakom\/","title":{"rendered":"Odprto pismo: Poziv k re\u0161evanju \u017eivljenj in za\u0161\u010diti okolja pred onesna\u017eenim zrakom"},"content":{"rendered":"<p>22. septembra, ob obletnici objave smernic Svetovne zdravstvene organizacije glede kakovosti zraka, so se In\u0161titut za zdravje in okolje ter sopodpisniki pridru\u017eili kampanji zveze HEAL (Health and Environment Alliance), v okviru katere je ve\u010d kot 100 organizacij iz EU nagovorilo ministre za okolje in prostor ter jih pozvalo k re\u0161evanju \u017eivljenj in za\u0161\u010diti okolja pred onesna\u017eenim zrakom.<\/p>\n\n\n\n<p>Tako smo ministru za okolje in prostor, ministru za zdravje in \u017eupanom ve\u010djih ob\u010din v dr\u017eavi poslali odprto pismo s pozivom k za\u0161\u010diti zdravja lljudi in okolja pred posledicami onesna\u017eenega zraka in\u00a0<strong>podpori zavezujo\u010dim standardom \u010distega zraka EU<\/strong>\u00a0(Ambient Air Quality Directive). S tem bi lahko najkasneje do leta 2030 v celoti izpolnili najnovej\u0161a znanstveno podprta priporo\u010dila Svetovne zdravstvene organizacije o kakovosti zraka. <\/p>\n\n\n\n<hr class=\"wp-block-separator has-alpha-channel-opacity\"\/>\n\n\n\n<p>Spo\u0161tovani,<\/p>\n\n\n\n<p>7. septembra smo obele\u017eilii <strong>mednarodni dan <\/strong><strong>\u010d<\/strong><strong>istega zraka<\/strong>, danes pa mineva leto dni, odkar je Svetovna zdravstvena organizacija (SZO) objavila posodobljene smernice in priporo\u010dila o kakovosti zraka (angl. <em>Global Air Quality Guidelines<\/em>) za zmanj\u0161evanje mejnih koncentracij glavnih onesna\u017eeval zraka, ki negativno vplivajo na javno zdravje.<\/p>\n\n\n\n<p>Onesna\u017een zrak predstavlja najve\u010dje okoljsko tveganje za zdravje ljudi tako globalno kot tudi v Evropi, saj po ocenah letno na globalni ravni povzro\u010di 7 milijonov, v Evropi pa ve\u010d kot 400.000 prezgodnjih smrti. Samo pri nas vsako leto pred\u010dasno izgubi \u017eivljenje 1800 oseb. Takoj za kajenjem je onesna\u017een zrak drugi najpomembnej\u0161i dejavnik, ki vpliva na razvoj kroni\u010dnih nenalezljivih bolezni in prezgodnje smrti. Velika ve\u010dina prebivalcev mest EU \u2013 kar 97 % \u2013 je onesna\u017eenemu zraku vsakodnevno izpostavljena, saj \u017eivijo na obmo\u010dju s slabo kakovostjo zraka.<\/p>\n\n\n\n<p>Onesna\u017eenost zraka predstavlja velik problem tudi z vidika varstva narave. Za\u010detna analiza u\u010dinka Evropske komisije v sklopu evropskega zelenega dogovora ocenjuje, da gmotna \u0161koda zaradi vpliva onesna\u017eenega zraka na ekosisteme zna\u0161a kar do 54 milijard evrov letno. Mejne vrednosti evtrofikacije so prese\u017eene na kar 62 % naravnih obmo\u010dij in na kar 73 % zavarovanih obmo\u010dij Natura 2000 na ozemlju EU.<\/p>\n\n\n\n<p>Stro\u0161ki, ki nastanejo zaradi onesna\u017eenosti zraka, so v EU ocenjeni na <strong>do 940 milijard evrov letno<\/strong>, podatki za na\u0161i najve\u010dji mesti \u2013 Ljubljano in Maribor \u2013 pa ka\u017eejo, da zaradi onesna\u017eenega zraka pla\u010damo kar 271 milijonov evrov dru\u017ebenih stro\u0161kov letno. Ti stro\u0161ki vklju\u010dujejo zdravstvene stro\u0161ke, povezane s prezgodnjo smrtjo in boleznimi, ki so posledica onesna\u017eenega zraka, izgubo delovne produktivnosti zaradi izgubljenih delovnih dni in zmanj\u0161anja produktivnosti delavcev, izgubo pridelka, degradacije naravne krajine, ki vpliva na turisti\u010dni sektor, in \u0161kodo na zgradbah.<\/p>\n\n\n\n<p><strong>Tak<\/strong><strong>\u0161<\/strong><strong>no povsem nesprejemljivo visoko obremenitev javnega zdravja in okolja zaradi onesna<\/strong><strong>\u017e<\/strong><strong>enosti zraka pa je v veliki meri mogo<\/strong><strong>\u010d<\/strong><strong>e prepre<\/strong><strong>\u010d<\/strong><strong>iti.<\/strong><\/p>\n\n\n\n<p>Dana\u0161nji \u010das, upo\u0161tevajo\u010d pandemijo covida-19, kli\u010de po odlo\u010dni osredoto\u010denosti na varovanje javnega zdravja in prepre\u010devanje bolezni. Na ravni EU je objava zakonodajnega predloga o reviziji direktiv EU o kakovosti zunanjega zraka, ki dolo\u010da standarde \u010distega zraka (angl. <em>Ambient Air Quality Directive<\/em>), predvidena za <strong>26. oktober 2022 v okviru sve<\/strong><strong>\u017e<\/strong><strong>nja o ni<\/strong><strong>\u010d<\/strong><strong>elnem onesna<\/strong><strong>\u017e<\/strong><strong>evanju <\/strong>(angl. <em>Zero Pollution Package<\/em>). To je edinstvena prilo\u017enost, da Svet EU naredi \u0161e kako potreben korak naprej glede izbolj\u0161anja kakovosti zraka, kar bo vplivalo na zmanj\u0161anje pojavnosti bolezni in prezgodnjih smrti zaradi onesna\u017eenega zraka.<\/p>\n\n\n\n<p>Nove <strong>smernice in priporo<\/strong><strong>\u010d<\/strong><strong>ila kakovosti zraka, ki jih je SZO objavila septembra lani, v primerjavi s smernicami iz 2005 <\/strong>predlagajo precej ni\u017eje mejne koncentracije za glavna onesna\u017eevala zraka, \u0161e posebej za trde delce s premerom, manj\u0161im od 2,5 \u03bcm (PM2,5). Trdi delci PM2,5 namre\u010d predstavljajo najve\u010dje breme za javno zdravje v EU. Po novih priporo\u010dilih SZO je mejna letna koncentracija 5 \u03bcg\/m3, kar je polovica starega priporo\u010dila SZO (10 \u03bcg\/m3) in kar <strong>petkrat ni<\/strong><strong>\u017e<\/strong><strong>ja koncentracija od trenutnega standarda EU<\/strong>, ki zna\u0161a 25 \u03bcg\/m3. Drugo izpostavljeno onesna\u017eevalo, ki mu je SZO postavila nove, ni\u017eje mejne koncentracije, je du\u0161ikov dioksid (NO2), ki je bil pod drobnogled vzet predvsem zaradi onesna\u017eevanja zraka zaradi prometa. Nova priporo\u010dena mejna letna koncentracija zna\u0161a 10 \u03bcg\/m3, kar je znatno manj v primerjavi s starim priporo\u010dilom SZO, ki je zna\u0161alo 40 \u03bcg\/m3. Slednje pa \u0161e vedno predstavlja mejno vrednost v zakonodaji \u010dlanic EU.<\/p>\n\n\n\n<p>Podnebni program mre\u017ee Plan B za Slovenijo sofinancirata Eko sklad in Ministrstvo za okolje in prostor s sredstvi Sklada za podnebne spremembe. Za mnenja, predstavljena v tem dokumentu, so izklju\u010dno odgovorni avtorji dokumenta in ne odra\u017eajo nujno stali\u0161\u010d Ministrstva za okolje in prostor ali Eko sklada j.s.<\/p>\n\n\n\n<p>Spodaj na\u0161tete organizacije vas in vse odgovorne pristojne slu\u017ebe pozivamo, da <strong>zdravje ljudi in okolja za<\/strong><strong>\u0161\u010d<\/strong><strong>itite pred posledicami onesna<\/strong><strong>\u017e<\/strong><strong>enega zraka<\/strong>. Spomnite se \u0161e zlasti ranljivih skupin, kot so otroci, nose\u010dnice in kroni\u010dni bolniki, in v prihajajo\u010di reviziji direktive o kakovosti zunanjega zraka <strong>podprite zavezujo<\/strong><strong>\u010d<\/strong><strong>e standarde <\/strong><strong>\u010d<\/strong><strong>istega zraka EU (Ambient Air Quality Directive)<\/strong>, da bi najkasneje do leta 2030 v celoti izpolnili najnovej\u0161a znanstveno podprta priporo\u010dila Svetovne zdravstvene organizacije o kakovosti zraka.<\/p>\n\n\n\n<p>Dlje kot bo obstajala vrzel med znanostjo in zakonodajo, dlje bo EU \u0161e naprej neuspe\u0161na pri prepre\u010devanju prezgodnjih smrti in bolezni, povezanih z onesna\u017eenostjo zraka. Na posledice onesna\u017eenega zraka \u017eal ni imun nih\u010de \u2013 ne mi, ne vi.<\/p>\n\n\n\n<p>Najlep\u0161a hvala \u017ee vnaprej za va\u0161o odlo\u010dno podporo.<\/p>\n\n\n\n<p><br>Lep pozdrav v imenu delovne skupine okolje-zdravje, ki deluje v okviru Plana B, <\/p>\n\n\n\n<p><em>Institute for Health and Environment<\/em><\/p>\n\n\n\n<p><span style=\"text-decoration: underline;\">Ostali podporniki:<\/span><\/p>\n\n\n\n<p><em>Partnerstvo za okolje in zdravje<\/em><\/p>\n\n\n\n<p><em>Dru\u0161tvo za zdravje srca in o\u017eilja Slovenije <\/em><\/p>\n\n\n\n<p><em>Mladinsko zdru\u017eenje za trajnostni razvoj <\/em><\/p>\n\n\n\n<p><em>Youth Health Organization<\/em><\/p>","protected":false},"excerpt":{"rendered":"<p>22. septembra, ob obletnici objave smernic Svetovne zdravstvene organizacije glede kakovosti zraka, so se In\u0161titut za zdravje in okolje ter sopodpisniki pridru\u017eili kampanji zveze HEAL (Health and Environment Alliance), v okviru katere je ve\u010d kot 100 organizacij iz EU nagovorilo ministre za okolje in prostor ter jih pozvalo k re\u0161evanju \u017eivljenj in za\u0161\u010diti okolja pred [&hellip;]<\/p>","protected":false},"author":8,"featured_media":3317,"comment_status":"closed","ping_status":"closed","sticky":false,"template":"","format":"standard","meta":{"_monsterinsights_skip_tracking":false,"_monsterinsights_sitenote_active":false,"_monsterinsights_sitenote_note":"","_monsterinsights_sitenote_category":0,"_uf_show_specific_survey":0,"_uf_disable_surveys":false,"footnotes":""},"categories":[7],"tags":[],"class_list":["post-3316","post","type-post","status-publish","format-standard","has-post-thumbnail","hentry","category-novice"],"aioseo_notices":[],"yoast_head":"<!-- This site is optimized with the Yoast SEO plugin v24.5 - https:\/\/yoast.com\/wordpress\/plugins\/seo\/ -->\n<title>Odprto pismo: Poziv k re\u0161evanju \u017eivljenj in za\u0161\u010diti okolja pred onesna\u017eenim zrakom - IZO<\/title>\n<meta name=\"robots\" content=\"index, follow, max-snippet:-1, max-image-preview:large, max-video-preview:-1\" \/>\n<link rel=\"canonical\" href=\"https:\/\/izo.si\/en\/odprto-pismo-poziv-k-resevanju-zivljenj-in-zasciti-okolja-pred-onesnazenim-zrakom\/\" \/>\n<meta property=\"og:locale\" content=\"en_GB\" \/>\n<meta property=\"og:type\" content=\"article\" \/>\n<meta property=\"og:title\" content=\"Odprto pismo: Poziv k re\u0161evanju \u017eivljenj in za\u0161\u010diti okolja pred onesna\u017eenim zrakom - IZO\" \/>\n<meta property=\"og:description\" content=\"22. septembra, ob obletnici objave smernic Svetovne zdravstvene organizacije glede kakovosti zraka, so se In\u0161titut za zdravje in okolje ter sopodpisniki pridru\u017eili kampanji zveze HEAL (Health and Environment Alliance), v okviru katere je ve\u010d kot 100 organizacij iz EU nagovorilo ministre za okolje in prostor ter jih pozvalo k re\u0161evanju \u017eivljenj in za\u0161\u010diti okolja pred [&hellip;]\" \/>\n<meta property=\"og:url\" content=\"https:\/\/izo.si\/en\/odprto-pismo-poziv-k-resevanju-zivljenj-in-zasciti-okolja-pred-onesnazenim-zrakom\/\" \/>\n<meta property=\"og:site_name\" content=\"IZO\" \/>\n<meta property=\"article:published_time\" content=\"2022-09-26T14:35:14+00:00\" \/>\n<meta property=\"article:modified_time\" content=\"2022-09-26T14:39:33+00:00\" \/>\n<meta property=\"og:image\" content=\"https:\/\/izo.si\/wp-content\/uploads\/2022\/09\/tweet_EU.png\" \/>\n\t<meta property=\"og:image:width\" content=\"1600\" \/>\n\t<meta property=\"og:image:height\" content=\"900\" \/>\n\t<meta property=\"og:image:type\" content=\"image\/png\" \/>\n<meta name=\"author\" content=\"info@izo.si\" \/>\n<meta name=\"twitter:card\" content=\"summary_large_image\" \/>\n<meta name=\"twitter:label1\" content=\"Written by\" \/>\n\t<meta name=\"twitter:data1\" content=\"info@izo.si\" \/>\n\t<meta name=\"twitter:label2\" content=\"Estimated reading time\" \/>\n\t<meta name=\"twitter:data2\" content=\"5 minutes\" \/>\n<script type=\"application\/ld+json\" class=\"yoast-schema-graph\">{\"@context\":\"https:\/\/schema.org\",\"@graph\":[{\"@type\":\"Article\",\"@id\":\"https:\/\/izo.si\/en\/odprto-pismo-poziv-k-resevanju-zivljenj-in-zasciti-okolja-pred-onesnazenim-zrakom\/#article\",\"isPartOf\":{\"@id\":\"https:\/\/izo.si\/en\/odprto-pismo-poziv-k-resevanju-zivljenj-in-zasciti-okolja-pred-onesnazenim-zrakom\/\"},\"author\":{\"name\":\"info@izo.si\",\"@id\":\"https:\/\/izo.si\/#\/schema\/person\/7c1d308fe359416255fc3003e716015d\"},\"headline\":\"Odprto pismo: Poziv k re\u0161evanju \u017eivljenj in za\u0161\u010diti okolja pred onesna\u017eenim zrakom\",\"datePublished\":\"2022-09-26T14:35:14+00:00\",\"dateModified\":\"2022-09-26T14:39:33+00:00\",\"mainEntityOfPage\":{\"@id\":\"https:\/\/izo.si\/en\/odprto-pismo-poziv-k-resevanju-zivljenj-in-zasciti-okolja-pred-onesnazenim-zrakom\/\"},\"wordCount\":946,\"publisher\":{\"@id\":\"https:\/\/izo.si\/#organization\"},\"image\":{\"@id\":\"https:\/\/izo.si\/en\/odprto-pismo-poziv-k-resevanju-zivljenj-in-zasciti-okolja-pred-onesnazenim-zrakom\/#primaryimage\"},\"thumbnailUrl\":\"https:\/\/izo.si\/wp-content\/uploads\/2022\/09\/tweet_EU.png\",\"articleSection\":[\"Novice\"],\"inLanguage\":\"en-GB\"},{\"@type\":\"WebPage\",\"@id\":\"https:\/\/izo.si\/en\/odprto-pismo-poziv-k-resevanju-zivljenj-in-zasciti-okolja-pred-onesnazenim-zrakom\/\",\"url\":\"https:\/\/izo.si\/en\/odprto-pismo-poziv-k-resevanju-zivljenj-in-zasciti-okolja-pred-onesnazenim-zrakom\/\",\"name\":\"Odprto pismo: Poziv k re\u0161evanju \u017eivljenj in za\u0161\u010diti okolja pred onesna\u017eenim zrakom - IZO\",\"isPartOf\":{\"@id\":\"https:\/\/izo.si\/#website\"},\"primaryImageOfPage\":{\"@id\":\"https:\/\/izo.si\/en\/odprto-pismo-poziv-k-resevanju-zivljenj-in-zasciti-okolja-pred-onesnazenim-zrakom\/#primaryimage\"},\"image\":{\"@id\":\"https:\/\/izo.si\/en\/odprto-pismo-poziv-k-resevanju-zivljenj-in-zasciti-okolja-pred-onesnazenim-zrakom\/#primaryimage\"},\"thumbnailUrl\":\"https:\/\/izo.si\/wp-content\/uploads\/2022\/09\/tweet_EU.png\",\"datePublished\":\"2022-09-26T14:35:14+00:00\",\"dateModified\":\"2022-09-26T14:39:33+00:00\",\"breadcrumb\":{\"@id\":\"https:\/\/izo.si\/en\/odprto-pismo-poziv-k-resevanju-zivljenj-in-zasciti-okolja-pred-onesnazenim-zrakom\/#breadcrumb\"},\"inLanguage\":\"en-GB\",\"potentialAction\":[{\"@type\":\"ReadAction\",\"target\":[\"https:\/\/izo.si\/en\/odprto-pismo-poziv-k-resevanju-zivljenj-in-zasciti-okolja-pred-onesnazenim-zrakom\/\"]}]},{\"@type\":\"ImageObject\",\"inLanguage\":\"en-GB\",\"@id\":\"https:\/\/izo.si\/en\/odprto-pismo-poziv-k-resevanju-zivljenj-in-zasciti-okolja-pred-onesnazenim-zrakom\/#primaryimage\",\"url\":\"https:\/\/izo.si\/wp-content\/uploads\/2022\/09\/tweet_EU.png\",\"contentUrl\":\"https:\/\/izo.si\/wp-content\/uploads\/2022\/09\/tweet_EU.png\",\"width\":1600,\"height\":900},{\"@type\":\"BreadcrumbList\",\"@id\":\"https:\/\/izo.si\/en\/odprto-pismo-poziv-k-resevanju-zivljenj-in-zasciti-okolja-pred-onesnazenim-zrakom\/#breadcrumb\",\"itemListElement\":[{\"@type\":\"ListItem\",\"position\":1,\"name\":\"Home\",\"item\":\"https:\/\/izo.si\/\"},{\"@type\":\"ListItem\",\"position\":2,\"name\":\"Odprto pismo: Poziv k re\u0161evanju \u017eivljenj in za\u0161\u010diti okolja pred onesna\u017eenim zrakom\"}]},{\"@type\":\"WebSite\",\"@id\":\"https:\/\/izo.si\/#website\",\"url\":\"https:\/\/izo.si\/\",\"name\":\"IZO\",\"description\":\"In\u0161titut za zdravje in okolje\",\"publisher\":{\"@id\":\"https:\/\/izo.si\/#organization\"},\"potentialAction\":[{\"@type\":\"SearchAction\",\"target\":{\"@type\":\"EntryPoint\",\"urlTemplate\":\"https:\/\/izo.si\/?s={search_term_string}\"},\"query-input\":{\"@type\":\"PropertyValueSpecification\",\"valueRequired\":true,\"valueName\":\"search_term_string\"}}],\"inLanguage\":\"en-GB\"},{\"@type\":\"Organization\",\"@id\":\"https:\/\/izo.si\/#organization\",\"name\":\"IZO\",\"url\":\"https:\/\/izo.si\/\",\"logo\":{\"@type\":\"ImageObject\",\"inLanguage\":\"en-GB\",\"@id\":\"https:\/\/izo.si\/#\/schema\/logo\/image\/\",\"url\":\"https:\/\/izo.si\/wp-content\/uploads\/2021\/01\/izo-logo@2x.png\",\"contentUrl\":\"https:\/\/izo.si\/wp-content\/uploads\/2021\/01\/izo-logo@2x.png\",\"width\":262,\"height\":139,\"caption\":\"IZO\"},\"image\":{\"@id\":\"https:\/\/izo.si\/#\/schema\/logo\/image\/\"}},{\"@type\":\"Person\",\"@id\":\"https:\/\/izo.si\/#\/schema\/person\/7c1d308fe359416255fc3003e716015d\",\"name\":\"info@izo.si\",\"image\":{\"@type\":\"ImageObject\",\"inLanguage\":\"en-GB\",\"@id\":\"https:\/\/izo.si\/#\/schema\/person\/image\/\",\"url\":\"https:\/\/secure.gravatar.com\/avatar\/6119564cb294b108df0fe93b796cfc2f405adef8ccb4e9788179335543b4f393?s=96&d=mm&r=g\",\"contentUrl\":\"https:\/\/secure.gravatar.com\/avatar\/6119564cb294b108df0fe93b796cfc2f405adef8ccb4e9788179335543b4f393?s=96&d=mm&r=g\",\"caption\":\"info@izo.si\"},\"url\":\"https:\/\/izo.si\/en\/author\/infoizo-si\/\"}]}<\/script>\n<!-- \/ Yoast SEO plugin. -->","yoast_head_json":{"title":"Odprto pismo: Poziv k re\u0161evanju \u017eivljenj in za\u0161\u010diti okolja pred onesna\u017eenim zrakom - IZO","robots":{"index":"index","follow":"follow","max-snippet":"max-snippet:-1","max-image-preview":"max-image-preview:large","max-video-preview":"max-video-preview:-1"},"canonical":"https:\/\/izo.si\/en\/odprto-pismo-poziv-k-resevanju-zivljenj-in-zasciti-okolja-pred-onesnazenim-zrakom\/","og_locale":"en_GB","og_type":"article","og_title":"Odprto pismo: Poziv k re\u0161evanju \u017eivljenj in za\u0161\u010diti okolja pred onesna\u017eenim zrakom - IZO","og_description":"22. septembra, ob obletnici objave smernic Svetovne zdravstvene organizacije glede kakovosti zraka, so se In\u0161titut za zdravje in okolje ter sopodpisniki pridru\u017eili kampanji zveze HEAL (Health and Environment Alliance), v okviru katere je ve\u010d kot 100 organizacij iz EU nagovorilo ministre za okolje in prostor ter jih pozvalo k re\u0161evanju \u017eivljenj in za\u0161\u010diti okolja pred [&hellip;]","og_url":"https:\/\/izo.si\/en\/odprto-pismo-poziv-k-resevanju-zivljenj-in-zasciti-okolja-pred-onesnazenim-zrakom\/","og_site_name":"IZO","article_published_time":"2022-09-26T14:35:14+00:00","article_modified_time":"2022-09-26T14:39:33+00:00","og_image":[{"width":1600,"height":900,"url":"https:\/\/izo.si\/wp-content\/uploads\/2022\/09\/tweet_EU.png","type":"image\/png"}],"author":"info@izo.si","twitter_card":"summary_large_image","twitter_misc":{"Written by":"info@izo.si","Estimated reading time":"5 minutes"},"schema":{"@context":"https:\/\/schema.org","@graph":[{"@type":"Article","@id":"https:\/\/izo.si\/en\/odprto-pismo-poziv-k-resevanju-zivljenj-in-zasciti-okolja-pred-onesnazenim-zrakom\/#article","isPartOf":{"@id":"https:\/\/izo.si\/en\/odprto-pismo-poziv-k-resevanju-zivljenj-in-zasciti-okolja-pred-onesnazenim-zrakom\/"},"author":{"name":"info@izo.si","@id":"https:\/\/izo.si\/#\/schema\/person\/7c1d308fe359416255fc3003e716015d"},"headline":"Odprto pismo: Poziv k re\u0161evanju \u017eivljenj in za\u0161\u010diti okolja pred onesna\u017eenim zrakom","datePublished":"2022-09-26T14:35:14+00:00","dateModified":"2022-09-26T14:39:33+00:00","mainEntityOfPage":{"@id":"https:\/\/izo.si\/en\/odprto-pismo-poziv-k-resevanju-zivljenj-in-zasciti-okolja-pred-onesnazenim-zrakom\/"},"wordCount":946,"publisher":{"@id":"https:\/\/izo.si\/#organization"},"image":{"@id":"https:\/\/izo.si\/en\/odprto-pismo-poziv-k-resevanju-zivljenj-in-zasciti-okolja-pred-onesnazenim-zrakom\/#primaryimage"},"thumbnailUrl":"https:\/\/izo.si\/wp-content\/uploads\/2022\/09\/tweet_EU.png","articleSection":["Novice"],"inLanguage":"en-GB"},{"@type":"WebPage","@id":"https:\/\/izo.si\/en\/odprto-pismo-poziv-k-resevanju-zivljenj-in-zasciti-okolja-pred-onesnazenim-zrakom\/","url":"https:\/\/izo.si\/en\/odprto-pismo-poziv-k-resevanju-zivljenj-in-zasciti-okolja-pred-onesnazenim-zrakom\/","name":"Odprto pismo: Poziv k re\u0161evanju \u017eivljenj in za\u0161\u010diti okolja pred onesna\u017eenim zrakom - IZO","isPartOf":{"@id":"https:\/\/izo.si\/#website"},"primaryImageOfPage":{"@id":"https:\/\/izo.si\/en\/odprto-pismo-poziv-k-resevanju-zivljenj-in-zasciti-okolja-pred-onesnazenim-zrakom\/#primaryimage"},"image":{"@id":"https:\/\/izo.si\/en\/odprto-pismo-poziv-k-resevanju-zivljenj-in-zasciti-okolja-pred-onesnazenim-zrakom\/#primaryimage"},"thumbnailUrl":"https:\/\/izo.si\/wp-content\/uploads\/2022\/09\/tweet_EU.png","datePublished":"2022-09-26T14:35:14+00:00","dateModified":"2022-09-26T14:39:33+00:00","breadcrumb":{"@id":"https:\/\/izo.si\/en\/odprto-pismo-poziv-k-resevanju-zivljenj-in-zasciti-okolja-pred-onesnazenim-zrakom\/#breadcrumb"},"inLanguage":"en-GB","potentialAction":[{"@type":"ReadAction","target":["https:\/\/izo.si\/en\/odprto-pismo-poziv-k-resevanju-zivljenj-in-zasciti-okolja-pred-onesnazenim-zrakom\/"]}]},{"@type":"ImageObject","inLanguage":"en-GB","@id":"https:\/\/izo.si\/en\/odprto-pismo-poziv-k-resevanju-zivljenj-in-zasciti-okolja-pred-onesnazenim-zrakom\/#primaryimage","url":"https:\/\/izo.si\/wp-content\/uploads\/2022\/09\/tweet_EU.png","contentUrl":"https:\/\/izo.si\/wp-content\/uploads\/2022\/09\/tweet_EU.png","width":1600,"height":900},{"@type":"BreadcrumbList","@id":"https:\/\/izo.si\/en\/odprto-pismo-poziv-k-resevanju-zivljenj-in-zasciti-okolja-pred-onesnazenim-zrakom\/#breadcrumb","itemListElement":[{"@type":"ListItem","position":1,"name":"Home","item":"https:\/\/izo.si\/"},{"@type":"ListItem","position":2,"name":"Odprto pismo: Poziv k re\u0161evanju \u017eivljenj in za\u0161\u010diti okolja pred onesna\u017eenim zrakom"}]},{"@type":"WebSite","@id":"https:\/\/izo.si\/#website","url":"https:\/\/izo.si\/","name":"IZO","description":"Institute for Health and Environment","publisher":{"@id":"https:\/\/izo.si\/#organization"},"potentialAction":[{"@type":"SearchAction","target":{"@type":"EntryPoint","urlTemplate":"https:\/\/izo.si\/?s={search_term_string}"},"query-input":{"@type":"PropertyValueSpecification","valueRequired":true,"valueName":"search_term_string"}}],"inLanguage":"en-GB"},{"@type":"Organization","@id":"https:\/\/izo.si\/#organization","name":"IZO","url":"https:\/\/izo.si\/","logo":{"@type":"ImageObject","inLanguage":"en-GB","@id":"https:\/\/izo.si\/#\/schema\/logo\/image\/","url":"https:\/\/izo.si\/wp-content\/uploads\/2021\/01\/izo-logo@2x.png","contentUrl":"https:\/\/izo.si\/wp-content\/uploads\/2021\/01\/izo-logo@2x.png","width":262,"height":139,"caption":"IZO"},"image":{"@id":"https:\/\/izo.si\/#\/schema\/logo\/image\/"}},{"@type":"Person","@id":"https:\/\/izo.si\/#\/schema\/person\/7c1d308fe359416255fc3003e716015d","name":"info@izo.si","image":{"@type":"ImageObject","inLanguage":"en-GB","@id":"https:\/\/izo.si\/#\/schema\/person\/image\/","url":"https:\/\/secure.gravatar.com\/avatar\/6119564cb294b108df0fe93b796cfc2f405adef8ccb4e9788179335543b4f393?s=96&d=mm&r=g","contentUrl":"https:\/\/secure.gravatar.com\/avatar\/6119564cb294b108df0fe93b796cfc2f405adef8ccb4e9788179335543b4f393?s=96&d=mm&r=g","caption":"info@izo.si"},"url":"https:\/\/izo.si\/en\/author\/infoizo-si\/"}]}},"_links":{"self":[{"href":"https:\/\/izo.si\/en\/wp-json\/wp\/v2\/posts\/3316","targetHints":{"allow":["GET"]}}],"collection":[{"href":"https:\/\/izo.si\/en\/wp-json\/wp\/v2\/posts"}],"about":[{"href":"https:\/\/izo.si\/en\/wp-json\/wp\/v2\/types\/post"}],"author":[{"embeddable":true,"href":"https:\/\/izo.si\/en\/wp-json\/wp\/v2\/users\/8"}],"replies":[{"embeddable":true,"href":"https:\/\/izo.si\/en\/wp-json\/wp\/v2\/comments?post=3316"}],"version-history":[{"count":3,"href":"https:\/\/izo.si\/en\/wp-json\/wp\/v2\/posts\/3316\/revisions"}],"predecessor-version":[{"id":3321,"href":"https:\/\/izo.si\/en\/wp-json\/wp\/v2\/posts\/3316\/revisions\/3321"}],"wp:featuredmedia":[{"embeddable":true,"href":"https:\/\/izo.si\/en\/wp-json\/wp\/v2\/media\/3317"}],"wp:attachment":[{"href":"https:\/\/izo.si\/en\/wp-json\/wp\/v2\/media?parent=3316"}],"wp:term":[{"taxonomy":"category","embeddable":true,"href":"https:\/\/izo.si\/en\/wp-json\/wp\/v2\/categories?post=3316"},{"taxonomy":"post_tag","embeddable":true,"href":"https:\/\/izo.si\/en\/wp-json\/wp\/v2\/tags?post=3316"}],"curies":[{"name":"wp","href":"https:\/\/api.w.org\/{rel}","templated":true}]}}