{"id":3311,"date":"2022-09-15T14:07:38","date_gmt":"2022-09-15T12:07:38","guid":{"rendered":"https:\/\/izo.si\/?p=3311"},"modified":"2023-12-07T10:21:54","modified_gmt":"2023-12-07T09:21:54","slug":"szj-onesnazenost-zraka-zaradi-prometa-visoka-merilnih-mest-pa-premalo","status":"publish","type":"post","link":"https:\/\/izo.si\/en\/szj-onesnazenost-zraka-zaradi-prometa-visoka-merilnih-mest-pa-premalo\/","title":{"rendered":"SZJ: Onesna\u017eenost zraka zaradi prometa visoka, merilnih mest pa premalo"},"content":{"rendered":"<p>V Focusu ter In\u0161titutu za zdravje in okolje smo na \u0161tirih \u201cproblemati\u010dnih\u201d lokacijah nadaljevali meritve koncentracij du\u0161ikovega dioksida (NO<sub>2<\/sub>) v okviru kampanje <em>Pozor: Tukaj je dihanje nevarno!<\/em>, ki so bile opravljene na <a href=\"https:\/\/okolje-zdravje.si\/kje-v-ljubljani-dihamo-najbolj-onesnazen-zrak\/\">156 lokacijah v februarju 2021.<\/a> Meritve, ki so potekale na \u0161tirih lokacijah s precej natan\u010dnimi difuzivnimi vzor\u010devalniki (5 % odstopanja) vsak mesec od aprila 2021 do marca 2022, so pokazale previsoke koncentracije tega zdravju zelo \u0161kodljivega plina, ki izvira predvsem iz dizelskih vozil. Meritve so vedno potekale od 1. do 22. dne v mesecu (torej 3 tedne vsakega meseca). Meritve so bile izvedene na lokacijah: Drenikova pri GIB-u, \u0160martinska cesta pred podvozom pri Ortobaru, pred kri\u017ei\u0161\u010dem Bleiweisova-Tr\u017ea\u0161ka ter blizu uradne merilne postaje na Vo\u0161njakovi ulici (plo\u010dnik ob Tivolski cesti).<\/p>\n\n\n\n<p>Graf 1: Celoletne meritve koncentracij NO<sub>2<\/sub> (\u00b5g\/m<sup>3<\/sup>) na 4 izbranih lokacijah v Ljubljani, april 2021\u2013marec 2022<\/p>\n\n\n\n<figure class=\"wp-block-image\"><img decoding=\"async\" src=\"https:\/\/lh3.googleusercontent.com\/rdT-7d3L4qmpOL0t7SWmPc0rm8EPactZ6fGWEJe7XiT-_-6XXbDcXQXNTy4rKJJY5_OWwXO_hyi_mLYob1C3GYH_POTf0SRSpQhZUsg7SyNazDebgsM-TkQAqAyU_zSjGOmvGhV1lQL2pRqqCUlR3balWQKKqYy3bviulT-MlB4nVJzQPTjQDHLbRMBQmcTiqzb6tQ\" alt=\"\"\/><\/figure>\n\n\n\n<p>V ve\u010d kot polovici primerov so bile izmerjene vrednosti vi\u0161je od zakonsko dolo\u010dene letne mejne koncentracije (40 \u00b5g\/m3). Vse izmerjene vrednosti presegajo priporo\u010deno zgornjo mejo Svetovne zdravstvene organizacije \u2013 10 \u00b5g\/m3, ki je \u017ee zdravju \u0161kodljiva. Na vseh \u0161tirih lokacijah so bile vrednosti ve\u010dinoma vi\u0161je od vrednosti na uradni merilni postaji na Vo\u0161njakovi.<\/p>\n\n\n\n<p>Lokacija z najvi\u0161jimi vrednostmi koncentracij NO<sub>2<\/sub> ostaja lokacija na \u0160martinski cesti (pri Ortobaru). Koncentracije so bile na vseh lokacijah nekoliko ni\u017eje spomladi in poleti (na \u0160martinski je bila visoka tudi julijska vrednost) ter nekoliko vi\u0161je septembra in pozimi, kar je skladno z vplivi vremena. Izraziti vi\u0161ek na vseh lokacijah je bilo zaznati v septembru 2021, ni\u017eek pa oktobra ter novembra. Glede na fizikalne zna\u010dilnosti NO<sub>2<\/sub>, lokalno u\u010dinkovanje onesna\u017eevala in vremenske zna\u010dilnosti v \u010dasu meritev vremenske razmere niso bile poglaviten dejavnik vi\u0161jih koncentracij onesna\u017eevala, ampak je bil verjetno pomembnej\u0161i dejavnik onesna\u017eenja vpliv koli\u010dine prometa ob razli\u010dnih protikoronskih ukrepih.&nbsp;<\/p>\n\n\n\n<p><strong>Kako morajo ukrepati mesta, dr\u017eave?<\/strong><\/p>\n\n\n\n<p>Rezultati meritev <a href=\"https:\/\/www.duh.de\/fileadmin\/user_upload\/download\/Projektinformation\/Verkehr\/Abgasalarm\/European-Monitoring-Station-Check_2022_03_28.pdf\">(tudi v drugih dr\u017eavah)<\/a> ka\u017eejo, da uradne merilne postaje niso name\u0161\u010dene na mestih, kjer je onesna\u017eenost zraka najslab\u0161a. Zato je treba pregledati in raz\u0161iriti mre\u017eo merilnih mest. Prenovljena evropska Direktiva o kakovosti zunanjega zraka bi morala od dr\u017eav in mest zahtevati bolj raz\u0161irjeno mre\u017eo merilnih postaj in hkrati vklju\u010diti meritve z zelo natan\u010dnim difuzivnimi vzor\u010devalniki, ki so majhen stro\u0161ek, a dobra dopolnitev merilnih postaj.<\/p>\n\n\n\n<p><strong>Kak\u0161ni bi morali biti ukrepi na podro\u010dju prometa?&nbsp;<\/strong><\/p>\n\n\n\n<p>Mesta morajo zmanj\u0161ati motorno prometno aktivnost. Neodvisna raziskovalna skupina CE Delft je v \u0161tudiji<a href=\"https:\/\/cedelft.eu\/wp-content\/uploads\/sites\/2\/2021\/03\/CE_Delft_200218_Air_pollution_and_transport_policies_at_city_level_Def-1.pdf\"> \u201cAir pollution and transport policies at city level\u201d<\/a> analizirala u\u010dinkovitost ukrepov. Ukrepi so razvr\u0161\u010deni po \u0161tevilnih kriterijih od ekonomskih vidikov implementacije in koristi izvajanja ukrepov do primernosti mest za dolo\u010deno implementacijo posameznega ukrepa.<\/p>\n\n\n\n<p><strong>Kak\u0161ni so multiplikativni u\u010dinki aktivne mobilnosti?<\/strong><\/p>\n\n\n\n<p>Aktivne oblike mobilnosti lahko bistveno zmanj\u0161ajo onesna\u017eevanje zraka in emisije toplogrednih plinov. Z zmanj\u0161anjem odvisnosti od osebnega motornega prometa aktivna mobilnost izbolj\u0161uje kakovost zraka in prispeva k bla\u017eitvi podnebnih sprememb. Aktivna mobilnost pozitivno vpliva tudi na javno zdravje. Redna telesna dejavnost, povezana z aktivnim prevozom na delo, zmanj\u0161uje tveganje za kroni\u010dne bolezni, kot so bolezni srca in o\u017eilja, sladkorna bolezen in bolezni dihal. Prav tako izbolj\u0161uje du\u0161evno zdravje. Raziskave poudarjajo tudi potencialne gospodarske koristi aktivnega na\u010dina osebnega prevoza, vklju\u010dno z ni\u017ejimi stro\u0161ki zdravstvenega varstva zaradi bolj\u0161ega javnega zdravja in ustvarjanja zelenih delovnih mest.<\/p>\n\n\n\n<p><strong>Meritve komentirata predstavnika obeh partnerskih organizacij:<\/strong><\/p>\n\n\n\n<p><strong>Marjeta Ben\u010dina, Focus:<\/strong> <em>\u201cNa podlagi merilne kampanje smo javnosti predstavili, kako problemati\u010dna je kakovost zraka skozi leto na lokacijah, kjer ni uradnih meritev. Zato menimo, da je pomembno raz\u0161iriti mre\u017eo merilnih mest, kar se da narediti na relativno stro\u0161kovno u\u010dinkovit na\u010din. Slednje smo pokazali tudi pri na\u0161ih meritvah. Samo z doslednim spremljanjem onesna\u017eenosti lahko u\u010dinkoviteje izvajamo politike za bolj\u0161o kakovost zraka, hkrati pa bolj za\u0161\u010ditimo ranljivej\u0161e skupine prebivalstva.\u201d<\/em><\/p>\n\n\n\n<p><strong>Toma\u017e Gorenc, IZO:<\/strong> \u201c<em>Hkrati mineva eno leto od objave novih in posodobljenih smernic za kakovost zraka, ki jih je Svetovna zdravstvena organizacija objavila na podlagi obse\u017ene analize epidemiolo\u0161kih dokazov o u\u010dinkovanju dolo\u010denih onesna\u017eeval na zdravje in dobro po\u010dutje. Klju\u010dno je, da na ravni vseh dr\u017eav EU \u010dim prej posodobimo zakonodajo tako, da bo v skladu z omenjenimi smernicami, hkrati pa za\u010dnemo \u0161e dosledneje izvajati ukrepe, ki pripomorejo k bolj\u0161i kakovosti zraka ter posledi\u010dno bolj\u0161emu zdravju prebivalcev. \u017divimo v \u010dasu energetske krize, v kateri se vedno bolj zavedamo pomena decentraliziranih in brezoglji\u010dnih virov energije.<\/em>\u201d<\/p>\n\n\n\n<p>Povezave:<\/p>\n\n\n\n<ul class=\"wp-block-list\">\n<li>Gregor\u010di\u010d, T., 2022. Analiza u\u010dinkov anktivne mobilnosti. URL: <a href=\"https:\/\/izo.si\/wp-content\/uploads\/2023\/12\/Plan-B-Aktivna-mobilnost-koncno.pdf\" target=\"_blank\" rel=\"noreferrer noopener\">https:\/\/izo.si\/wp-content\/uploads\/2023\/12\/Plan-B-Aktivna-mobilnost-koncno.pdf<\/a><\/li>\n\n\n\n<li>poro\u010dilo 2022: <a href=\"https:\/\/okolje-zdravje.si\/wp-content\/uploads\/2022\/09\/Poroc%CC%8Cilo-celoletne-meritve-NO2_-21_22.pdf\">https:\/\/okolje-zdravje.si\/wp-content\/uploads\/2022\/09\/Poroc%CC%8Cilo-celoletne-meritve-NO2_-21_22.pdf<\/a>&nbsp;<\/li>\n\n\n\n<li>zemljevid: <a href=\"https:\/\/okolje-zdravje.si\/kje-v-ljubljani-dihamo-najbolj-onesnazen-zrak\/\">https:\/\/okolje-zdravje.si\/kje-v-ljubljani-dihamo-najbolj-onesnazen-zrak\/<\/a><\/li>\n<\/ul>","protected":false},"excerpt":{"rendered":"<p>V Focusu ter In\u0161titutu za zdravje in okolje smo na \u0161tirih \u201cproblemati\u010dnih\u201d lokacijah nadaljevali meritve koncentracij du\u0161ikovega dioksida (NO2) v okviru kampanje Pozor: Tukaj je dihanje nevarno!, ki so bile opravljene na 156 lokacijah v februarju 2021. Meritve, ki so potekale na \u0161tirih lokacijah s precej natan\u010dnimi difuzivnimi vzor\u010devalniki (5 % odstopanja) vsak mesec od [&hellip;]<\/p>","protected":false},"author":8,"featured_media":3312,"comment_status":"closed","ping_status":"closed","sticky":false,"template":"","format":"standard","meta":{"_monsterinsights_skip_tracking":false,"_monsterinsights_sitenote_active":false,"_monsterinsights_sitenote_note":"","_monsterinsights_sitenote_category":0,"_uf_show_specific_survey":0,"_uf_disable_surveys":false,"footnotes":""},"categories":[7],"tags":[],"class_list":["post-3311","post","type-post","status-publish","format-standard","has-post-thumbnail","hentry","category-novice"],"aioseo_notices":[],"yoast_head":"<!-- This site is optimized with the Yoast SEO plugin v24.5 - https:\/\/yoast.com\/wordpress\/plugins\/seo\/ -->\n<title>SZJ: Onesna\u017eenost zraka zaradi prometa visoka, merilnih mest pa premalo - IZO<\/title>\n<meta name=\"robots\" content=\"index, follow, max-snippet:-1, max-image-preview:large, max-video-preview:-1\" \/>\n<link rel=\"canonical\" href=\"https:\/\/izo.si\/en\/szj-onesnazenost-zraka-zaradi-prometa-visoka-merilnih-mest-pa-premalo\/\" \/>\n<meta property=\"og:locale\" content=\"en_GB\" \/>\n<meta property=\"og:type\" content=\"article\" \/>\n<meta property=\"og:title\" content=\"SZJ: Onesna\u017eenost zraka zaradi prometa visoka, merilnih mest pa premalo - IZO\" \/>\n<meta property=\"og:description\" content=\"V Focusu ter In\u0161titutu za zdravje in okolje smo na \u0161tirih \u201cproblemati\u010dnih\u201d lokacijah nadaljevali meritve koncentracij du\u0161ikovega dioksida (NO2) v okviru kampanje Pozor: Tukaj je dihanje nevarno!, ki so bile opravljene na 156 lokacijah v februarju 2021. Meritve, ki so potekale na \u0161tirih lokacijah s precej natan\u010dnimi difuzivnimi vzor\u010devalniki (5 % odstopanja) vsak mesec od [&hellip;]\" \/>\n<meta property=\"og:url\" content=\"https:\/\/izo.si\/en\/szj-onesnazenost-zraka-zaradi-prometa-visoka-merilnih-mest-pa-premalo\/\" \/>\n<meta property=\"og:site_name\" content=\"IZO\" \/>\n<meta property=\"article:published_time\" content=\"2022-09-15T12:07:38+00:00\" \/>\n<meta property=\"article:modified_time\" content=\"2023-12-07T09:21:54+00:00\" \/>\n<meta property=\"og:image\" content=\"https:\/\/izo.si\/wp-content\/uploads\/2022\/09\/Untitled-design-5.png\" \/>\n\t<meta property=\"og:image:width\" content=\"1080\" \/>\n\t<meta property=\"og:image:height\" content=\"1080\" \/>\n\t<meta property=\"og:image:type\" content=\"image\/png\" \/>\n<meta name=\"author\" content=\"info@izo.si\" \/>\n<meta name=\"twitter:card\" content=\"summary_large_image\" \/>\n<meta name=\"twitter:label1\" content=\"Written by\" \/>\n\t<meta name=\"twitter:data1\" content=\"info@izo.si\" \/>\n\t<meta name=\"twitter:label2\" content=\"Estimated reading time\" \/>\n\t<meta name=\"twitter:data2\" content=\"4 minutes\" \/>\n<script type=\"application\/ld+json\" class=\"yoast-schema-graph\">{\"@context\":\"https:\/\/schema.org\",\"@graph\":[{\"@type\":\"Article\",\"@id\":\"https:\/\/izo.si\/szj-onesnazenost-zraka-zaradi-prometa-visoka-merilnih-mest-pa-premalo\/#article\",\"isPartOf\":{\"@id\":\"https:\/\/izo.si\/szj-onesnazenost-zraka-zaradi-prometa-visoka-merilnih-mest-pa-premalo\/\"},\"author\":{\"name\":\"info@izo.si\",\"@id\":\"https:\/\/izo.si\/#\/schema\/person\/7c1d308fe359416255fc3003e716015d\"},\"headline\":\"SZJ: Onesna\u017eenost zraka zaradi prometa visoka, merilnih mest pa premalo\",\"datePublished\":\"2022-09-15T12:07:38+00:00\",\"dateModified\":\"2023-12-07T09:21:54+00:00\",\"mainEntityOfPage\":{\"@id\":\"https:\/\/izo.si\/szj-onesnazenost-zraka-zaradi-prometa-visoka-merilnih-mest-pa-premalo\/\"},\"wordCount\":810,\"publisher\":{\"@id\":\"https:\/\/izo.si\/#organization\"},\"image\":{\"@id\":\"https:\/\/izo.si\/szj-onesnazenost-zraka-zaradi-prometa-visoka-merilnih-mest-pa-premalo\/#primaryimage\"},\"thumbnailUrl\":\"https:\/\/izo.si\/wp-content\/uploads\/2022\/09\/Untitled-design-5.png\",\"articleSection\":[\"Novice\"],\"inLanguage\":\"en-GB\"},{\"@type\":\"WebPage\",\"@id\":\"https:\/\/izo.si\/szj-onesnazenost-zraka-zaradi-prometa-visoka-merilnih-mest-pa-premalo\/\",\"url\":\"https:\/\/izo.si\/szj-onesnazenost-zraka-zaradi-prometa-visoka-merilnih-mest-pa-premalo\/\",\"name\":\"SZJ: Onesna\u017eenost zraka zaradi prometa visoka, merilnih mest pa premalo - IZO\",\"isPartOf\":{\"@id\":\"https:\/\/izo.si\/#website\"},\"primaryImageOfPage\":{\"@id\":\"https:\/\/izo.si\/szj-onesnazenost-zraka-zaradi-prometa-visoka-merilnih-mest-pa-premalo\/#primaryimage\"},\"image\":{\"@id\":\"https:\/\/izo.si\/szj-onesnazenost-zraka-zaradi-prometa-visoka-merilnih-mest-pa-premalo\/#primaryimage\"},\"thumbnailUrl\":\"https:\/\/izo.si\/wp-content\/uploads\/2022\/09\/Untitled-design-5.png\",\"datePublished\":\"2022-09-15T12:07:38+00:00\",\"dateModified\":\"2023-12-07T09:21:54+00:00\",\"breadcrumb\":{\"@id\":\"https:\/\/izo.si\/szj-onesnazenost-zraka-zaradi-prometa-visoka-merilnih-mest-pa-premalo\/#breadcrumb\"},\"inLanguage\":\"en-GB\",\"potentialAction\":[{\"@type\":\"ReadAction\",\"target\":[\"https:\/\/izo.si\/szj-onesnazenost-zraka-zaradi-prometa-visoka-merilnih-mest-pa-premalo\/\"]}]},{\"@type\":\"ImageObject\",\"inLanguage\":\"en-GB\",\"@id\":\"https:\/\/izo.si\/szj-onesnazenost-zraka-zaradi-prometa-visoka-merilnih-mest-pa-premalo\/#primaryimage\",\"url\":\"https:\/\/izo.si\/wp-content\/uploads\/2022\/09\/Untitled-design-5.png\",\"contentUrl\":\"https:\/\/izo.si\/wp-content\/uploads\/2022\/09\/Untitled-design-5.png\",\"width\":1080,\"height\":1080},{\"@type\":\"BreadcrumbList\",\"@id\":\"https:\/\/izo.si\/szj-onesnazenost-zraka-zaradi-prometa-visoka-merilnih-mest-pa-premalo\/#breadcrumb\",\"itemListElement\":[{\"@type\":\"ListItem\",\"position\":1,\"name\":\"Home\",\"item\":\"https:\/\/izo.si\/\"},{\"@type\":\"ListItem\",\"position\":2,\"name\":\"SZJ: Onesna\u017eenost zraka zaradi prometa visoka, merilnih mest pa premalo\"}]},{\"@type\":\"WebSite\",\"@id\":\"https:\/\/izo.si\/#website\",\"url\":\"https:\/\/izo.si\/\",\"name\":\"IZO\",\"description\":\"In\u0161titut za zdravje in okolje\",\"publisher\":{\"@id\":\"https:\/\/izo.si\/#organization\"},\"potentialAction\":[{\"@type\":\"SearchAction\",\"target\":{\"@type\":\"EntryPoint\",\"urlTemplate\":\"https:\/\/izo.si\/?s={search_term_string}\"},\"query-input\":{\"@type\":\"PropertyValueSpecification\",\"valueRequired\":true,\"valueName\":\"search_term_string\"}}],\"inLanguage\":\"en-GB\"},{\"@type\":\"Organization\",\"@id\":\"https:\/\/izo.si\/#organization\",\"name\":\"IZO\",\"url\":\"https:\/\/izo.si\/\",\"logo\":{\"@type\":\"ImageObject\",\"inLanguage\":\"en-GB\",\"@id\":\"https:\/\/izo.si\/#\/schema\/logo\/image\/\",\"url\":\"https:\/\/izo.si\/wp-content\/uploads\/2021\/01\/izo-logo@2x.png\",\"contentUrl\":\"https:\/\/izo.si\/wp-content\/uploads\/2021\/01\/izo-logo@2x.png\",\"width\":262,\"height\":139,\"caption\":\"IZO\"},\"image\":{\"@id\":\"https:\/\/izo.si\/#\/schema\/logo\/image\/\"}},{\"@type\":\"Person\",\"@id\":\"https:\/\/izo.si\/#\/schema\/person\/7c1d308fe359416255fc3003e716015d\",\"name\":\"info@izo.si\",\"image\":{\"@type\":\"ImageObject\",\"inLanguage\":\"en-GB\",\"@id\":\"https:\/\/izo.si\/#\/schema\/person\/image\/\",\"url\":\"https:\/\/secure.gravatar.com\/avatar\/6119564cb294b108df0fe93b796cfc2f405adef8ccb4e9788179335543b4f393?s=96&d=mm&r=g\",\"contentUrl\":\"https:\/\/secure.gravatar.com\/avatar\/6119564cb294b108df0fe93b796cfc2f405adef8ccb4e9788179335543b4f393?s=96&d=mm&r=g\",\"caption\":\"info@izo.si\"},\"url\":\"https:\/\/izo.si\/en\/author\/infoizo-si\/\"}]}<\/script>\n<!-- \/ Yoast SEO plugin. -->","yoast_head_json":{"title":"SZJ: Onesna\u017eenost zraka zaradi prometa visoka, merilnih mest pa premalo - IZO","robots":{"index":"index","follow":"follow","max-snippet":"max-snippet:-1","max-image-preview":"max-image-preview:large","max-video-preview":"max-video-preview:-1"},"canonical":"https:\/\/izo.si\/en\/szj-onesnazenost-zraka-zaradi-prometa-visoka-merilnih-mest-pa-premalo\/","og_locale":"en_GB","og_type":"article","og_title":"SZJ: Onesna\u017eenost zraka zaradi prometa visoka, merilnih mest pa premalo - IZO","og_description":"V Focusu ter In\u0161titutu za zdravje in okolje smo na \u0161tirih \u201cproblemati\u010dnih\u201d lokacijah nadaljevali meritve koncentracij du\u0161ikovega dioksida (NO2) v okviru kampanje Pozor: Tukaj je dihanje nevarno!, ki so bile opravljene na 156 lokacijah v februarju 2021. Meritve, ki so potekale na \u0161tirih lokacijah s precej natan\u010dnimi difuzivnimi vzor\u010devalniki (5 % odstopanja) vsak mesec od [&hellip;]","og_url":"https:\/\/izo.si\/en\/szj-onesnazenost-zraka-zaradi-prometa-visoka-merilnih-mest-pa-premalo\/","og_site_name":"IZO","article_published_time":"2022-09-15T12:07:38+00:00","article_modified_time":"2023-12-07T09:21:54+00:00","og_image":[{"width":1080,"height":1080,"url":"https:\/\/izo.si\/wp-content\/uploads\/2022\/09\/Untitled-design-5.png","type":"image\/png"}],"author":"info@izo.si","twitter_card":"summary_large_image","twitter_misc":{"Written by":"info@izo.si","Estimated reading time":"4 minutes"},"schema":{"@context":"https:\/\/schema.org","@graph":[{"@type":"Article","@id":"https:\/\/izo.si\/szj-onesnazenost-zraka-zaradi-prometa-visoka-merilnih-mest-pa-premalo\/#article","isPartOf":{"@id":"https:\/\/izo.si\/szj-onesnazenost-zraka-zaradi-prometa-visoka-merilnih-mest-pa-premalo\/"},"author":{"name":"info@izo.si","@id":"https:\/\/izo.si\/#\/schema\/person\/7c1d308fe359416255fc3003e716015d"},"headline":"SZJ: Onesna\u017eenost zraka zaradi prometa visoka, merilnih mest pa premalo","datePublished":"2022-09-15T12:07:38+00:00","dateModified":"2023-12-07T09:21:54+00:00","mainEntityOfPage":{"@id":"https:\/\/izo.si\/szj-onesnazenost-zraka-zaradi-prometa-visoka-merilnih-mest-pa-premalo\/"},"wordCount":810,"publisher":{"@id":"https:\/\/izo.si\/#organization"},"image":{"@id":"https:\/\/izo.si\/szj-onesnazenost-zraka-zaradi-prometa-visoka-merilnih-mest-pa-premalo\/#primaryimage"},"thumbnailUrl":"https:\/\/izo.si\/wp-content\/uploads\/2022\/09\/Untitled-design-5.png","articleSection":["Novice"],"inLanguage":"en-GB"},{"@type":"WebPage","@id":"https:\/\/izo.si\/szj-onesnazenost-zraka-zaradi-prometa-visoka-merilnih-mest-pa-premalo\/","url":"https:\/\/izo.si\/szj-onesnazenost-zraka-zaradi-prometa-visoka-merilnih-mest-pa-premalo\/","name":"SZJ: Onesna\u017eenost zraka zaradi prometa visoka, merilnih mest pa premalo - IZO","isPartOf":{"@id":"https:\/\/izo.si\/#website"},"primaryImageOfPage":{"@id":"https:\/\/izo.si\/szj-onesnazenost-zraka-zaradi-prometa-visoka-merilnih-mest-pa-premalo\/#primaryimage"},"image":{"@id":"https:\/\/izo.si\/szj-onesnazenost-zraka-zaradi-prometa-visoka-merilnih-mest-pa-premalo\/#primaryimage"},"thumbnailUrl":"https:\/\/izo.si\/wp-content\/uploads\/2022\/09\/Untitled-design-5.png","datePublished":"2022-09-15T12:07:38+00:00","dateModified":"2023-12-07T09:21:54+00:00","breadcrumb":{"@id":"https:\/\/izo.si\/szj-onesnazenost-zraka-zaradi-prometa-visoka-merilnih-mest-pa-premalo\/#breadcrumb"},"inLanguage":"en-GB","potentialAction":[{"@type":"ReadAction","target":["https:\/\/izo.si\/szj-onesnazenost-zraka-zaradi-prometa-visoka-merilnih-mest-pa-premalo\/"]}]},{"@type":"ImageObject","inLanguage":"en-GB","@id":"https:\/\/izo.si\/szj-onesnazenost-zraka-zaradi-prometa-visoka-merilnih-mest-pa-premalo\/#primaryimage","url":"https:\/\/izo.si\/wp-content\/uploads\/2022\/09\/Untitled-design-5.png","contentUrl":"https:\/\/izo.si\/wp-content\/uploads\/2022\/09\/Untitled-design-5.png","width":1080,"height":1080},{"@type":"BreadcrumbList","@id":"https:\/\/izo.si\/szj-onesnazenost-zraka-zaradi-prometa-visoka-merilnih-mest-pa-premalo\/#breadcrumb","itemListElement":[{"@type":"ListItem","position":1,"name":"Home","item":"https:\/\/izo.si\/"},{"@type":"ListItem","position":2,"name":"SZJ: Onesna\u017eenost zraka zaradi prometa visoka, merilnih mest pa premalo"}]},{"@type":"WebSite","@id":"https:\/\/izo.si\/#website","url":"https:\/\/izo.si\/","name":"IZO","description":"Institute for Health and Environment","publisher":{"@id":"https:\/\/izo.si\/#organization"},"potentialAction":[{"@type":"SearchAction","target":{"@type":"EntryPoint","urlTemplate":"https:\/\/izo.si\/?s={search_term_string}"},"query-input":{"@type":"PropertyValueSpecification","valueRequired":true,"valueName":"search_term_string"}}],"inLanguage":"en-GB"},{"@type":"Organization","@id":"https:\/\/izo.si\/#organization","name":"IZO","url":"https:\/\/izo.si\/","logo":{"@type":"ImageObject","inLanguage":"en-GB","@id":"https:\/\/izo.si\/#\/schema\/logo\/image\/","url":"https:\/\/izo.si\/wp-content\/uploads\/2021\/01\/izo-logo@2x.png","contentUrl":"https:\/\/izo.si\/wp-content\/uploads\/2021\/01\/izo-logo@2x.png","width":262,"height":139,"caption":"IZO"},"image":{"@id":"https:\/\/izo.si\/#\/schema\/logo\/image\/"}},{"@type":"Person","@id":"https:\/\/izo.si\/#\/schema\/person\/7c1d308fe359416255fc3003e716015d","name":"info@izo.si","image":{"@type":"ImageObject","inLanguage":"en-GB","@id":"https:\/\/izo.si\/#\/schema\/person\/image\/","url":"https:\/\/secure.gravatar.com\/avatar\/6119564cb294b108df0fe93b796cfc2f405adef8ccb4e9788179335543b4f393?s=96&d=mm&r=g","contentUrl":"https:\/\/secure.gravatar.com\/avatar\/6119564cb294b108df0fe93b796cfc2f405adef8ccb4e9788179335543b4f393?s=96&d=mm&r=g","caption":"info@izo.si"},"url":"https:\/\/izo.si\/en\/author\/infoizo-si\/"}]}},"_links":{"self":[{"href":"https:\/\/izo.si\/en\/wp-json\/wp\/v2\/posts\/3311","targetHints":{"allow":["GET"]}}],"collection":[{"href":"https:\/\/izo.si\/en\/wp-json\/wp\/v2\/posts"}],"about":[{"href":"https:\/\/izo.si\/en\/wp-json\/wp\/v2\/types\/post"}],"author":[{"embeddable":true,"href":"https:\/\/izo.si\/en\/wp-json\/wp\/v2\/users\/8"}],"replies":[{"embeddable":true,"href":"https:\/\/izo.si\/en\/wp-json\/wp\/v2\/comments?post=3311"}],"version-history":[{"count":6,"href":"https:\/\/izo.si\/en\/wp-json\/wp\/v2\/posts\/3311\/revisions"}],"predecessor-version":[{"id":4509,"href":"https:\/\/izo.si\/en\/wp-json\/wp\/v2\/posts\/3311\/revisions\/4509"}],"wp:featuredmedia":[{"embeddable":true,"href":"https:\/\/izo.si\/en\/wp-json\/wp\/v2\/media\/3312"}],"wp:attachment":[{"href":"https:\/\/izo.si\/en\/wp-json\/wp\/v2\/media?parent=3311"}],"wp:term":[{"taxonomy":"category","embeddable":true,"href":"https:\/\/izo.si\/en\/wp-json\/wp\/v2\/categories?post=3311"},{"taxonomy":"post_tag","embeddable":true,"href":"https:\/\/izo.si\/en\/wp-json\/wp\/v2\/tags?post=3311"}],"curies":[{"name":"wp","href":"https:\/\/api.w.org\/{rel}","templated":true}]}}