{"id":3184,"date":"2022-08-08T15:25:00","date_gmt":"2022-08-08T13:25:00","guid":{"rendered":"https:\/\/izo.si\/?p=3184"},"modified":"2022-08-09T15:37:09","modified_gmt":"2022-08-09T13:37:09","slug":"abc-okoljskega-ucenja","status":"publish","type":"post","link":"https:\/\/izo.si\/en\/abc-okoljskega-ucenja\/","title":{"rendered":"ABC okoljskega u\u010denja"},"content":{"rendered":"<p>V sklopu projekta\u00a0<a href=\"https:\/\/izo.si\/en\/podnebni-cilji-in-vsebine-v-vzgoji-in-izobrazevanju\/\">Podnebni cilji in vsebine v vzgoji in izobra\u017eevanju<\/a>\u00a0nadaljujemo z izobra\u017eevalnimi sre\u010danji za strokovne in vodstvene delavce v izobra\u017eevanju odraslih na temo okoljskega u\u010denja.<br><br>Program bo potekal na daljavo (prek Zooma), v obliki kraj\u0161ih sre\u010danj\u00a0<strong>19., 23. in 26. avgusta 2022<\/strong>.<br><br>Nameni tokratnega izobra\u017eevanja so: spoznavanje u\u010dnih virov o podnebju in njegovih spremembah, navezava izobra\u017eevalnih institucij in njihovih programov na podnebne spremembe ter prehod iz na\u010del v prakso.<br><br>Podrobnej\u0161e informacije in urnik najdete\u00a0<a href=\"https:\/\/moj.acs.si\/storage\/datoteke\/acs\/Razno\/Vabilo%20ABC%20okoljskega%20u%C4%8Denja%202.pdf\">tukaj.<\/a><br>\u00a0<\/p>\n\n\n\n<p><strong>Trajanje:<\/strong>&nbsp;8 pedago\u0161kih ur<\/p>\n\n\n\n<p><strong>\u0160tevilo to\u010dk:<\/strong>&nbsp;0,5<\/p>\n\n\n\n<p><strong>Kotizacija:<\/strong>&nbsp;\/<\/p>\n\n\n\n<p><strong>Rok za prijavo\u00a0na usposabljanje<\/strong>:\u00a018. avgust 2022<\/p>\n\n\n\n<p><strong>Kontaktna oseba:<\/strong>&nbsp;Ema Meden (01\/5842 598, ema.meden@acs.si)<\/p>\n\n\n\n<hr class=\"wp-block-separator has-alpha-channel-opacity\"\/>\n\n\n\n<p class=\"has-text-align-center\">Projekt financira Ministrstvo za okolje in prostor.<\/p>\n\n\n<div class=\"wp-block-image\">\n<figure class=\"aligncenter size-full is-resized\"><img fetchpriority=\"high\" decoding=\"async\" src=\"https:\/\/izo.si\/wp-content\/uploads\/2022\/08\/Screen-Shot-2022-08-05-at-14.56.51.png\" alt=\"\" class=\"wp-image-3177\" width=\"692\" height=\"313\" srcset=\"https:\/\/izo.si\/wp-content\/uploads\/2022\/08\/Screen-Shot-2022-08-05-at-14.56.51.png 922w, https:\/\/izo.si\/wp-content\/uploads\/2022\/08\/Screen-Shot-2022-08-05-at-14.56.51-300x136.png 300w, https:\/\/izo.si\/wp-content\/uploads\/2022\/08\/Screen-Shot-2022-08-05-at-14.56.51-768x347.png 768w\" sizes=\"(max-width: 692px) 100vw, 692px\" \/><\/figure>\n<\/div>","protected":false},"excerpt":{"rendered":"<p>V sklopu projekta\u00a0Podnebni cilji in vsebine v vzgoji in izobra\u017eevanju\u00a0nadaljujemo z izobra\u017eevalnimi sre\u010danji za strokovne in vodstvene delavce v izobra\u017eevanju odraslih na temo okoljskega u\u010denja. Program bo potekal na daljavo (prek Zooma), v obliki kraj\u0161ih sre\u010danj\u00a019., 23. in 26. avgusta 2022. Nameni tokratnega izobra\u017eevanja so: spoznavanje u\u010dnih virov o podnebju in njegovih spremembah, navezava izobra\u017eevalnih [&hellip;]<\/p>","protected":false},"author":8,"featured_media":3185,"comment_status":"closed","ping_status":"closed","sticky":false,"template":"","format":"standard","meta":{"_monsterinsights_skip_tracking":false,"_monsterinsights_sitenote_active":false,"_monsterinsights_sitenote_note":"","_monsterinsights_sitenote_category":0,"_uf_show_specific_survey":0,"_uf_disable_surveys":false,"footnotes":""},"categories":[7],"tags":[],"class_list":["post-3184","post","type-post","status-publish","format-standard","has-post-thumbnail","hentry","category-novice"],"aioseo_notices":[],"yoast_head":"<!-- This site is optimized with the Yoast SEO plugin v24.5 - https:\/\/yoast.com\/wordpress\/plugins\/seo\/ -->\n<title>ABC okoljskega u\u010denja - IZO<\/title>\n<meta name=\"robots\" content=\"index, follow, max-snippet:-1, max-image-preview:large, max-video-preview:-1\" \/>\n<link rel=\"canonical\" href=\"https:\/\/izo.si\/en\/abc-okoljskega-ucenja\/\" \/>\n<meta property=\"og:locale\" content=\"en_GB\" \/>\n<meta property=\"og:type\" content=\"article\" \/>\n<meta property=\"og:title\" content=\"ABC okoljskega u\u010denja - IZO\" \/>\n<meta property=\"og:description\" content=\"V sklopu projekta\u00a0Podnebni cilji in vsebine v vzgoji in izobra\u017eevanju\u00a0nadaljujemo z izobra\u017eevalnimi sre\u010danji za strokovne in vodstvene delavce v izobra\u017eevanju odraslih na temo okoljskega u\u010denja. Program bo potekal na daljavo (prek Zooma), v obliki kraj\u0161ih sre\u010danj\u00a019., 23. in 26. avgusta 2022. Nameni tokratnega izobra\u017eevanja so: spoznavanje u\u010dnih virov o podnebju in njegovih spremembah, navezava izobra\u017eevalnih [&hellip;]\" \/>\n<meta property=\"og:url\" content=\"https:\/\/izo.si\/en\/abc-okoljskega-ucenja\/\" \/>\n<meta property=\"og:site_name\" content=\"IZO\" \/>\n<meta property=\"article:published_time\" content=\"2022-08-08T13:25:00+00:00\" \/>\n<meta property=\"article:modified_time\" content=\"2022-08-09T13:37:09+00:00\" \/>\n<meta property=\"og:image\" content=\"https:\/\/izo.si\/wp-content\/uploads\/2022\/08\/Untitled-design-1.png\" \/>\n\t<meta property=\"og:image:width\" content=\"940\" \/>\n\t<meta property=\"og:image:height\" content=\"788\" \/>\n\t<meta property=\"og:image:type\" content=\"image\/png\" \/>\n<meta name=\"author\" content=\"info@izo.si\" \/>\n<meta name=\"twitter:card\" content=\"summary_large_image\" \/>\n<meta name=\"twitter:label1\" content=\"Written by\" \/>\n\t<meta name=\"twitter:data1\" content=\"info@izo.si\" \/>\n\t<meta name=\"twitter:label2\" content=\"Estimated reading time\" \/>\n\t<meta name=\"twitter:data2\" content=\"1 minute\" \/>\n<script type=\"application\/ld+json\" class=\"yoast-schema-graph\">{\"@context\":\"https:\/\/schema.org\",\"@graph\":[{\"@type\":\"Article\",\"@id\":\"https:\/\/izo.si\/en\/abc-okoljskega-ucenja\/#article\",\"isPartOf\":{\"@id\":\"https:\/\/izo.si\/en\/abc-okoljskega-ucenja\/\"},\"author\":{\"name\":\"info@izo.si\",\"@id\":\"https:\/\/izo.si\/#\/schema\/person\/7c1d308fe359416255fc3003e716015d\"},\"headline\":\"ABC okoljskega u\u010denja\",\"datePublished\":\"2022-08-08T13:25:00+00:00\",\"dateModified\":\"2022-08-09T13:37:09+00:00\",\"mainEntityOfPage\":{\"@id\":\"https:\/\/izo.si\/en\/abc-okoljskega-ucenja\/\"},\"wordCount\":122,\"publisher\":{\"@id\":\"https:\/\/izo.si\/#organization\"},\"image\":{\"@id\":\"https:\/\/izo.si\/en\/abc-okoljskega-ucenja\/#primaryimage\"},\"thumbnailUrl\":\"https:\/\/izo.si\/wp-content\/uploads\/2022\/08\/Untitled-design-1.png\",\"articleSection\":[\"Novice\"],\"inLanguage\":\"en-GB\"},{\"@type\":\"WebPage\",\"@id\":\"https:\/\/izo.si\/en\/abc-okoljskega-ucenja\/\",\"url\":\"https:\/\/izo.si\/en\/abc-okoljskega-ucenja\/\",\"name\":\"ABC okoljskega u\u010denja - IZO\",\"isPartOf\":{\"@id\":\"https:\/\/izo.si\/#website\"},\"primaryImageOfPage\":{\"@id\":\"https:\/\/izo.si\/en\/abc-okoljskega-ucenja\/#primaryimage\"},\"image\":{\"@id\":\"https:\/\/izo.si\/en\/abc-okoljskega-ucenja\/#primaryimage\"},\"thumbnailUrl\":\"https:\/\/izo.si\/wp-content\/uploads\/2022\/08\/Untitled-design-1.png\",\"datePublished\":\"2022-08-08T13:25:00+00:00\",\"dateModified\":\"2022-08-09T13:37:09+00:00\",\"breadcrumb\":{\"@id\":\"https:\/\/izo.si\/en\/abc-okoljskega-ucenja\/#breadcrumb\"},\"inLanguage\":\"en-GB\",\"potentialAction\":[{\"@type\":\"ReadAction\",\"target\":[\"https:\/\/izo.si\/en\/abc-okoljskega-ucenja\/\"]}]},{\"@type\":\"ImageObject\",\"inLanguage\":\"en-GB\",\"@id\":\"https:\/\/izo.si\/en\/abc-okoljskega-ucenja\/#primaryimage\",\"url\":\"https:\/\/izo.si\/wp-content\/uploads\/2022\/08\/Untitled-design-1.png\",\"contentUrl\":\"https:\/\/izo.si\/wp-content\/uploads\/2022\/08\/Untitled-design-1.png\",\"width\":940,\"height\":788},{\"@type\":\"BreadcrumbList\",\"@id\":\"https:\/\/izo.si\/en\/abc-okoljskega-ucenja\/#breadcrumb\",\"itemListElement\":[{\"@type\":\"ListItem\",\"position\":1,\"name\":\"Home\",\"item\":\"https:\/\/izo.si\/\"},{\"@type\":\"ListItem\",\"position\":2,\"name\":\"ABC okoljskega u\u010denja\"}]},{\"@type\":\"WebSite\",\"@id\":\"https:\/\/izo.si\/#website\",\"url\":\"https:\/\/izo.si\/\",\"name\":\"IZO\",\"description\":\"In\u0161titut za zdravje in okolje\",\"publisher\":{\"@id\":\"https:\/\/izo.si\/#organization\"},\"potentialAction\":[{\"@type\":\"SearchAction\",\"target\":{\"@type\":\"EntryPoint\",\"urlTemplate\":\"https:\/\/izo.si\/?s={search_term_string}\"},\"query-input\":{\"@type\":\"PropertyValueSpecification\",\"valueRequired\":true,\"valueName\":\"search_term_string\"}}],\"inLanguage\":\"en-GB\"},{\"@type\":\"Organization\",\"@id\":\"https:\/\/izo.si\/#organization\",\"name\":\"IZO\",\"url\":\"https:\/\/izo.si\/\",\"logo\":{\"@type\":\"ImageObject\",\"inLanguage\":\"en-GB\",\"@id\":\"https:\/\/izo.si\/#\/schema\/logo\/image\/\",\"url\":\"https:\/\/izo.si\/wp-content\/uploads\/2021\/01\/izo-logo@2x.png\",\"contentUrl\":\"https:\/\/izo.si\/wp-content\/uploads\/2021\/01\/izo-logo@2x.png\",\"width\":262,\"height\":139,\"caption\":\"IZO\"},\"image\":{\"@id\":\"https:\/\/izo.si\/#\/schema\/logo\/image\/\"}},{\"@type\":\"Person\",\"@id\":\"https:\/\/izo.si\/#\/schema\/person\/7c1d308fe359416255fc3003e716015d\",\"name\":\"info@izo.si\",\"image\":{\"@type\":\"ImageObject\",\"inLanguage\":\"en-GB\",\"@id\":\"https:\/\/izo.si\/#\/schema\/person\/image\/\",\"url\":\"https:\/\/secure.gravatar.com\/avatar\/6119564cb294b108df0fe93b796cfc2f405adef8ccb4e9788179335543b4f393?s=96&d=mm&r=g\",\"contentUrl\":\"https:\/\/secure.gravatar.com\/avatar\/6119564cb294b108df0fe93b796cfc2f405adef8ccb4e9788179335543b4f393?s=96&d=mm&r=g\",\"caption\":\"info@izo.si\"},\"url\":\"https:\/\/izo.si\/en\/author\/infoizo-si\/\"}]}<\/script>\n<!-- \/ Yoast SEO plugin. -->","yoast_head_json":{"title":"ABC okoljskega u\u010denja - IZO","robots":{"index":"index","follow":"follow","max-snippet":"max-snippet:-1","max-image-preview":"max-image-preview:large","max-video-preview":"max-video-preview:-1"},"canonical":"https:\/\/izo.si\/en\/abc-okoljskega-ucenja\/","og_locale":"en_GB","og_type":"article","og_title":"ABC okoljskega u\u010denja - IZO","og_description":"V sklopu projekta\u00a0Podnebni cilji in vsebine v vzgoji in izobra\u017eevanju\u00a0nadaljujemo z izobra\u017eevalnimi sre\u010danji za strokovne in vodstvene delavce v izobra\u017eevanju odraslih na temo okoljskega u\u010denja. Program bo potekal na daljavo (prek Zooma), v obliki kraj\u0161ih sre\u010danj\u00a019., 23. in 26. avgusta 2022. Nameni tokratnega izobra\u017eevanja so: spoznavanje u\u010dnih virov o podnebju in njegovih spremembah, navezava izobra\u017eevalnih [&hellip;]","og_url":"https:\/\/izo.si\/en\/abc-okoljskega-ucenja\/","og_site_name":"IZO","article_published_time":"2022-08-08T13:25:00+00:00","article_modified_time":"2022-08-09T13:37:09+00:00","og_image":[{"width":940,"height":788,"url":"https:\/\/izo.si\/wp-content\/uploads\/2022\/08\/Untitled-design-1.png","type":"image\/png"}],"author":"info@izo.si","twitter_card":"summary_large_image","twitter_misc":{"Written by":"info@izo.si","Estimated reading time":"1 minute"},"schema":{"@context":"https:\/\/schema.org","@graph":[{"@type":"Article","@id":"https:\/\/izo.si\/en\/abc-okoljskega-ucenja\/#article","isPartOf":{"@id":"https:\/\/izo.si\/en\/abc-okoljskega-ucenja\/"},"author":{"name":"info@izo.si","@id":"https:\/\/izo.si\/#\/schema\/person\/7c1d308fe359416255fc3003e716015d"},"headline":"ABC okoljskega u\u010denja","datePublished":"2022-08-08T13:25:00+00:00","dateModified":"2022-08-09T13:37:09+00:00","mainEntityOfPage":{"@id":"https:\/\/izo.si\/en\/abc-okoljskega-ucenja\/"},"wordCount":122,"publisher":{"@id":"https:\/\/izo.si\/#organization"},"image":{"@id":"https:\/\/izo.si\/en\/abc-okoljskega-ucenja\/#primaryimage"},"thumbnailUrl":"https:\/\/izo.si\/wp-content\/uploads\/2022\/08\/Untitled-design-1.png","articleSection":["Novice"],"inLanguage":"en-GB"},{"@type":"WebPage","@id":"https:\/\/izo.si\/en\/abc-okoljskega-ucenja\/","url":"https:\/\/izo.si\/en\/abc-okoljskega-ucenja\/","name":"ABC okoljskega u\u010denja - IZO","isPartOf":{"@id":"https:\/\/izo.si\/#website"},"primaryImageOfPage":{"@id":"https:\/\/izo.si\/en\/abc-okoljskega-ucenja\/#primaryimage"},"image":{"@id":"https:\/\/izo.si\/en\/abc-okoljskega-ucenja\/#primaryimage"},"thumbnailUrl":"https:\/\/izo.si\/wp-content\/uploads\/2022\/08\/Untitled-design-1.png","datePublished":"2022-08-08T13:25:00+00:00","dateModified":"2022-08-09T13:37:09+00:00","breadcrumb":{"@id":"https:\/\/izo.si\/en\/abc-okoljskega-ucenja\/#breadcrumb"},"inLanguage":"en-GB","potentialAction":[{"@type":"ReadAction","target":["https:\/\/izo.si\/en\/abc-okoljskega-ucenja\/"]}]},{"@type":"ImageObject","inLanguage":"en-GB","@id":"https:\/\/izo.si\/en\/abc-okoljskega-ucenja\/#primaryimage","url":"https:\/\/izo.si\/wp-content\/uploads\/2022\/08\/Untitled-design-1.png","contentUrl":"https:\/\/izo.si\/wp-content\/uploads\/2022\/08\/Untitled-design-1.png","width":940,"height":788},{"@type":"BreadcrumbList","@id":"https:\/\/izo.si\/en\/abc-okoljskega-ucenja\/#breadcrumb","itemListElement":[{"@type":"ListItem","position":1,"name":"Home","item":"https:\/\/izo.si\/"},{"@type":"ListItem","position":2,"name":"ABC okoljskega u\u010denja"}]},{"@type":"WebSite","@id":"https:\/\/izo.si\/#website","url":"https:\/\/izo.si\/","name":"IZO","description":"Institute for Health and Environment","publisher":{"@id":"https:\/\/izo.si\/#organization"},"potentialAction":[{"@type":"SearchAction","target":{"@type":"EntryPoint","urlTemplate":"https:\/\/izo.si\/?s={search_term_string}"},"query-input":{"@type":"PropertyValueSpecification","valueRequired":true,"valueName":"search_term_string"}}],"inLanguage":"en-GB"},{"@type":"Organization","@id":"https:\/\/izo.si\/#organization","name":"IZO","url":"https:\/\/izo.si\/","logo":{"@type":"ImageObject","inLanguage":"en-GB","@id":"https:\/\/izo.si\/#\/schema\/logo\/image\/","url":"https:\/\/izo.si\/wp-content\/uploads\/2021\/01\/izo-logo@2x.png","contentUrl":"https:\/\/izo.si\/wp-content\/uploads\/2021\/01\/izo-logo@2x.png","width":262,"height":139,"caption":"IZO"},"image":{"@id":"https:\/\/izo.si\/#\/schema\/logo\/image\/"}},{"@type":"Person","@id":"https:\/\/izo.si\/#\/schema\/person\/7c1d308fe359416255fc3003e716015d","name":"info@izo.si","image":{"@type":"ImageObject","inLanguage":"en-GB","@id":"https:\/\/izo.si\/#\/schema\/person\/image\/","url":"https:\/\/secure.gravatar.com\/avatar\/6119564cb294b108df0fe93b796cfc2f405adef8ccb4e9788179335543b4f393?s=96&d=mm&r=g","contentUrl":"https:\/\/secure.gravatar.com\/avatar\/6119564cb294b108df0fe93b796cfc2f405adef8ccb4e9788179335543b4f393?s=96&d=mm&r=g","caption":"info@izo.si"},"url":"https:\/\/izo.si\/en\/author\/infoizo-si\/"}]}},"_links":{"self":[{"href":"https:\/\/izo.si\/en\/wp-json\/wp\/v2\/posts\/3184","targetHints":{"allow":["GET"]}}],"collection":[{"href":"https:\/\/izo.si\/en\/wp-json\/wp\/v2\/posts"}],"about":[{"href":"https:\/\/izo.si\/en\/wp-json\/wp\/v2\/types\/post"}],"author":[{"embeddable":true,"href":"https:\/\/izo.si\/en\/wp-json\/wp\/v2\/users\/8"}],"replies":[{"embeddable":true,"href":"https:\/\/izo.si\/en\/wp-json\/wp\/v2\/comments?post=3184"}],"version-history":[{"count":2,"href":"https:\/\/izo.si\/en\/wp-json\/wp\/v2\/posts\/3184\/revisions"}],"predecessor-version":[{"id":3187,"href":"https:\/\/izo.si\/en\/wp-json\/wp\/v2\/posts\/3184\/revisions\/3187"}],"wp:featuredmedia":[{"embeddable":true,"href":"https:\/\/izo.si\/en\/wp-json\/wp\/v2\/media\/3185"}],"wp:attachment":[{"href":"https:\/\/izo.si\/en\/wp-json\/wp\/v2\/media?parent=3184"}],"wp:term":[{"taxonomy":"category","embeddable":true,"href":"https:\/\/izo.si\/en\/wp-json\/wp\/v2\/categories?post=3184"},{"taxonomy":"post_tag","embeddable":true,"href":"https:\/\/izo.si\/en\/wp-json\/wp\/v2\/tags?post=3184"}],"curies":[{"name":"wp","href":"https:\/\/api.w.org\/{rel}","templated":true}]}}