{"id":3166,"date":"2022-07-28T11:00:23","date_gmt":"2022-07-28T09:00:23","guid":{"rendered":"https:\/\/izo.si\/?p=3166"},"modified":"2022-07-28T11:02:11","modified_gmt":"2022-07-28T09:02:11","slug":"sporocilo-za-javnost-ob-svetovnem-dnevu-ekoloskega-dolga-2022","status":"publish","type":"post","link":"https:\/\/izo.si\/en\/sporocilo-za-javnost-ob-svetovnem-dnevu-ekoloskega-dolga-2022\/","title":{"rendered":"Sporo\u010dilo za javnost ob svetovnem dnevu ekolo\u0161kega dolga 2022"},"content":{"rendered":"<p><strong>QUITO, Ekvador; LJUBLJANA, Slovenija, 25. 7. 2022<\/strong> <strong>\u2014 <\/strong>Na podlagi nacionalnih izra\u010dunov o odtisu in biokapaciteti, ki jih je opravila organizacija Global Footprint Network, dan ekolo\u0161kega dolga letos znova obele\u017eujemo bolj zgodaj, in sicer 28. julija.<\/p>\n\n\n\n<p>Ekvadorski minister za okolje, vodo in ekolo\u0161ki prehod, <strong>Gustavo Manrique<\/strong>, ob podpori okoljskih ministrov z vsega sveta najavlja leto\u0161nji dan ekolo\u0161kega dolga. Ta mejnik nas opozarja, da je ekolo\u0161ki dolg, ki ga ustvarjamo \u017ee ve\u010d kot pol stoletja, pripeljal do velikega zmanj\u0161anja biotske raznovrstnosti, pove\u010danja izpustov toplogrednih plinov ter slab\u0161e prehranske in energetske varnosti. Posledice netrajnostnega upravljanja z viri so vedno bolj opazne, saj smo pri\u010da nadpovpre\u010dno visokim temperaturam in vro\u010dinskim valovom, pogostim gozdnim po\u017earom, su\u0161am, poplavam in drugim naravnim katastrofam.<\/p>\n\n\n\n<p>Pri\u010da pa smo tudi razli\u010dnim gospodarskim pritiskom. Raziskava organizacije Global Footprint Network je namre\u010d pokazala, da \u017ee ve\u010d kot <a href=\"https:\/\/www.footprintnetwork.org\/2022\/07\/13\/food-security-in-a-world-of-overshoot\/\">3 milijarde ljudi<\/a> \u017eivi v dr\u017eavah, ki proizvedejo manj hrane, kot je porabijo, obenem pa ustvarijo tudi manj prihodkov od svetovnega povpre\u010dja. To pomeni, da nimajo ustreznega dostopa do hrane znotraj dr\u017eave, hkrati pa ta za njih ni dostopna niti na svetovnem trgu. \u010ce poleg hrane upo\u0161tevamo \u0161e vse ostale naravne vire, \u0161tevilo ljudi, ki so izpostavljeni tovrstnemu tveganju, posko\u010di na <a href=\"https:\/\/www.nature.com\/articles\/s41893-021-00708-4\">5,8 milijarde<\/a>. Trendi so se v zadnjem obdobju \u0161e okrepili zaradi pandemije in oboro\u017eenih konfliktov v Ukrajini ter drugod po svetu, kar vodi v zmanj\u0161anje prehranske varnosti.<\/p>\n\n\n\n<p>\u201c<em>Svetovni dan ekolo\u0161kega dolga ka\u017ee, da trenutni sistem proizvodnje in potro\u0161nje ni zdru\u017eljiv z na\u0161o \u017eeljo, da bi \u0161e naprej naseljevali ta planet. Da bi lahko bolje za\u0161\u010ditili svoje naravne vire in nadzorovali njihovo porabo, so potrebni konkretni skupni ukrepi, usmerjeni v nov razvojni model, ki temelji na trajnosti in obnovi. Prebivalci Ekvadorja svet pozivamo, naj se zave\u017ee temu cilju<\/em>,\u201d je ob tej prilo\u017enosti dejal minister Gustavo Manrique.<\/p>\n\n\n\n<p>\u201c<em>Varna oskrba z naravnimi viri postaja klju\u010dni dejavnik ekonomske mo\u010di. \u010cakanje ne predstavlja prav nobene prednosti. Za dr\u017eave ni smiselno, da \u010dakajo na mednarodne\u00a0dogovore o varovanju virov. Z vidika stabilnosti bi moralo biti v lastnem interesu vsakega mesta, podjetja ali dr\u017eave, da zavaruje lastne zmo\u017enosti upravljanja z viri ter se s tem za\u0161\u010diti pred negativnimi vplivi podnebnih sprememb in pomanjkanjem naravnih virov<\/em>,\u201d opozarja <strong>Mathis Wackernagel<\/strong>, ustanovitelj organizacije Global Footprint Network.<\/p>\n\n\n<div class=\"wp-block-image\">\n<figure class=\"aligncenter size-full is-resized\"><img fetchpriority=\"high\" decoding=\"async\" src=\"https:\/\/izo.si\/wp-content\/uploads\/2022\/07\/Svetovni-dnevi-ekolos\u030ckega-dolga-1970-2022.png\" alt=\"\" class=\"wp-image-3167\" width=\"735\" height=\"576\" srcset=\"https:\/\/izo.si\/wp-content\/uploads\/2022\/07\/Svetovni-dnevi-ekolos\u030ckega-dolga-1970-2022.png 980w, https:\/\/izo.si\/wp-content\/uploads\/2022\/07\/Svetovni-dnevi-ekolos\u030ckega-dolga-1970-2022-300x235.png 300w, https:\/\/izo.si\/wp-content\/uploads\/2022\/07\/Svetovni-dnevi-ekolos\u030ckega-dolga-1970-2022-768x602.png 768w\" sizes=\"(max-width: 735px) 100vw, 735px\" \/><\/figure>\n<\/div>\n\n\n<p>\u201c<em>Mesta v svojih rokah dr\u017eijo niti za doseganje preobrazbe infrastrukture. Mesta, kot so Quito s svojim ohranjanjem za\u0161\u010ditenih obmo\u010dij, Santiago de Chile s \u0161tevilom elektri\u010dnih avtobusov in Bogota s kolesarskimi stezami, ka\u017eejo, kako jim lahko lokalne vlade dajo bolj\u0161e mo\u017enosti za svetlo prihodnost<\/em>,\u201d opominja<strong> Sebastian Navarro<\/strong>, generalni sekretar CC35 (<em>Coalition of Capital Cities of the Americas on Climate Change<\/em>).<\/p>\n\n\n\n<p>Sprememba trenutnih trendov ni zgolj ena od mo\u017enosti, temve\u010d klju\u010den korak za doseganje sprememb, ki hkrati prina\u0161a \u0161tevilne gospodarske prednosti tudi za odlo\u010devalce. Izkoristimo lahko \u0161tevilne <a href=\"https:\/\/www.overshootday.org\/power-of-possibility\/\">prilo\u017enosti<\/a> oziroma dobre prakse, ki zmanj\u0161ujejo ekolo\u0161ki odtis in tudi z ekonomskega vidika predstavljajo smiselno re\u0161itev:<\/p>\n\n\n\n<ul class=\"wp-block-list\"><li>Zmanj\u0161anje koli\u010dine zavr\u017eene hrane za polovico na globalni ravni bi lahko dan ekolo\u0161kega dolga zamaknilo za 13 dni.<\/li><li>Globalna nadgradnja kolesarske infrastrukture, kot jo poznajo na Nizozemskem, bi lahko dan ekolo\u0161kega dolga prestavila za 9 dni.<\/li><li>Proizvodnja energije s pomo\u010djo kopenskih vetrnih turbin je stro\u0161kovno konkuren\u010dna re\u0161itev, ki jo uporabljajo tudi na Danskem in v Nem\u010diji. Z njo bi lahko datum dneva ekolo\u0161kega dolga premaknili za vsaj 10 dni.<\/li><\/ul>\n\n\n\n<p>\u201c<em>Te prilo\u017enosti so primeri za grajenje prihodnosti, kakr\u0161no potrebujemo<\/em>,\u201d dodaja Wackernagel.<\/p>\n\n\n\n<p><strong>Toma\u017e Gorenc<\/strong>, direktor In\u0161tituta za zdravje in okolje, ob tem izpostavlja, da \u201c<em>leto\u0161nji svetovni dan ekolo\u0161kega dolga zaznamujejo tudi \u0161tevilni gozdni po\u017eari, ki smo jim bili v Sloveniji pri\u010da na Krasu, kjer je v nekaj dneh zgorelo pribli\u017eno 3500 hektarjev gozdnih povr\u0161in. Gozd je z vidika ekolo\u0161kega odtisa in posledi\u010dno ekolo\u0161kega dolga klju\u010dnega pomena kot ponor toplogrednega ogljikovega dioksida. Tak\u0161ni gozdni po\u017eari, kot smo jim pri\u010da v Sredozemlju in drugod po svetu, povzro\u010dajo dodatne izpuste \u017ee &#8220;skladi\u0161\u010denega&#8221; ogljika in zdravju \u0161kodljivih onesna\u017eeval, hkrati pa se s tem uni\u010dujejo pomembne povr\u0161ine biokapacitete, ki v naslednjih letih ne bo opravljala \u017ee omenjene pomembne funkcije ponora ogljika. \u0160tevilo tovrstnih dogodkov se bo v naslednjih letih \u0161e pove\u010devalo, zato je pomembno, kako bomo kot dru\u017eba upravljali s svojimi naravnimi viri, kot so gozdovi, in jih ohranjali v &#8220;dobri kondiciji&#8221;. Hkrati pa ne smemo pozabiti na zmanj\u0161anje svojega odtisa s sistemskimi pristopi, saj je kot posameznik te\u017eko biti trajnosten v netrajnostni dru\u017ebi. Posledi\u010dno je klju\u010dnega pomena, da se kot dru\u017eba soo\u010dimo s problemom okoljske krize,\u00a0ekolo\u0161kega dolga in trajnosti. V Sloveniji jedro tega problema predstavljata predvsem mobilnost in energetika.<\/em>\u201d<\/p>\n\n\n\n<p><strong>Klju\u010dna dejstva o dnevu ekolo\u0161kega dolga:<\/strong><\/p>\n\n\n\n<ul class=\"wp-block-list\"><li>Za obnovitev vseh virov, ki jih \u010dlove\u0161tvo trenutno \u010drpa iz narave, bi potrebovali biokapaciteto planeta, ki teoreti\u010dno ustreza biokapaciteti 1,75 Zemlje.<\/li><li>60 % svetovnega ekolo\u0161kega odtisa predstavljajo izpusti ogljika. Da bi se izognili pogubnim posledicam podnebnih sprememb, moramo izpuste do leta 2050 izni\u010diti brez pove\u010danja drugih dejavnikov, ki sestavljajo ekolo\u0161ki odtis.<\/li><li>3 milijarde ljudi \u017eivijo v dr\u017eavah, ki proizvedejo manj hrane, kot je pridelajo, in ustvarijo manj dobi\u010dka od svetovnega povpre\u010dja.<\/li><li>Zgolj proizvodnja hrane danes zavzema 55 % biokapacitete na\u0161ega planeta.<\/li><li>5,8 milijarde ljudi (72 % svetovnega prebivalstva) \u017eivi v dr\u017eavah, ki porabijo ve\u010d naravnih virov, kot jih imajo na voljo, in hkrati proizvedejo manj dobi\u010dka od svetovnega povpre\u010dja.<\/li><li>V leto\u0161njem letu sta dan ekolo\u0161kega dolga in zadnji dan v letu oddaljena 156 dni.<\/li><li>Dejstvo, da dan ekolo\u0161kega dolga obele\u017eujemo \u017ee 50 let, pomeni, da bi Zemlja za obnovo vseh svojih virov potrebovala 19 let. To se ka\u017ee v dana\u0161nji degradaciji ekosistemov in visoki vrednosti toplogrednih plinov v ozra\u010dju.<\/li><li>\u010ce bi \u010dlove\u0161tvu dan ekolo\u0161kega dolga vsako leto uspelo zamakniti za 6 dni, bi do leta 2050 za\u017eiveli znotraj planetarnih meja. \u010ce bi \u017eeleli dose\u010di cilj Pari\u0161kega sporazuma o omejitvi segrevanja ozra\u010dja na 1,5 \u00b0C glede na predindustrijsko obdobje, pa bi morali dan ekolo\u0161kega dolga letno zamakniti za 10 dni.<\/li><li>Na voljo so \u0161tevilne mo\u017enosti za zmanj\u0161anje ekolo\u0161kega odtisa, ki so tudi ekonomsko smiselne. Hkrati obstaja ve\u010dja verjetnost, da bo vrednost tovrstnih mo\u017enosti zrastla bolj kot vrednost dejavnikov, ki prispevajo k ekolo\u0161kemu dolgu.<\/li><\/ul>\n\n\n\n<hr class=\"wp-block-separator has-alpha-channel-opacity\"\/>\n\n\n\n<p><\/p>\n\n\n\n<p><\/p>\n\n\n\n<p><\/p>\n\n\n\n<p><strong>Kontakti<\/strong><\/p>\n\n\n\n<p><strong>Toma\u017e Gorenc<\/strong>, direktor In\u0161tituta za zdravje in okolje<\/p>\n\n\n\n<p><a href=\"mailto:tomaz.gorenc@izo.si\">tomaz.gorenc@izo.si<\/a>&nbsp; |&nbsp; +386 40 493 460 (mobilni telefon)&nbsp; |&nbsp; sloven\u0161\u010dina, angle\u0161\u010dina<\/p>\n\n\n\n<p><\/p>\n\n\n\n<p><strong>dr. Alessandro Galli<\/strong>, direktor sredozemske regije in regije MENA<\/p>\n\n\n\n<p>Sredozemska pisarna organizacije Global Footprint Network<\/p>\n\n\n\n<p><a href=\"mailto:alessandro@footprintnetwork.org\">alessandro@footprintnetwork.org<\/a>\u00a0 |\u00a0 +39 347 903 49 77 (mobilni telefon)\u00a0 |\u00a0 italijan\u0161\u010dina, angle\u0161\u010dina<\/p>\n\n\n\n<p><\/p>\n\n\n\n<p><strong>dr. Marta Antonelli<\/strong>, vodja oddelka za prehranske sisteme<\/p>\n\n\n\n<p>\u0160vicarska pisarna organizacije Global Footprint Network<\/p>\n\n\n\n<p><a href=\"mailto:marta.antonelli@footprintnetwork.org\">marta.antonelli@footprintnetwork.org<\/a>&nbsp; |&nbsp; +41 78 656 28 44 (mobilni telefon)&nbsp; |&nbsp; italijan\u0161\u010dina, angle\u0161\u010dina<\/p>\n\n\n\n<p><\/p>\n\n\n\n<p><strong>Amanda Diep<\/strong>, vodja komuniciranja in stikov z javnostmi<\/p>\n\n\n\n<p>Global Footprint Network, ZDA<\/p>\n\n\n\n<p><a href=\"mailto:amanda.diep@footprintnetwork.org\">amanda.diep@footprintnetwork.org<\/a>&nbsp; |&nbsp; (510) 839 8879 (interna \u0161t. 4)&nbsp; |&nbsp; angle\u0161\u010dina<\/p>\n\n\n\n<p><\/p>\n\n\n\n<p><strong>Laetitia Mailhes<\/strong>, mediji in stiki z javnostmi<\/p>\n\n\n\n<p>Global Footprint Network<\/p>\n\n\n\n<p><a href=\"mailto:laetitia.mailhes@footprintnetwork.org\">laetitia.mailhes@footprintnetwork.org<\/a>&nbsp; |&nbsp; +33 650 979 012&nbsp; |&nbsp; franco\u0161\u010dina, angle\u0161\u010dina<\/p>\n\n\n\n<p><\/p>\n\n\n\n<p><\/p>\n\n\n\n<p><\/p>\n\n\n\n<p><strong>Dodatni viri<\/strong><\/p>\n\n\n\n<ul class=\"wp-block-list\"><li><a href=\"https:\/\/www.overshootday.org\/newsroom\/press-releases-multiple-languages\/\">Sporo\u010dilo za javnost v razli\u010dnih jezikih<\/a><\/li><li><a href=\"http:\/\/www.overshootday.org\/pop\">Power of Possibility<\/a> \u2013 mo\u017enosti za zmanj\u0161anje ekolo\u0161kega dolga<\/li><li><a href=\"https:\/\/data.footprintnetwork.org\/\">Footprint platform<\/a> \u2013 rezultati ekolo\u0161kega dolga za ve\u010d kot 200 dr\u017eav in regij<\/li><li><a href=\"http:\/\/www.overshootday.org\/circularbusinesses\">Kro\u017eno gospodarstvo<em> <\/em><\/a>kot re\u0161itev za spreminjanje trendov<\/li><li>Blog:<a href=\"https:\/\/www.footprintnetwork.org\/2022\/07\/13\/food-security-in-a-world-of-overshoot\/\"> Prehranska varnost in ekolo\u0161ki dolg (z grafiko)<\/a><\/li><li><a href=\"http:\/\/www.oneplanetalliance.org\">One Planet Alliance<\/a><\/li><li><a href=\"https:\/\/www.overshootday.org\/content\/uploads\/2022\/07\/WWF-France-Le-Jour-du-Depassement-2022.pdf\">Poro\u010dilo o hrani WWF France<\/a><\/li><li>\u010clanek: <a href=\"https:\/\/www.footprintnetwork.org\/2021\/04\/26\/resource-security-for-poverty-eradication\/\">\u201cThe Importance of Resource Security for Poverty Eradication\u201d<\/a><\/li><\/ul>\n\n\n\n<p><\/p>\n\n\n\n<p><\/p>\n\n\n\n<p><\/p>\n\n\n\n<h4 class=\"wp-block-heading\"><strong>O ekolo\u0161kem odtisu<\/strong><\/h4>\n\n\n\n<p><a href=\"https:\/\/www.footprintnetwork.org\/our-work\/ecological-footprint\/?__hstc=207509324.ab472cff0f4ee29e9f6acbcd8c3ec812.1657103673195.1658843122702.1658901282897.9&amp;__hssc=207509324.1.1658901282897&amp;__hsfp=3114790247\">Ekolo\u0161ki odtis<\/a> je najbolj celosten merski sistem za izra\u010dun biolo\u0161kih virov. Obsega vse \u010dlove\u0161ke zahteve po biolo\u0161ko produktivnih obmo\u010djih \u2013 hrani, lesu, vlaknih, skladi\u0161\u010denju ogljika in smiselni umestitvi infrastrukture. Trenutno oglji\u010dni odtis zaradi uporabe fosilnih goriv predstavlja 61 % \u010dlove\u0161kega ekolo\u0161kega odtisa.<\/p>\n\n\n\n<p><\/p>\n\n\n\n<p><\/p>\n\n\n\n<p><\/p>\n\n\n\n<h4 class=\"wp-block-heading\"><strong>O Svetovni mre\u017ei za okoljski odtis \u2013 Global Footprint Network<\/strong><\/h4>\n\n\n\n<p>Global Footprint Network je mednarodna organizacija za trajnostni razvoj, ki pomaga svetu \u017eiveti v okviru Zemljinih sredstev in se odzivati na podnebne spremembe. Od leta 2003 sodeluje z ve\u010d kot 50 dr\u017eavami, 30 mesti in 70 svetovnimi partnerji, da bi podali znanstvena spoznanja, ki so vplivala na oblikovanje u\u010dinkovitih politik in nalo\u017ebenih odlo\u010ditev. Skupaj ustvarjamo prihodnost, v kateri bomo lahko vsi uspevali znotraj omejitev na\u0161ega enega planeta. <a href=\"http:\/\/www.footprintnetwork.org\">www.footprintnetwork.org<\/a>.<\/p>\n\n\n\n<p><\/p>\n\n\n\n<p class=\"has-text-align-center\"><img decoding=\"async\" src=\"https:\/\/lh5.googleusercontent.com\/Q9QbluN8lkBwr4F96MNDCs_i-UexibnM-y9spj2w4p1NwYQhH2xlJ6Z26Fj5KqiR1e4gaFCba2K5ApRArZF8ed1cDVssfQADOr-9QDvxjdLlMqC_aG8EeFZrYR6XmRhmWm59FNU8cU7F\" width=\"526\" height=\"100\"><\/p>","protected":false},"excerpt":{"rendered":"<p>QUITO, Ekvador; LJUBLJANA, Slovenija, 25. 7. 2022 \u2014 Na podlagi nacionalnih izra\u010dunov o odtisu in biokapaciteti, ki jih je opravila organizacija Global Footprint Network, dan ekolo\u0161kega dolga letos znova obele\u017eujemo bolj zgodaj, in sicer 28. julija. Ekvadorski minister za okolje, vodo in ekolo\u0161ki prehod, Gustavo Manrique, ob podpori okoljskih ministrov z vsega sveta najavlja leto\u0161nji [&hellip;]<\/p>","protected":false},"author":8,"featured_media":3168,"comment_status":"closed","ping_status":"closed","sticky":false,"template":"","format":"standard","meta":{"_monsterinsights_skip_tracking":false,"_monsterinsights_sitenote_active":false,"_monsterinsights_sitenote_note":"","_monsterinsights_sitenote_category":0,"_uf_show_specific_survey":0,"_uf_disable_surveys":false,"footnotes":""},"categories":[7],"tags":[],"class_list":["post-3166","post","type-post","status-publish","format-standard","has-post-thumbnail","hentry","category-novice"],"aioseo_notices":[],"yoast_head":"<!-- This site is optimized with the Yoast SEO plugin v24.5 - https:\/\/yoast.com\/wordpress\/plugins\/seo\/ -->\n<title>Sporo\u010dilo za javnost ob svetovnem dnevu ekolo\u0161kega dolga 2022 - IZO<\/title>\n<meta name=\"robots\" content=\"index, follow, max-snippet:-1, max-image-preview:large, max-video-preview:-1\" \/>\n<link rel=\"canonical\" href=\"https:\/\/izo.si\/en\/sporocilo-za-javnost-ob-svetovnem-dnevu-ekoloskega-dolga-2022\/\" \/>\n<meta property=\"og:locale\" content=\"en_GB\" \/>\n<meta property=\"og:type\" content=\"article\" \/>\n<meta property=\"og:title\" content=\"Sporo\u010dilo za javnost ob svetovnem dnevu ekolo\u0161kega dolga 2022 - IZO\" \/>\n<meta property=\"og:description\" content=\"QUITO, Ekvador; LJUBLJANA, Slovenija, 25. 7. 2022 \u2014 Na podlagi nacionalnih izra\u010dunov o odtisu in biokapaciteti, ki jih je opravila organizacija Global Footprint Network, dan ekolo\u0161kega dolga letos znova obele\u017eujemo bolj zgodaj, in sicer 28. julija. Ekvadorski minister za okolje, vodo in ekolo\u0161ki prehod, Gustavo Manrique, ob podpori okoljskih ministrov z vsega sveta najavlja leto\u0161nji [&hellip;]\" \/>\n<meta property=\"og:url\" content=\"https:\/\/izo.si\/en\/sporocilo-za-javnost-ob-svetovnem-dnevu-ekoloskega-dolga-2022\/\" \/>\n<meta property=\"og:site_name\" content=\"IZO\" \/>\n<meta property=\"article:published_time\" content=\"2022-07-28T09:00:23+00:00\" \/>\n<meta property=\"article:modified_time\" content=\"2022-07-28T09:02:11+00:00\" \/>\n<meta property=\"og:image\" content=\"https:\/\/izo.si\/wp-content\/uploads\/2022\/07\/Svetovni-dan-ekoloskega-dolga-je-28.-julij-2022-1-768x768.png\" \/>\n\t<meta property=\"og:image:width\" content=\"768\" \/>\n\t<meta property=\"og:image:height\" content=\"768\" \/>\n\t<meta property=\"og:image:type\" content=\"image\/png\" \/>\n<meta name=\"author\" content=\"info@izo.si\" \/>\n<meta name=\"twitter:card\" content=\"summary_large_image\" \/>\n<meta name=\"twitter:label1\" content=\"Written by\" \/>\n\t<meta name=\"twitter:data1\" content=\"info@izo.si\" \/>\n\t<meta name=\"twitter:label2\" content=\"Estimated reading time\" \/>\n\t<meta name=\"twitter:data2\" content=\"7 minutes\" \/>\n<script type=\"application\/ld+json\" class=\"yoast-schema-graph\">{\"@context\":\"https:\/\/schema.org\",\"@graph\":[{\"@type\":\"Article\",\"@id\":\"https:\/\/izo.si\/sporocilo-za-javnost-ob-svetovnem-dnevu-ekoloskega-dolga-2022\/#article\",\"isPartOf\":{\"@id\":\"https:\/\/izo.si\/sporocilo-za-javnost-ob-svetovnem-dnevu-ekoloskega-dolga-2022\/\"},\"author\":{\"name\":\"info@izo.si\",\"@id\":\"https:\/\/izo.si\/#\/schema\/person\/7c1d308fe359416255fc3003e716015d\"},\"headline\":\"Sporo\u010dilo za javnost ob svetovnem dnevu ekolo\u0161kega dolga 2022\",\"datePublished\":\"2022-07-28T09:00:23+00:00\",\"dateModified\":\"2022-07-28T09:02:11+00:00\",\"mainEntityOfPage\":{\"@id\":\"https:\/\/izo.si\/sporocilo-za-javnost-ob-svetovnem-dnevu-ekoloskega-dolga-2022\/\"},\"wordCount\":1414,\"publisher\":{\"@id\":\"https:\/\/izo.si\/#organization\"},\"image\":{\"@id\":\"https:\/\/izo.si\/sporocilo-za-javnost-ob-svetovnem-dnevu-ekoloskega-dolga-2022\/#primaryimage\"},\"thumbnailUrl\":\"https:\/\/izo.si\/wp-content\/uploads\/2022\/07\/Svetovni-dan-ekoloskega-dolga-je-28.-julij-2022-1.png\",\"articleSection\":[\"Novice\"],\"inLanguage\":\"en-GB\"},{\"@type\":\"WebPage\",\"@id\":\"https:\/\/izo.si\/sporocilo-za-javnost-ob-svetovnem-dnevu-ekoloskega-dolga-2022\/\",\"url\":\"https:\/\/izo.si\/sporocilo-za-javnost-ob-svetovnem-dnevu-ekoloskega-dolga-2022\/\",\"name\":\"Sporo\u010dilo za javnost ob svetovnem dnevu ekolo\u0161kega dolga 2022 - IZO\",\"isPartOf\":{\"@id\":\"https:\/\/izo.si\/#website\"},\"primaryImageOfPage\":{\"@id\":\"https:\/\/izo.si\/sporocilo-za-javnost-ob-svetovnem-dnevu-ekoloskega-dolga-2022\/#primaryimage\"},\"image\":{\"@id\":\"https:\/\/izo.si\/sporocilo-za-javnost-ob-svetovnem-dnevu-ekoloskega-dolga-2022\/#primaryimage\"},\"thumbnailUrl\":\"https:\/\/izo.si\/wp-content\/uploads\/2022\/07\/Svetovni-dan-ekoloskega-dolga-je-28.-julij-2022-1.png\",\"datePublished\":\"2022-07-28T09:00:23+00:00\",\"dateModified\":\"2022-07-28T09:02:11+00:00\",\"breadcrumb\":{\"@id\":\"https:\/\/izo.si\/sporocilo-za-javnost-ob-svetovnem-dnevu-ekoloskega-dolga-2022\/#breadcrumb\"},\"inLanguage\":\"en-GB\",\"potentialAction\":[{\"@type\":\"ReadAction\",\"target\":[\"https:\/\/izo.si\/sporocilo-za-javnost-ob-svetovnem-dnevu-ekoloskega-dolga-2022\/\"]}]},{\"@type\":\"ImageObject\",\"inLanguage\":\"en-GB\",\"@id\":\"https:\/\/izo.si\/sporocilo-za-javnost-ob-svetovnem-dnevu-ekoloskega-dolga-2022\/#primaryimage\",\"url\":\"https:\/\/izo.si\/wp-content\/uploads\/2022\/07\/Svetovni-dan-ekoloskega-dolga-je-28.-julij-2022-1.png\",\"contentUrl\":\"https:\/\/izo.si\/wp-content\/uploads\/2022\/07\/Svetovni-dan-ekoloskega-dolga-je-28.-julij-2022-1.png\",\"width\":1080,\"height\":1080},{\"@type\":\"BreadcrumbList\",\"@id\":\"https:\/\/izo.si\/sporocilo-za-javnost-ob-svetovnem-dnevu-ekoloskega-dolga-2022\/#breadcrumb\",\"itemListElement\":[{\"@type\":\"ListItem\",\"position\":1,\"name\":\"Home\",\"item\":\"https:\/\/izo.si\/\"},{\"@type\":\"ListItem\",\"position\":2,\"name\":\"Sporo\u010dilo za javnost ob svetovnem dnevu ekolo\u0161kega dolga 2022\"}]},{\"@type\":\"WebSite\",\"@id\":\"https:\/\/izo.si\/#website\",\"url\":\"https:\/\/izo.si\/\",\"name\":\"IZO\",\"description\":\"In\u0161titut za zdravje in okolje\",\"publisher\":{\"@id\":\"https:\/\/izo.si\/#organization\"},\"potentialAction\":[{\"@type\":\"SearchAction\",\"target\":{\"@type\":\"EntryPoint\",\"urlTemplate\":\"https:\/\/izo.si\/?s={search_term_string}\"},\"query-input\":{\"@type\":\"PropertyValueSpecification\",\"valueRequired\":true,\"valueName\":\"search_term_string\"}}],\"inLanguage\":\"en-GB\"},{\"@type\":\"Organization\",\"@id\":\"https:\/\/izo.si\/#organization\",\"name\":\"IZO\",\"url\":\"https:\/\/izo.si\/\",\"logo\":{\"@type\":\"ImageObject\",\"inLanguage\":\"en-GB\",\"@id\":\"https:\/\/izo.si\/#\/schema\/logo\/image\/\",\"url\":\"https:\/\/izo.si\/wp-content\/uploads\/2021\/01\/izo-logo@2x.png\",\"contentUrl\":\"https:\/\/izo.si\/wp-content\/uploads\/2021\/01\/izo-logo@2x.png\",\"width\":262,\"height\":139,\"caption\":\"IZO\"},\"image\":{\"@id\":\"https:\/\/izo.si\/#\/schema\/logo\/image\/\"}},{\"@type\":\"Person\",\"@id\":\"https:\/\/izo.si\/#\/schema\/person\/7c1d308fe359416255fc3003e716015d\",\"name\":\"info@izo.si\",\"image\":{\"@type\":\"ImageObject\",\"inLanguage\":\"en-GB\",\"@id\":\"https:\/\/izo.si\/#\/schema\/person\/image\/\",\"url\":\"https:\/\/secure.gravatar.com\/avatar\/6119564cb294b108df0fe93b796cfc2f405adef8ccb4e9788179335543b4f393?s=96&d=mm&r=g\",\"contentUrl\":\"https:\/\/secure.gravatar.com\/avatar\/6119564cb294b108df0fe93b796cfc2f405adef8ccb4e9788179335543b4f393?s=96&d=mm&r=g\",\"caption\":\"info@izo.si\"},\"url\":\"https:\/\/izo.si\/en\/author\/infoizo-si\/\"}]}<\/script>\n<!-- \/ Yoast SEO plugin. -->","yoast_head_json":{"title":"Sporo\u010dilo za javnost ob svetovnem dnevu ekolo\u0161kega dolga 2022 - IZO","robots":{"index":"index","follow":"follow","max-snippet":"max-snippet:-1","max-image-preview":"max-image-preview:large","max-video-preview":"max-video-preview:-1"},"canonical":"https:\/\/izo.si\/en\/sporocilo-za-javnost-ob-svetovnem-dnevu-ekoloskega-dolga-2022\/","og_locale":"en_GB","og_type":"article","og_title":"Sporo\u010dilo za javnost ob svetovnem dnevu ekolo\u0161kega dolga 2022 - IZO","og_description":"QUITO, Ekvador; LJUBLJANA, Slovenija, 25. 7. 2022 \u2014 Na podlagi nacionalnih izra\u010dunov o odtisu in biokapaciteti, ki jih je opravila organizacija Global Footprint Network, dan ekolo\u0161kega dolga letos znova obele\u017eujemo bolj zgodaj, in sicer 28. julija. Ekvadorski minister za okolje, vodo in ekolo\u0161ki prehod, Gustavo Manrique, ob podpori okoljskih ministrov z vsega sveta najavlja leto\u0161nji [&hellip;]","og_url":"https:\/\/izo.si\/en\/sporocilo-za-javnost-ob-svetovnem-dnevu-ekoloskega-dolga-2022\/","og_site_name":"IZO","article_published_time":"2022-07-28T09:00:23+00:00","article_modified_time":"2022-07-28T09:02:11+00:00","og_image":[{"width":768,"height":768,"url":"https:\/\/izo.si\/wp-content\/uploads\/2022\/07\/Svetovni-dan-ekoloskega-dolga-je-28.-julij-2022-1-768x768.png","type":"image\/png"}],"author":"info@izo.si","twitter_card":"summary_large_image","twitter_misc":{"Written by":"info@izo.si","Estimated reading time":"7 minutes"},"schema":{"@context":"https:\/\/schema.org","@graph":[{"@type":"Article","@id":"https:\/\/izo.si\/sporocilo-za-javnost-ob-svetovnem-dnevu-ekoloskega-dolga-2022\/#article","isPartOf":{"@id":"https:\/\/izo.si\/sporocilo-za-javnost-ob-svetovnem-dnevu-ekoloskega-dolga-2022\/"},"author":{"name":"info@izo.si","@id":"https:\/\/izo.si\/#\/schema\/person\/7c1d308fe359416255fc3003e716015d"},"headline":"Sporo\u010dilo za javnost ob svetovnem dnevu ekolo\u0161kega dolga 2022","datePublished":"2022-07-28T09:00:23+00:00","dateModified":"2022-07-28T09:02:11+00:00","mainEntityOfPage":{"@id":"https:\/\/izo.si\/sporocilo-za-javnost-ob-svetovnem-dnevu-ekoloskega-dolga-2022\/"},"wordCount":1414,"publisher":{"@id":"https:\/\/izo.si\/#organization"},"image":{"@id":"https:\/\/izo.si\/sporocilo-za-javnost-ob-svetovnem-dnevu-ekoloskega-dolga-2022\/#primaryimage"},"thumbnailUrl":"https:\/\/izo.si\/wp-content\/uploads\/2022\/07\/Svetovni-dan-ekoloskega-dolga-je-28.-julij-2022-1.png","articleSection":["Novice"],"inLanguage":"en-GB"},{"@type":"WebPage","@id":"https:\/\/izo.si\/sporocilo-za-javnost-ob-svetovnem-dnevu-ekoloskega-dolga-2022\/","url":"https:\/\/izo.si\/sporocilo-za-javnost-ob-svetovnem-dnevu-ekoloskega-dolga-2022\/","name":"Sporo\u010dilo za javnost ob svetovnem dnevu ekolo\u0161kega dolga 2022 - IZO","isPartOf":{"@id":"https:\/\/izo.si\/#website"},"primaryImageOfPage":{"@id":"https:\/\/izo.si\/sporocilo-za-javnost-ob-svetovnem-dnevu-ekoloskega-dolga-2022\/#primaryimage"},"image":{"@id":"https:\/\/izo.si\/sporocilo-za-javnost-ob-svetovnem-dnevu-ekoloskega-dolga-2022\/#primaryimage"},"thumbnailUrl":"https:\/\/izo.si\/wp-content\/uploads\/2022\/07\/Svetovni-dan-ekoloskega-dolga-je-28.-julij-2022-1.png","datePublished":"2022-07-28T09:00:23+00:00","dateModified":"2022-07-28T09:02:11+00:00","breadcrumb":{"@id":"https:\/\/izo.si\/sporocilo-za-javnost-ob-svetovnem-dnevu-ekoloskega-dolga-2022\/#breadcrumb"},"inLanguage":"en-GB","potentialAction":[{"@type":"ReadAction","target":["https:\/\/izo.si\/sporocilo-za-javnost-ob-svetovnem-dnevu-ekoloskega-dolga-2022\/"]}]},{"@type":"ImageObject","inLanguage":"en-GB","@id":"https:\/\/izo.si\/sporocilo-za-javnost-ob-svetovnem-dnevu-ekoloskega-dolga-2022\/#primaryimage","url":"https:\/\/izo.si\/wp-content\/uploads\/2022\/07\/Svetovni-dan-ekoloskega-dolga-je-28.-julij-2022-1.png","contentUrl":"https:\/\/izo.si\/wp-content\/uploads\/2022\/07\/Svetovni-dan-ekoloskega-dolga-je-28.-julij-2022-1.png","width":1080,"height":1080},{"@type":"BreadcrumbList","@id":"https:\/\/izo.si\/sporocilo-za-javnost-ob-svetovnem-dnevu-ekoloskega-dolga-2022\/#breadcrumb","itemListElement":[{"@type":"ListItem","position":1,"name":"Home","item":"https:\/\/izo.si\/"},{"@type":"ListItem","position":2,"name":"Sporo\u010dilo za javnost ob svetovnem dnevu ekolo\u0161kega dolga 2022"}]},{"@type":"WebSite","@id":"https:\/\/izo.si\/#website","url":"https:\/\/izo.si\/","name":"IZO","description":"Institute for Health and Environment","publisher":{"@id":"https:\/\/izo.si\/#organization"},"potentialAction":[{"@type":"SearchAction","target":{"@type":"EntryPoint","urlTemplate":"https:\/\/izo.si\/?s={search_term_string}"},"query-input":{"@type":"PropertyValueSpecification","valueRequired":true,"valueName":"search_term_string"}}],"inLanguage":"en-GB"},{"@type":"Organization","@id":"https:\/\/izo.si\/#organization","name":"IZO","url":"https:\/\/izo.si\/","logo":{"@type":"ImageObject","inLanguage":"en-GB","@id":"https:\/\/izo.si\/#\/schema\/logo\/image\/","url":"https:\/\/izo.si\/wp-content\/uploads\/2021\/01\/izo-logo@2x.png","contentUrl":"https:\/\/izo.si\/wp-content\/uploads\/2021\/01\/izo-logo@2x.png","width":262,"height":139,"caption":"IZO"},"image":{"@id":"https:\/\/izo.si\/#\/schema\/logo\/image\/"}},{"@type":"Person","@id":"https:\/\/izo.si\/#\/schema\/person\/7c1d308fe359416255fc3003e716015d","name":"info@izo.si","image":{"@type":"ImageObject","inLanguage":"en-GB","@id":"https:\/\/izo.si\/#\/schema\/person\/image\/","url":"https:\/\/secure.gravatar.com\/avatar\/6119564cb294b108df0fe93b796cfc2f405adef8ccb4e9788179335543b4f393?s=96&d=mm&r=g","contentUrl":"https:\/\/secure.gravatar.com\/avatar\/6119564cb294b108df0fe93b796cfc2f405adef8ccb4e9788179335543b4f393?s=96&d=mm&r=g","caption":"info@izo.si"},"url":"https:\/\/izo.si\/en\/author\/infoizo-si\/"}]}},"_links":{"self":[{"href":"https:\/\/izo.si\/en\/wp-json\/wp\/v2\/posts\/3166","targetHints":{"allow":["GET"]}}],"collection":[{"href":"https:\/\/izo.si\/en\/wp-json\/wp\/v2\/posts"}],"about":[{"href":"https:\/\/izo.si\/en\/wp-json\/wp\/v2\/types\/post"}],"author":[{"embeddable":true,"href":"https:\/\/izo.si\/en\/wp-json\/wp\/v2\/users\/8"}],"replies":[{"embeddable":true,"href":"https:\/\/izo.si\/en\/wp-json\/wp\/v2\/comments?post=3166"}],"version-history":[{"count":4,"href":"https:\/\/izo.si\/en\/wp-json\/wp\/v2\/posts\/3166\/revisions"}],"predecessor-version":[{"id":3173,"href":"https:\/\/izo.si\/en\/wp-json\/wp\/v2\/posts\/3166\/revisions\/3173"}],"wp:featuredmedia":[{"embeddable":true,"href":"https:\/\/izo.si\/en\/wp-json\/wp\/v2\/media\/3168"}],"wp:attachment":[{"href":"https:\/\/izo.si\/en\/wp-json\/wp\/v2\/media?parent=3166"}],"wp:term":[{"taxonomy":"category","embeddable":true,"href":"https:\/\/izo.si\/en\/wp-json\/wp\/v2\/categories?post=3166"},{"taxonomy":"post_tag","embeddable":true,"href":"https:\/\/izo.si\/en\/wp-json\/wp\/v2\/tags?post=3166"}],"curies":[{"name":"wp","href":"https:\/\/api.w.org\/{rel}","templated":true}]}}