{"id":3133,"date":"2022-07-05T16:35:39","date_gmt":"2022-07-05T14:35:39","guid":{"rendered":"https:\/\/izo.si\/?p=3133"},"modified":"2022-07-06T16:24:44","modified_gmt":"2022-07-06T14:24:44","slug":"poletna-sola-o-podnebnih-spremembah-in-trajnosti","status":"publish","type":"post","link":"https:\/\/izo.si\/en\/poletna-sola-o-podnebnih-spremembah-in-trajnosti\/","title":{"rendered":"Poletna \u0161ola o podnebnih spremembah in trajnosti"},"content":{"rendered":"<p>Na Filozofski fakulteti Univerze v Ljubljani te dni poteka poletna \u0161ola o podnebnih spremembah in trajnosti, ki jo organizira In\u0161titut za zdravje in okolje v partnerstvu z Oddelkom za geografijo Filozofske fakultete Univerze v Ljubljani ter nekaterimi drugimi doma\u010dimi in tujimi organizacijami.<\/p>\n\n\n\n<p>Dogodek je organiziran v sklopu projekta <a href=\"https:\/\/sustainaware.net\/\">Sustainaware<\/a>, ki je del Evropske pobude za podnebje (EUKI) v okviru nem\u0161kega Zveznega ministrstva za gospodarske zadeve in podnebne ukrepe, sofinancira pa ga tudi Evropska unija. Cilj projekta je opolnomo\u010denje mladih, \u0161tudentov, mladinskih delavcev, nevladnih organizacij in socialnih podjetij na podro\u010dju podnebnih sprememb, njihovega bla\u017eenja in trajnostnega razvoja.<\/p>\n\n\n\n<p><\/p>\n\n\n\n<h3 class=\"wp-block-heading\">Ponedeljek, 4. julij<\/h3>\n\n\n\n<p>V ponedeljek, 4. julija, smo tako sprejeli udele\u017eence, ki prihajajo iz Francije, Mad\u017earske, Italije, Hrva\u0161ke in Slovenije. Nagovorila jih je dekanja Filozofske fakultete, red. prof. dr. Mojca Schlamberger Brezar, ki je izpostavila pomembnost in tradicijo same fakultete ter programov, ki se \u017ee vrsto let izvajajo tudi v povezavi s trajnostnim razvojem in problematiko podnebnih sprememb.<\/p>\n\n\n<div class=\"wp-block-image\">\n<figure class=\"aligncenter size-large is-resized\"><img fetchpriority=\"high\" decoding=\"async\" src=\"https:\/\/izo.si\/wp-content\/uploads\/2022\/07\/Screen-Shot-2022-07-05-at-16.30.55-1024x730.png\" alt=\"\" class=\"wp-image-3138\" width=\"768\" height=\"548\" srcset=\"https:\/\/izo.si\/wp-content\/uploads\/2022\/07\/Screen-Shot-2022-07-05-at-16.30.55-1024x730.png 1024w, https:\/\/izo.si\/wp-content\/uploads\/2022\/07\/Screen-Shot-2022-07-05-at-16.30.55-300x214.png 300w, https:\/\/izo.si\/wp-content\/uploads\/2022\/07\/Screen-Shot-2022-07-05-at-16.30.55-768x548.png 768w, https:\/\/izo.si\/wp-content\/uploads\/2022\/07\/Screen-Shot-2022-07-05-at-16.30.55.png 1119w\" sizes=\"(max-width: 768px) 100vw, 768px\" \/><figcaption><em>Red. prof. dr. Mojca Schlamberger Brezar med uvodnim nagovorom<\/em><\/figcaption><\/figure>\n<\/div>\n\n\n<p><\/p>\n\n\n\n<h3 class=\"wp-block-heading\">Torek, 5. julij<\/h3>\n\n\n\n<p>Naslednji dan, v torek, 5. julija, se je program po uvodnem pozdravu za\u010del s predavanjem <strong>The Nexus of Sustainable Development and Climate Change: The Case of Slovenia<\/strong>, ki ga je izvedla <strong>izr. prof. dr. Katja Vintar Mally<\/strong> z Oddelka za geografijo Filozofske fakultete Univerze v Ljubljani. Med predavanjem je izpostavila stanje in izzive trajnostnega razvoja v Sloveniji v povezavi s podnebnimi spremembami.<\/p>\n\n\n<div class=\"wp-block-image\">\n<figure class=\"aligncenter size-large is-resized\"><img decoding=\"async\" src=\"https:\/\/izo.si\/wp-content\/uploads\/2022\/07\/DSC_0069-1024x683.jpg\" alt=\"\" class=\"wp-image-3139\" width=\"768\" height=\"512\" srcset=\"https:\/\/izo.si\/wp-content\/uploads\/2022\/07\/DSC_0069-1024x683.jpg 1024w, https:\/\/izo.si\/wp-content\/uploads\/2022\/07\/DSC_0069-300x200.jpg 300w, https:\/\/izo.si\/wp-content\/uploads\/2022\/07\/DSC_0069-768x512.jpg 768w, https:\/\/izo.si\/wp-content\/uploads\/2022\/07\/DSC_0069-1536x1024.jpg 1536w, https:\/\/izo.si\/wp-content\/uploads\/2022\/07\/DSC_0069-2048x1365.jpg 2048w\" sizes=\"(max-width: 768px) 100vw, 768px\" \/><figcaption><em>Izr. prof. dr. Katja Vintar Mally med predavanjem<\/em><\/figcaption><\/figure>\n<\/div>\n\n\n<p><\/p>\n\n\n\n<p>Sledila je delavnica z naslovom <strong>Climate Change and Sustainability from a Biodiversity Perspective<\/strong>. <strong>Aleksandra Khirv<\/strong> iz organizacije CEEWeb for Biodiversity je udele\u017eencem s pomo\u010djo igre Terra Futura predala znanje s podro\u010dij, kot so biodiverziteta in podnebne spremembe.<\/p>\n\n\n\n<p>Po kosilu se je odvila delavnica <strong>The Climate Fresk<\/strong>, ki sta jo izvedla <strong>R\u00e9mi Poupinet<\/strong> iz organizacije Seeding the Future ter <strong>Boris Ani\u0107 <\/strong>iz \u0160kole.hr. Na delavnici sta skozi delo v skupinah in s pomo\u010djo interaktivnih metod predstavila kompleksnost ter povezljivost podnebnih sprememb z razli\u010dnimi vidiki naravnih in dru\u017ebenih procesov na na\u0161em planetu.<\/p>\n\n\n\n<figure class=\"wp-block-gallery has-nested-images columns-default is-cropped wp-block-gallery-1 is-layout-flex wp-block-gallery-is-layout-flex\">\n<figure class=\"wp-block-image size-large\"><img decoding=\"async\" width=\"1024\" height=\"683\" data-id=\"3142\" src=\"https:\/\/izo.si\/wp-content\/uploads\/2022\/07\/DSC_0154-1024x683.jpg\" alt=\"\" class=\"wp-image-3142\" srcset=\"https:\/\/izo.si\/wp-content\/uploads\/2022\/07\/DSC_0154-1024x683.jpg 1024w, https:\/\/izo.si\/wp-content\/uploads\/2022\/07\/DSC_0154-300x200.jpg 300w, https:\/\/izo.si\/wp-content\/uploads\/2022\/07\/DSC_0154-768x512.jpg 768w, https:\/\/izo.si\/wp-content\/uploads\/2022\/07\/DSC_0154-1536x1024.jpg 1536w, https:\/\/izo.si\/wp-content\/uploads\/2022\/07\/DSC_0154-2048x1365.jpg 2048w\" sizes=\"(max-width: 1024px) 100vw, 1024px\" \/><\/figure>\n\n\n\n<figure class=\"wp-block-image size-large\"><img loading=\"lazy\" decoding=\"async\" width=\"1024\" height=\"683\" data-id=\"3140\" src=\"https:\/\/izo.si\/wp-content\/uploads\/2022\/07\/DSC_0107-1024x683.jpg\" alt=\"\" class=\"wp-image-3140\" srcset=\"https:\/\/izo.si\/wp-content\/uploads\/2022\/07\/DSC_0107-1024x683.jpg 1024w, https:\/\/izo.si\/wp-content\/uploads\/2022\/07\/DSC_0107-300x200.jpg 300w, https:\/\/izo.si\/wp-content\/uploads\/2022\/07\/DSC_0107-768x512.jpg 768w, https:\/\/izo.si\/wp-content\/uploads\/2022\/07\/DSC_0107-1536x1024.jpg 1536w, https:\/\/izo.si\/wp-content\/uploads\/2022\/07\/DSC_0107-2048x1365.jpg 2048w\" sizes=\"(max-width: 1024px) 100vw, 1024px\" \/><\/figure>\n\n\n\n<figure class=\"wp-block-image size-large\"><img loading=\"lazy\" decoding=\"async\" width=\"2560\" height=\"1707\" data-id=\"3148\" src=\"https:\/\/izo.si\/wp-content\/uploads\/2022\/07\/DSC_0022-scaled.jpg\" alt=\"\" class=\"wp-image-3148\" srcset=\"https:\/\/izo.si\/wp-content\/uploads\/2022\/07\/DSC_0022-scaled.jpg 2560w, https:\/\/izo.si\/wp-content\/uploads\/2022\/07\/DSC_0022-300x200.jpg 300w, https:\/\/izo.si\/wp-content\/uploads\/2022\/07\/DSC_0022-1024x683.jpg 1024w, https:\/\/izo.si\/wp-content\/uploads\/2022\/07\/DSC_0022-768x512.jpg 768w, https:\/\/izo.si\/wp-content\/uploads\/2022\/07\/DSC_0022-1536x1024.jpg 1536w, https:\/\/izo.si\/wp-content\/uploads\/2022\/07\/DSC_0022-2048x1365.jpg 2048w\" sizes=\"(max-width: 2560px) 100vw, 2560px\" \/><\/figure>\n<\/figure>\n\n\n\n<p>Zve\u010der si bodo udele\u017eenci s profesorjem dr. Dejanom Rebernikom ogledali Ljubljano ter tako spoznali slovensko prestolnico z geografskih in turisti\u010dnih vidikov.<\/p>\n\n\n\n<p>Nadaljujemo jutri!<\/p>\n\n\n\n<h3 class=\"wp-block-heading\">Sreda, 6. julij<\/h3>\n\n\n\n<p>Danes se nam je na poletni \u0161oli pridru\u017eil dr. Alessandro Galli iz organizacije <a href=\"https:\/\/www.footprintnetwork.org\/\">Global Footprint Network<\/a>. V prvem delu svojega predavanja je udele\u017eencem predstavil ekolo\u0161ki odtis, ki velja za enega izmed najbolj celostnih kazalnikov trajnosti, okoljske razse\u017enosti razvoja in pritiskov \u010dloveka na ekosisteme. Dr. Galli je uvodoma moderiral kraj\u0161o simulacijo, rezultati katere so bili uporabljeni v kasnej\u0161em vsebinskem predavanju. <\/p>\n\n\n<div class=\"wp-block-image\">\n<figure class=\"aligncenter size-large is-resized\"><img loading=\"lazy\" decoding=\"async\" src=\"https:\/\/izo.si\/wp-content\/uploads\/2022\/07\/DSC_0412-1024x683.jpg\" alt=\"\" class=\"wp-image-3152\" width=\"768\" height=\"512\" srcset=\"https:\/\/izo.si\/wp-content\/uploads\/2022\/07\/DSC_0412-1024x683.jpg 1024w, https:\/\/izo.si\/wp-content\/uploads\/2022\/07\/DSC_0412-300x200.jpg 300w, https:\/\/izo.si\/wp-content\/uploads\/2022\/07\/DSC_0412-768x512.jpg 768w, https:\/\/izo.si\/wp-content\/uploads\/2022\/07\/DSC_0412-1536x1024.jpg 1536w, https:\/\/izo.si\/wp-content\/uploads\/2022\/07\/DSC_0412-2048x1365.jpg 2048w\" sizes=\"(max-width: 768px) 100vw, 768px\" \/><figcaption>Dr. Alessandro Galli je udele\u017eence s pomo\u010djo simulacije pripravil na vsebinsko predavanje<\/figcaption><\/figure>\n<\/div>\n\n\n<p><\/p>\n\n\n\n<p>Zadnji del vsebinskega dela predavanja je bil namenjen izra\u010dunu in analiziranju rezultatov osebnega ekolo\u0161kega odtisa udele\u017eencev. Navzo\u010di so tako lahko spoznali, kateri vidiki njihovega \u017eivljenjskega sloga najbolj prispevajo k vrednosti odtisa. To je mogo\u010de s pomo\u010djo kalkulatorja ekolo\u0161kega odtisa, ki ga je razvila organizacija Global Footprint Network, za Slovenijo pa ga je prevedel in prilagodil In\u0161titut za zdravje in okolje. Vabljeni, da tudi sami <a href=\"https:\/\/izo.si\/en\/izracunaj-ekoloski-odtis\/\">preverite<\/a>, koliko planetov Zemlja bi potrebovali, \u010de bi vsi \u017eiveli tako kot vi!<\/p>\n\n\n\n<p><\/p>\n\n\n\n<p>Ob koncu zanimivega dopoldneva so se udele\u017eenci odpravili na ve\u010d kot zaslu\u017eeno kosilo, po katerem je sledil popoldanski del z delavnicami. Viktor J\u00f3sa in Cristhian Molina iz organizacije <a href=\"https:\/\/www.weareclimates.org\/?lang=en\">CliMates<\/a> sta za udele\u017eence pripravila zanimivo interaktivno izobra\u017eevanje o podnebnih pogajanjih, v okviru katerega so se lahko udele\u017eenci preizkusili v razli\u010dnih vlogah dele\u017enikov, ki so del podnebnega procesa.<\/p>\n\n\n<div class=\"wp-block-image\">\n<figure class=\"aligncenter size-large is-resized\"><img loading=\"lazy\" decoding=\"async\" src=\"https:\/\/izo.si\/wp-content\/uploads\/2022\/07\/DSC_0467-1024x683.jpg\" alt=\"\" class=\"wp-image-3153\" width=\"768\" height=\"512\" srcset=\"https:\/\/izo.si\/wp-content\/uploads\/2022\/07\/DSC_0467-1024x683.jpg 1024w, https:\/\/izo.si\/wp-content\/uploads\/2022\/07\/DSC_0467-300x200.jpg 300w, https:\/\/izo.si\/wp-content\/uploads\/2022\/07\/DSC_0467-768x512.jpg 768w, https:\/\/izo.si\/wp-content\/uploads\/2022\/07\/DSC_0467-1536x1024.jpg 1536w, https:\/\/izo.si\/wp-content\/uploads\/2022\/07\/DSC_0467-2048x1365.jpg 2048w\" sizes=\"(max-width: 768px) 100vw, 768px\" \/><figcaption>Viktor J\u00f3sa in Cristhian Molina iz organizacije CliMates<\/figcaption><\/figure>\n<\/div>\n\n\n<p><\/p>\n\n\n\n<p>Zaklju\u010dek delavnice pa je pomenil tudi zaklju\u010dek poletne \u0161ole Sustainaware. Udele\u017eenci so ob uspe\u0161nem zaklju\u010dku prejeli tudi certifikat, ki jih bo spominjal na prijetne dni, pre\u017eivete v na\u0161i prestolnici.\u00a0<\/p>\n\n\n\n<figure class=\"wp-block-gallery has-nested-images columns-default is-cropped wp-block-gallery-2 is-layout-flex wp-block-gallery-is-layout-flex\">\n<figure class=\"wp-block-image size-large\"><img loading=\"lazy\" decoding=\"async\" width=\"1024\" height=\"683\" data-id=\"3155\" src=\"https:\/\/izo.si\/wp-content\/uploads\/2022\/07\/DSC_0385-1024x683.jpg\" alt=\"\" class=\"wp-image-3155\" srcset=\"https:\/\/izo.si\/wp-content\/uploads\/2022\/07\/DSC_0385-1024x683.jpg 1024w, https:\/\/izo.si\/wp-content\/uploads\/2022\/07\/DSC_0385-300x200.jpg 300w, https:\/\/izo.si\/wp-content\/uploads\/2022\/07\/DSC_0385-768x512.jpg 768w, https:\/\/izo.si\/wp-content\/uploads\/2022\/07\/DSC_0385-1536x1024.jpg 1536w, https:\/\/izo.si\/wp-content\/uploads\/2022\/07\/DSC_0385-2048x1365.jpg 2048w\" sizes=\"(max-width: 1024px) 100vw, 1024px\" \/><\/figure>\n\n\n\n<figure class=\"wp-block-image size-large\"><img loading=\"lazy\" decoding=\"async\" width=\"1024\" height=\"683\" data-id=\"3156\" src=\"https:\/\/izo.si\/wp-content\/uploads\/2022\/07\/DSC_0395-1024x683.jpg\" alt=\"\" class=\"wp-image-3156\" srcset=\"https:\/\/izo.si\/wp-content\/uploads\/2022\/07\/DSC_0395-1024x683.jpg 1024w, https:\/\/izo.si\/wp-content\/uploads\/2022\/07\/DSC_0395-300x200.jpg 300w, https:\/\/izo.si\/wp-content\/uploads\/2022\/07\/DSC_0395-768x512.jpg 768w, https:\/\/izo.si\/wp-content\/uploads\/2022\/07\/DSC_0395-1536x1024.jpg 1536w, https:\/\/izo.si\/wp-content\/uploads\/2022\/07\/DSC_0395-2048x1365.jpg 2048w\" sizes=\"(max-width: 1024px) 100vw, 1024px\" \/><\/figure>\n\n\n\n<figure class=\"wp-block-image size-large\"><img loading=\"lazy\" decoding=\"async\" width=\"1024\" height=\"683\" data-id=\"3154\" src=\"https:\/\/izo.si\/wp-content\/uploads\/2022\/07\/DSC_0492-1024x683.jpg\" alt=\"\" class=\"wp-image-3154\" srcset=\"https:\/\/izo.si\/wp-content\/uploads\/2022\/07\/DSC_0492-1024x683.jpg 1024w, https:\/\/izo.si\/wp-content\/uploads\/2022\/07\/DSC_0492-300x200.jpg 300w, https:\/\/izo.si\/wp-content\/uploads\/2022\/07\/DSC_0492-768x512.jpg 768w, https:\/\/izo.si\/wp-content\/uploads\/2022\/07\/DSC_0492-1536x1024.jpg 1536w, https:\/\/izo.si\/wp-content\/uploads\/2022\/07\/DSC_0492-2048x1365.jpg 2048w\" sizes=\"(max-width: 1024px) 100vw, 1024px\" \/><\/figure>\n<\/figure>\n\n\n\n<p>Jutri pa za\u010denjamo \u017ee z mednarodnim mladinskim vrhom o podnebnih spremembah!<\/p>","protected":false},"excerpt":{"rendered":"<p>Na Filozofski fakulteti Univerze v Ljubljani te dni poteka poletna \u0161ola o podnebnih spremembah in trajnosti, ki jo organizira In\u0161titut za zdravje in okolje v partnerstvu z Oddelkom za geografijo Filozofske fakultete Univerze v Ljubljani ter nekaterimi drugimi doma\u010dimi in tujimi organizacijami. Dogodek je organiziran v sklopu projekta Sustainaware, ki je del Evropske pobude za [&hellip;]<\/p>","protected":false},"author":8,"featured_media":3143,"comment_status":"closed","ping_status":"closed","sticky":false,"template":"","format":"standard","meta":{"_monsterinsights_skip_tracking":false,"_monsterinsights_sitenote_active":false,"_monsterinsights_sitenote_note":"","_monsterinsights_sitenote_category":0,"_uf_show_specific_survey":0,"_uf_disable_surveys":false,"footnotes":""},"categories":[7],"tags":[],"class_list":["post-3133","post","type-post","status-publish","format-standard","has-post-thumbnail","hentry","category-novice"],"aioseo_notices":[],"yoast_head":"<!-- This site is optimized with the Yoast SEO plugin v24.5 - https:\/\/yoast.com\/wordpress\/plugins\/seo\/ -->\n<title>Poletna \u0161ola o podnebnih spremembah in trajnosti - IZO<\/title>\n<meta name=\"robots\" content=\"index, follow, max-snippet:-1, max-image-preview:large, max-video-preview:-1\" \/>\n<link rel=\"canonical\" href=\"https:\/\/izo.si\/en\/poletna-sola-o-podnebnih-spremembah-in-trajnosti\/\" \/>\n<meta property=\"og:locale\" content=\"en_GB\" \/>\n<meta property=\"og:type\" content=\"article\" \/>\n<meta property=\"og:title\" content=\"Poletna \u0161ola o podnebnih spremembah in trajnosti - IZO\" \/>\n<meta property=\"og:description\" content=\"Na Filozofski fakulteti Univerze v Ljubljani te dni poteka poletna \u0161ola o podnebnih spremembah in trajnosti, ki jo organizira In\u0161titut za zdravje in okolje v partnerstvu z Oddelkom za geografijo Filozofske fakultete Univerze v Ljubljani ter nekaterimi drugimi doma\u010dimi in tujimi organizacijami. Dogodek je organiziran v sklopu projekta Sustainaware, ki je del Evropske pobude za [&hellip;]\" \/>\n<meta property=\"og:url\" content=\"https:\/\/izo.si\/en\/poletna-sola-o-podnebnih-spremembah-in-trajnosti\/\" \/>\n<meta property=\"og:site_name\" content=\"IZO\" \/>\n<meta property=\"article:published_time\" content=\"2022-07-05T14:35:39+00:00\" \/>\n<meta property=\"article:modified_time\" content=\"2022-07-06T14:24:44+00:00\" \/>\n<meta property=\"og:image\" content=\"https:\/\/izo.si\/wp-content\/uploads\/2022\/07\/DSC_0185-1-scaled.jpg\" \/>\n\t<meta property=\"og:image:width\" content=\"2560\" \/>\n\t<meta property=\"og:image:height\" content=\"1707\" \/>\n\t<meta property=\"og:image:type\" content=\"image\/jpeg\" \/>\n<meta name=\"author\" content=\"info@izo.si\" \/>\n<meta name=\"twitter:card\" content=\"summary_large_image\" \/>\n<meta name=\"twitter:label1\" content=\"Written by\" \/>\n\t<meta name=\"twitter:data1\" content=\"info@izo.si\" \/>\n\t<meta name=\"twitter:label2\" content=\"Estimated reading time\" \/>\n\t<meta name=\"twitter:data2\" content=\"3 minutes\" \/>\n<script type=\"application\/ld+json\" class=\"yoast-schema-graph\">{\"@context\":\"https:\/\/schema.org\",\"@graph\":[{\"@type\":\"Article\",\"@id\":\"https:\/\/izo.si\/en\/poletna-sola-o-podnebnih-spremembah-in-trajnosti\/#article\",\"isPartOf\":{\"@id\":\"https:\/\/izo.si\/en\/poletna-sola-o-podnebnih-spremembah-in-trajnosti\/\"},\"author\":{\"name\":\"info@izo.si\",\"@id\":\"https:\/\/izo.si\/#\/schema\/person\/7c1d308fe359416255fc3003e716015d\"},\"headline\":\"Poletna \u0161ola o podnebnih spremembah in trajnosti\",\"datePublished\":\"2022-07-05T14:35:39+00:00\",\"dateModified\":\"2022-07-06T14:24:44+00:00\",\"mainEntityOfPage\":{\"@id\":\"https:\/\/izo.si\/en\/poletna-sola-o-podnebnih-spremembah-in-trajnosti\/\"},\"wordCount\":661,\"publisher\":{\"@id\":\"https:\/\/izo.si\/#organization\"},\"image\":{\"@id\":\"https:\/\/izo.si\/en\/poletna-sola-o-podnebnih-spremembah-in-trajnosti\/#primaryimage\"},\"thumbnailUrl\":\"https:\/\/izo.si\/wp-content\/uploads\/2022\/07\/DSC_0185-1-scaled.jpg\",\"articleSection\":[\"Novice\"],\"inLanguage\":\"en-GB\"},{\"@type\":\"WebPage\",\"@id\":\"https:\/\/izo.si\/en\/poletna-sola-o-podnebnih-spremembah-in-trajnosti\/\",\"url\":\"https:\/\/izo.si\/en\/poletna-sola-o-podnebnih-spremembah-in-trajnosti\/\",\"name\":\"Poletna \u0161ola o podnebnih spremembah in trajnosti - IZO\",\"isPartOf\":{\"@id\":\"https:\/\/izo.si\/#website\"},\"primaryImageOfPage\":{\"@id\":\"https:\/\/izo.si\/en\/poletna-sola-o-podnebnih-spremembah-in-trajnosti\/#primaryimage\"},\"image\":{\"@id\":\"https:\/\/izo.si\/en\/poletna-sola-o-podnebnih-spremembah-in-trajnosti\/#primaryimage\"},\"thumbnailUrl\":\"https:\/\/izo.si\/wp-content\/uploads\/2022\/07\/DSC_0185-1-scaled.jpg\",\"datePublished\":\"2022-07-05T14:35:39+00:00\",\"dateModified\":\"2022-07-06T14:24:44+00:00\",\"breadcrumb\":{\"@id\":\"https:\/\/izo.si\/en\/poletna-sola-o-podnebnih-spremembah-in-trajnosti\/#breadcrumb\"},\"inLanguage\":\"en-GB\",\"potentialAction\":[{\"@type\":\"ReadAction\",\"target\":[\"https:\/\/izo.si\/en\/poletna-sola-o-podnebnih-spremembah-in-trajnosti\/\"]}]},{\"@type\":\"ImageObject\",\"inLanguage\":\"en-GB\",\"@id\":\"https:\/\/izo.si\/en\/poletna-sola-o-podnebnih-spremembah-in-trajnosti\/#primaryimage\",\"url\":\"https:\/\/izo.si\/wp-content\/uploads\/2022\/07\/DSC_0185-1-scaled.jpg\",\"contentUrl\":\"https:\/\/izo.si\/wp-content\/uploads\/2022\/07\/DSC_0185-1-scaled.jpg\",\"width\":2560,\"height\":1707},{\"@type\":\"BreadcrumbList\",\"@id\":\"https:\/\/izo.si\/en\/poletna-sola-o-podnebnih-spremembah-in-trajnosti\/#breadcrumb\",\"itemListElement\":[{\"@type\":\"ListItem\",\"position\":1,\"name\":\"Home\",\"item\":\"https:\/\/izo.si\/\"},{\"@type\":\"ListItem\",\"position\":2,\"name\":\"Poletna \u0161ola o podnebnih spremembah in trajnosti\"}]},{\"@type\":\"WebSite\",\"@id\":\"https:\/\/izo.si\/#website\",\"url\":\"https:\/\/izo.si\/\",\"name\":\"IZO\",\"description\":\"In\u0161titut za zdravje in okolje\",\"publisher\":{\"@id\":\"https:\/\/izo.si\/#organization\"},\"potentialAction\":[{\"@type\":\"SearchAction\",\"target\":{\"@type\":\"EntryPoint\",\"urlTemplate\":\"https:\/\/izo.si\/?s={search_term_string}\"},\"query-input\":{\"@type\":\"PropertyValueSpecification\",\"valueRequired\":true,\"valueName\":\"search_term_string\"}}],\"inLanguage\":\"en-GB\"},{\"@type\":\"Organization\",\"@id\":\"https:\/\/izo.si\/#organization\",\"name\":\"IZO\",\"url\":\"https:\/\/izo.si\/\",\"logo\":{\"@type\":\"ImageObject\",\"inLanguage\":\"en-GB\",\"@id\":\"https:\/\/izo.si\/#\/schema\/logo\/image\/\",\"url\":\"https:\/\/izo.si\/wp-content\/uploads\/2021\/01\/izo-logo@2x.png\",\"contentUrl\":\"https:\/\/izo.si\/wp-content\/uploads\/2021\/01\/izo-logo@2x.png\",\"width\":262,\"height\":139,\"caption\":\"IZO\"},\"image\":{\"@id\":\"https:\/\/izo.si\/#\/schema\/logo\/image\/\"}},{\"@type\":\"Person\",\"@id\":\"https:\/\/izo.si\/#\/schema\/person\/7c1d308fe359416255fc3003e716015d\",\"name\":\"info@izo.si\",\"image\":{\"@type\":\"ImageObject\",\"inLanguage\":\"en-GB\",\"@id\":\"https:\/\/izo.si\/#\/schema\/person\/image\/\",\"url\":\"https:\/\/secure.gravatar.com\/avatar\/6119564cb294b108df0fe93b796cfc2f405adef8ccb4e9788179335543b4f393?s=96&d=mm&r=g\",\"contentUrl\":\"https:\/\/secure.gravatar.com\/avatar\/6119564cb294b108df0fe93b796cfc2f405adef8ccb4e9788179335543b4f393?s=96&d=mm&r=g\",\"caption\":\"info@izo.si\"},\"url\":\"https:\/\/izo.si\/en\/author\/infoizo-si\/\"}]}<\/script>\n<!-- \/ Yoast SEO plugin. -->","yoast_head_json":{"title":"Poletna \u0161ola o podnebnih spremembah in trajnosti - IZO","robots":{"index":"index","follow":"follow","max-snippet":"max-snippet:-1","max-image-preview":"max-image-preview:large","max-video-preview":"max-video-preview:-1"},"canonical":"https:\/\/izo.si\/en\/poletna-sola-o-podnebnih-spremembah-in-trajnosti\/","og_locale":"en_GB","og_type":"article","og_title":"Poletna \u0161ola o podnebnih spremembah in trajnosti - IZO","og_description":"Na Filozofski fakulteti Univerze v Ljubljani te dni poteka poletna \u0161ola o podnebnih spremembah in trajnosti, ki jo organizira In\u0161titut za zdravje in okolje v partnerstvu z Oddelkom za geografijo Filozofske fakultete Univerze v Ljubljani ter nekaterimi drugimi doma\u010dimi in tujimi organizacijami. Dogodek je organiziran v sklopu projekta Sustainaware, ki je del Evropske pobude za [&hellip;]","og_url":"https:\/\/izo.si\/en\/poletna-sola-o-podnebnih-spremembah-in-trajnosti\/","og_site_name":"IZO","article_published_time":"2022-07-05T14:35:39+00:00","article_modified_time":"2022-07-06T14:24:44+00:00","og_image":[{"width":2560,"height":1707,"url":"https:\/\/izo.si\/wp-content\/uploads\/2022\/07\/DSC_0185-1-scaled.jpg","type":"image\/jpeg"}],"author":"info@izo.si","twitter_card":"summary_large_image","twitter_misc":{"Written by":"info@izo.si","Estimated reading time":"3 minutes"},"schema":{"@context":"https:\/\/schema.org","@graph":[{"@type":"Article","@id":"https:\/\/izo.si\/en\/poletna-sola-o-podnebnih-spremembah-in-trajnosti\/#article","isPartOf":{"@id":"https:\/\/izo.si\/en\/poletna-sola-o-podnebnih-spremembah-in-trajnosti\/"},"author":{"name":"info@izo.si","@id":"https:\/\/izo.si\/#\/schema\/person\/7c1d308fe359416255fc3003e716015d"},"headline":"Poletna \u0161ola o podnebnih spremembah in trajnosti","datePublished":"2022-07-05T14:35:39+00:00","dateModified":"2022-07-06T14:24:44+00:00","mainEntityOfPage":{"@id":"https:\/\/izo.si\/en\/poletna-sola-o-podnebnih-spremembah-in-trajnosti\/"},"wordCount":661,"publisher":{"@id":"https:\/\/izo.si\/#organization"},"image":{"@id":"https:\/\/izo.si\/en\/poletna-sola-o-podnebnih-spremembah-in-trajnosti\/#primaryimage"},"thumbnailUrl":"https:\/\/izo.si\/wp-content\/uploads\/2022\/07\/DSC_0185-1-scaled.jpg","articleSection":["Novice"],"inLanguage":"en-GB"},{"@type":"WebPage","@id":"https:\/\/izo.si\/en\/poletna-sola-o-podnebnih-spremembah-in-trajnosti\/","url":"https:\/\/izo.si\/en\/poletna-sola-o-podnebnih-spremembah-in-trajnosti\/","name":"Poletna \u0161ola o podnebnih spremembah in trajnosti - IZO","isPartOf":{"@id":"https:\/\/izo.si\/#website"},"primaryImageOfPage":{"@id":"https:\/\/izo.si\/en\/poletna-sola-o-podnebnih-spremembah-in-trajnosti\/#primaryimage"},"image":{"@id":"https:\/\/izo.si\/en\/poletna-sola-o-podnebnih-spremembah-in-trajnosti\/#primaryimage"},"thumbnailUrl":"https:\/\/izo.si\/wp-content\/uploads\/2022\/07\/DSC_0185-1-scaled.jpg","datePublished":"2022-07-05T14:35:39+00:00","dateModified":"2022-07-06T14:24:44+00:00","breadcrumb":{"@id":"https:\/\/izo.si\/en\/poletna-sola-o-podnebnih-spremembah-in-trajnosti\/#breadcrumb"},"inLanguage":"en-GB","potentialAction":[{"@type":"ReadAction","target":["https:\/\/izo.si\/en\/poletna-sola-o-podnebnih-spremembah-in-trajnosti\/"]}]},{"@type":"ImageObject","inLanguage":"en-GB","@id":"https:\/\/izo.si\/en\/poletna-sola-o-podnebnih-spremembah-in-trajnosti\/#primaryimage","url":"https:\/\/izo.si\/wp-content\/uploads\/2022\/07\/DSC_0185-1-scaled.jpg","contentUrl":"https:\/\/izo.si\/wp-content\/uploads\/2022\/07\/DSC_0185-1-scaled.jpg","width":2560,"height":1707},{"@type":"BreadcrumbList","@id":"https:\/\/izo.si\/en\/poletna-sola-o-podnebnih-spremembah-in-trajnosti\/#breadcrumb","itemListElement":[{"@type":"ListItem","position":1,"name":"Home","item":"https:\/\/izo.si\/"},{"@type":"ListItem","position":2,"name":"Poletna \u0161ola o podnebnih spremembah in trajnosti"}]},{"@type":"WebSite","@id":"https:\/\/izo.si\/#website","url":"https:\/\/izo.si\/","name":"IZO","description":"Institute for Health and Environment","publisher":{"@id":"https:\/\/izo.si\/#organization"},"potentialAction":[{"@type":"SearchAction","target":{"@type":"EntryPoint","urlTemplate":"https:\/\/izo.si\/?s={search_term_string}"},"query-input":{"@type":"PropertyValueSpecification","valueRequired":true,"valueName":"search_term_string"}}],"inLanguage":"en-GB"},{"@type":"Organization","@id":"https:\/\/izo.si\/#organization","name":"IZO","url":"https:\/\/izo.si\/","logo":{"@type":"ImageObject","inLanguage":"en-GB","@id":"https:\/\/izo.si\/#\/schema\/logo\/image\/","url":"https:\/\/izo.si\/wp-content\/uploads\/2021\/01\/izo-logo@2x.png","contentUrl":"https:\/\/izo.si\/wp-content\/uploads\/2021\/01\/izo-logo@2x.png","width":262,"height":139,"caption":"IZO"},"image":{"@id":"https:\/\/izo.si\/#\/schema\/logo\/image\/"}},{"@type":"Person","@id":"https:\/\/izo.si\/#\/schema\/person\/7c1d308fe359416255fc3003e716015d","name":"info@izo.si","image":{"@type":"ImageObject","inLanguage":"en-GB","@id":"https:\/\/izo.si\/#\/schema\/person\/image\/","url":"https:\/\/secure.gravatar.com\/avatar\/6119564cb294b108df0fe93b796cfc2f405adef8ccb4e9788179335543b4f393?s=96&d=mm&r=g","contentUrl":"https:\/\/secure.gravatar.com\/avatar\/6119564cb294b108df0fe93b796cfc2f405adef8ccb4e9788179335543b4f393?s=96&d=mm&r=g","caption":"info@izo.si"},"url":"https:\/\/izo.si\/en\/author\/infoizo-si\/"}]}},"_links":{"self":[{"href":"https:\/\/izo.si\/en\/wp-json\/wp\/v2\/posts\/3133","targetHints":{"allow":["GET"]}}],"collection":[{"href":"https:\/\/izo.si\/en\/wp-json\/wp\/v2\/posts"}],"about":[{"href":"https:\/\/izo.si\/en\/wp-json\/wp\/v2\/types\/post"}],"author":[{"embeddable":true,"href":"https:\/\/izo.si\/en\/wp-json\/wp\/v2\/users\/8"}],"replies":[{"embeddable":true,"href":"https:\/\/izo.si\/en\/wp-json\/wp\/v2\/comments?post=3133"}],"version-history":[{"count":7,"href":"https:\/\/izo.si\/en\/wp-json\/wp\/v2\/posts\/3133\/revisions"}],"predecessor-version":[{"id":3159,"href":"https:\/\/izo.si\/en\/wp-json\/wp\/v2\/posts\/3133\/revisions\/3159"}],"wp:featuredmedia":[{"embeddable":true,"href":"https:\/\/izo.si\/en\/wp-json\/wp\/v2\/media\/3143"}],"wp:attachment":[{"href":"https:\/\/izo.si\/en\/wp-json\/wp\/v2\/media?parent=3133"}],"wp:term":[{"taxonomy":"category","embeddable":true,"href":"https:\/\/izo.si\/en\/wp-json\/wp\/v2\/categories?post=3133"},{"taxonomy":"post_tag","embeddable":true,"href":"https:\/\/izo.si\/en\/wp-json\/wp\/v2\/tags?post=3133"}],"curies":[{"name":"wp","href":"https:\/\/api.w.org\/{rel}","templated":true}]}}