{"id":3122,"date":"2022-06-30T13:31:23","date_gmt":"2022-06-30T11:31:23","guid":{"rendered":"https:\/\/izo.si\/?p=3122"},"modified":"2023-08-04T14:00:03","modified_gmt":"2023-08-04T12:00:03","slug":"sporocilo-za-javnost-elektricna-vozila","status":"publish","type":"post","link":"https:\/\/izo.si\/en\/sporocilo-za-javnost-elektricna-vozila\/","title":{"rendered":"SZJ: &#8220;Hitrej\u0161a nadomestitev dizelskih vozil z elektri\u010dnimi bi \u010dlanicam EU letno prihranila ve\u010d kot 9 milijard evrov zdravstvenih stro\u0161kov&#8221;"},"content":{"rendered":"<p>LJUBLJANA, Slovenija; BRUSELJ, Belgija \u2013 30. junij 2022 \u2013 <strong>Nova raziskava CE Delft potrjuje, da so za zmanj\u0161anje izpustov toplogrednih plinov (TGP) iz cestnega prometa in izbolj\u0161anje kakovosti zunanjega zraka<\/strong> <strong>najbolj\u0161a alternativa vozilom na dizelski pogon elektri\u010dna vozila \u2013 tako z vidika \u201cod rezervoarja do kolesa\u201d kot \u201cod izvora do kolesa\u201d. Elektrifikacija voznega parka bi privedla do zmanj\u0161anja onesna\u017eenosti zraka in \u010dlanicam EU samo zaradi zmanj\u0161anja koli\u010din izpustov TGP iz dizelskih vozil prihranila ve\u010d kot 9 milijard evrov zdravstvenih stro\u0161kov letno.<\/strong><\/p>\n\n\n\n<p>Nova raziskava, ki jo je naro\u010dila <a href=\"https:\/\/epha.org\/\"><strong>Evropska zveza za javno zdravje (EPHA)<\/strong><\/a>, razlaga, s katero alternativo vozilom na dizelski pogon bi dosegli najve\u010dje zmanj\u0161anje onesna\u017eeval, ki izvirajo iz prometa \u2013 du\u0161ikovih oksidov (NOx) in trdnih delcev (PM).<\/p>\n\n\n\n<p><em>\u201cLeta 2030 bo poraba dizelskih goriv odgovorna za pribli\u017eno tri \u010detrtine stro\u0161kov, ki bodo nastali zaradi izpustov motoriziranega prometa,\u201d<\/em> pravi avtor poro\u010dila raziskave <strong>Anco Hoen<\/strong> iz <strong>neodvisne raziskovalne skupine CE Delft<\/strong>. <em>\u201cOd vseh alternativ, ki so nam na voljo, nobena ne bo zmanj\u0161ala \u0161kodljivega onesna\u017eevanja in izpustov bolj, kot to lahko storijo elektri\u010dna vozila. To velja tudi, \u010de v zakup vzamemo onesna\u017eevanje zraka, ki je posledica proizvodnje elektri\u010dne energije za vozila.\u201d<\/em><\/p>\n\n\n\n<p>Brez spremembe trenutnih na\u010drtov bodo \u010dlanice EU zaradi skupnih negativnih vplivov onesna\u017eenega zraka (NOx, PM, CO2 in hrup) na javno zdravje, biodiverziteto, stavbe in kmetijstvo vsako leto pla\u010devale dodatnih 45 milijard evrov stro\u0161kov.<\/p>\n\n\n<div class=\"wp-block-image\">\n<figure class=\"aligncenter size-full\"><img fetchpriority=\"high\" decoding=\"async\" width=\"623\" height=\"412\" src=\"https:\/\/izo.si\/wp-content\/uploads\/2022\/06\/Screen-Shot-2022-06-30-at-13.18.30.png\" alt=\"\" class=\"wp-image-3124\" srcset=\"https:\/\/izo.si\/wp-content\/uploads\/2022\/06\/Screen-Shot-2022-06-30-at-13.18.30.png 623w, https:\/\/izo.si\/wp-content\/uploads\/2022\/06\/Screen-Shot-2022-06-30-at-13.18.30-300x198.png 300w\" sizes=\"(max-width: 623px) 100vw, 623px\" \/><\/figure>\n<\/div>\n\n\n<p>Raziskava opozarja, da je pospe\u0161en prehod z dizelskega na elektrificiran vozni park nujen, hkrati pa svari pred posledicami v primeru prelaganja ukrepov.<\/p>\n\n\n\n<p><strong>\u2018Ni\u010delni izpusti nam prihranijo denar in re\u0161ujejo \u017eivljenja\u2019<\/strong><\/p>\n\n\n\n<p>Eden glavnih virov onesna\u017eevanja zunanjega zraka je cestni promet. V Sloveniji skoraj tretjina vseh izpustov toplogrednih plinov izvira iz prometa<sup>1<\/sup> ter negativno vpliva na na\u0161e zdravje, okolje in gospodarstvo. Glavni vir onesna\u017eeval iz cestnega prometa, kot so NO<sub>x<\/sub>, so motorji na notranje izgorevanje. Dr\u017eave s prete\u017eno starej\u0161im voznim parkom, med katere spada tudi Slovenija, so soo\u010dene z ve\u010djimi koli\u010dinami izpustov, posledi\u010dno pa tudi vi\u0161jimi zdravstvenimi stro\u0161ki. V EU zaradi onesna\u017eenega zraka vsako leto prezgodaj umre skoraj 400.000 ljudi (v letu 2019 je zaradi trdnih delcev, izpustov NO<sub>x<\/sub> in prizemeljskega ozona \u017eivljenje izgubilo ve\u010d kot 360.000 ljudi).<sup>2,3<\/sup> Za primerjavo: v letu 2020 je v \u010dlanicah EU podobno \u0161tevilo ljudi (394.801) \u017eivljenje izgubilo zaradi covida-19.<sup>4<\/sup><\/p>\n\n\n\n<p><strong>Doc. dr. Andreja Kukec<\/strong>, predstavnica zdravstvene stroke, opozarja: <em>\u201cIzpostavljenost onesna\u017eevalom, ki nastanejo pri izpustu dizelskih goriv, pove\u010duje tveganje za obolevnost in umrljivost zaradi bolezni dihal, bolezni srca in o\u017eilja ter negativne zdravstvene izide v nose\u010dnosti (npr. prezgodnje rojstvo, nizka porodna te\u017ea novorojen\u010dka). Epidemiolo\u0161ke \u0161tudije so tudi pokazale vi\u0161jo stopnjo izpostavljenosti tistim posameznikom, ki so aktivni v neposredni bli\u017eini prometnic (npr. kolesarji, vozniki osebnih vozil). Pomembno je, da se v \u010dim kraj\u0161em \u010dasu oblikujejo strategije, ki bodo dizelska goriva nadomestile z ustreznimi alternativnimi gorivi. S tem bomo prispevali k ohranjanju zdravja in okolja.\u201d<\/em><\/p>\n\n\n<div class=\"wp-block-image\">\n<figure class=\"aligncenter size-full\"><img decoding=\"async\" width=\"610\" height=\"415\" src=\"https:\/\/izo.si\/wp-content\/uploads\/2022\/06\/Screen-Shot-2022-06-30-at-13.31.07.png\" alt=\"\" class=\"wp-image-3129\" srcset=\"https:\/\/izo.si\/wp-content\/uploads\/2022\/06\/Screen-Shot-2022-06-30-at-13.31.07.png 610w, https:\/\/izo.si\/wp-content\/uploads\/2022\/06\/Screen-Shot-2022-06-30-at-13.31.07-300x204.png 300w\" sizes=\"(max-width: 610px) 100vw, 610px\" \/><\/figure>\n<\/div>\n\n\n<p>Kot re\u010deno, Slovenija med preu\u010devanimi dr\u017eavami spada med dr\u017eave s starej\u0161im voznim parkom, kar pomeni, da ima dr\u017eava tudi ve\u010dji potencial za zmanj\u0161anje \u0161kodljivih izpustov s pove\u010danjem dele\u017ea elektri\u010dnih vozil na cestah.&nbsp;<\/p>\n\n\n\n<p><strong>Toma\u017e Gorenc<\/strong>, <strong>direktor In\u0161tituta za zdravje in okolje<\/strong>, ki je partnerska organizacija pri nastajanju omenjene raziskave, opozarja na vlogo onesna\u017eenega zraka pri razvoju razli\u010dnih vrst rakavih obolenj: <em>\u201cOnesna\u017eenost zraka na ra\u010dun izpustov goriv na dizelski pogon dokazano povzro\u010da razli\u010dne tipe raka. Vsi ukrepi za zmanj\u0161anje izpustov zaradi izgorevanja fosilnih goriv, ne le dizla, bodo zagotovo pripomogli k zmanj\u0161anju \u0161tevila obolelih s to smrtonosno boleznijo.\u201d<\/em> Opozarja tudi, da nas na tem podro\u010dju \u010daka \u0161e ogromno dela: <em>\u201cZa u\u010dinkovito ukrepanje potrebujemo celosten sistemski pristop, ki bo sledil najnovej\u0161im smernicam o kakovosti zraka SZO. Nenazadnje nas k ukrepanju zavezujejo tudi mednarodne zaveze in strategije, kot sta Ostravska deklaracija o okolju in zdravju ter Evropski zeleni dogovor. Ne smemo pozabiti, da pove\u010danje dele\u017ea elektri\u010dnih vozil ni edini pomemben ukrep. Enak ali \u0161e ve\u010dji poudarek moramo posvetiti tudi spodbujanju aktivne mobilnosti (hoja, kolesarjenje itd.) ter izbolj\u0161anju u\u010dinkovitosti in dostopnosti javnega potni\u0161kega prometa.\u201d<\/em><\/p>\n\n\n\n<p><\/p>\n\n\n\n<p><strong>\u2018Ustvarimo Evropo brez dizelskih goriv\u2019<\/strong><\/p>\n\n\n\n<p>Evropski parlament je 8. junija 2022 dal zeleno lu\u010d prepovedi prodaje novih vozil na dizelski in bencinski pogon po letu 2035. Raziskava kljub vsemu opozarja, da so na tem podro\u010dju potrebni hitrej\u0161i in konkretnej\u0161i ukrepi za prehod na elektri\u010dna vozila.<\/p>\n\n\n\n<p>Raziskava zaradi uvedbe emisijskih standardov EU6\/VI in postopne nadomestitve starej\u0161ih vozil z novej\u0161imi ocenjuje, da se bodo izpusti iz cestnega prometa in z njimi povezani zdravstveni stro\u0161ki v naslednjem desetletju zmanj\u0161evali. Kljub vsemu bodo <strong>\u0161kodljive koncentracije onesna\u017eeval \u0161e vedno prisotne<\/strong>, zato EPHA verjame, da morajo <strong>\u010dlanice EU k re\u0161evanju te\u017eav na tem podro\u010dju pristopiti bolj proaktivno<\/strong>:<\/p>\n\n\n\n<ul class=\"wp-block-list\">\n<li>Uporabiti morajo prihajajo\u010de emisijske standarde EU7\/VII, s \u010dimer bodo pospe\u0161ile prehod na elektri\u010dna vozila.<\/li>\n\n\n\n<li>Zaustaviti morajo vlaganje v razvoj alternativnih pogonskih goriv in se za\u010deti zavzemati za elektrifikacijo voznega parka.<\/li>\n\n\n\n<li>Zagotoviti morajo popolno in pravno zavezujo\u010do uskladitev evropskih smernic o kakovosti zraka s svetovnimi smernicami o kakovosti zraka, ki jih je leta 2021 pripravila SZO, in sicer najkasneje do leta 2030.<\/li>\n\n\n\n<li>Spodbujati morajo pe\u0161a\u010denje, kolesarjenje in uporabo javnega potni\u0161kega prometa. V primeru nujne uporabe avtomobila naj spodbujajo uporabo elektri\u010dnih vozil.&nbsp;<\/li>\n<\/ul>\n\n\n<div class=\"wp-block-image\">\n<figure class=\"aligncenter size-large\"><img decoding=\"async\" width=\"1024\" height=\"272\" src=\"https:\/\/izo.si\/wp-content\/uploads\/2022\/06\/Screen-Shot-2022-06-30-at-13.18.49-1024x272.png\" alt=\"\" class=\"wp-image-3125\" srcset=\"https:\/\/izo.si\/wp-content\/uploads\/2022\/06\/Screen-Shot-2022-06-30-at-13.18.49-1024x272.png 1024w, https:\/\/izo.si\/wp-content\/uploads\/2022\/06\/Screen-Shot-2022-06-30-at-13.18.49-300x80.png 300w, https:\/\/izo.si\/wp-content\/uploads\/2022\/06\/Screen-Shot-2022-06-30-at-13.18.49-768x204.png 768w, https:\/\/izo.si\/wp-content\/uploads\/2022\/06\/Screen-Shot-2022-06-30-at-13.18.49.png 1227w\" sizes=\"(max-width: 1024px) 100vw, 1024px\" \/><\/figure>\n<\/div>\n\n\n<p><strong>Direktorica organizacije EPHA, dr. Milka Sokolovi\u0107<\/strong>, poudarja: <em>\u201cOnesna\u017een zrak je najve\u010dji javnozdravstveni problem, ki ga poslab\u0161a vsak dodaten avtomobil na dizelski pogon. Trenutni ukrepi se ne izvajajo dovolj hitro oziroma niso dovolj celoviti, zaradi \u010desar so Evropejci \u017ertve zdravstvenih te\u017eav in ve\u010djih stro\u0161kov. Za sre\u010dnej\u0161o in bolj zdravo Evropo mora promet temeljiti na elektri\u010dnih avtomobilih, \u0161e posebej pa moramo spodbujati aktivne in trajnostne oblike mobilnosti: hojo, kolesarjenje in uporabo javnega potni\u0161kega prometa. Skupaj \u010dim prej ustvarimo prvi kontinent brez vozil na dizelski pogon!\u201d<\/em><\/p>\n\n\n\n<p><strong>Kontakt:&nbsp;<\/strong><\/p>\n\n\n\n<p><strong>Toma\u017e Gorenc \u2013 In\u0161titut za zdravje in okolje, info@izo.si<\/strong><\/p>\n\n\n\n<p><strong>Matteo Barisione \u2013 EPHA<\/strong>, <strong>matteo.barisione@epha.org <br><\/strong><\/p>\n\n\n\n<div data-wp-interactive=\"core\/file\" class=\"wp-block-file\"><object data-wp-bind--hidden=\"!state.hasPdfPreview\" hidden class=\"wp-block-file__embed\" data=\"https:\/\/izo.si\/wp-content\/uploads\/2022\/06\/Povzetek-raziskave-Naftni-derivati-in-pogonske-moznosti-v-cestnem-prometu.pdf\" type=\"application\/pdf\" style=\"width:100%;height:200px\" aria-label=\"Embed of Povzetek-raziskave-Naftni-derivati-in-pogonske-moznosti-v-cestnem-prometu.\"><\/object><a id=\"wp-block-file--media-a3646b5e-069d-4d19-b45b-ce0b244963d8\" href=\"https:\/\/izo.si\/wp-content\/uploads\/2022\/06\/Povzetek-raziskave-Naftni-derivati-in-pogonske-moznosti-v-cestnem-prometu.pdf\">Povzetek-raziskave-Naftni-derivati-in-pogonske-moznosti-v-cestnem-prometu<\/a><a href=\"https:\/\/izo.si\/wp-content\/uploads\/2022\/06\/Povzetek-raziskave-Naftni-derivati-in-pogonske-moznosti-v-cestnem-prometu.pdf\" class=\"wp-block-file__button wp-element-button\" download aria-describedby=\"wp-block-file--media-a3646b5e-069d-4d19-b45b-ce0b244963d8\">Download<\/a><\/div>\n\n\n\n<p>Celotno poro\u010dilo (v angle\u0161\u010dini) je na voljo <a href=\"https:\/\/epha.org\/wp-content\/uploads\/2022\/06\/ce-delft-fuel-and-drivetrain-options-road-transport-june-2022.pdf\">info@izo.si<\/a>.<\/p>\n\n\n\n<hr class=\"wp-block-separator has-alpha-channel-opacity\"\/>\n\n\n\n<p>Uporabljena literatura:<\/p>\n\n\n\n<p>1 Agencija RS za okolje (ARSO), Kazalci okolja: <a href=\"http:\/\/kazalci.arso.gov.si\/sl\/content\/izpusti-toplogrednih-plinov-10\">http:\/\/kazalci.arso.gov.si\/sl\/content\/izpusti-toplogrednih-plinov-10<\/a>, dostop 22. 6. 2022<\/p>\n\n\n\n<p>2 Evropska zveza za javno zdravje (EPHA), <a href=\"https:\/\/epha.org\/cleanair\/\">https:\/\/epha.org\/cleanair\/<\/a>, dostop 22. 6. 2022<\/p>\n\n\n\n<p>3 Evropska agencija za okolje (EEA), Air Quality in Europe 2021: <a href=\"https:\/\/www.eea.europa.eu\/publications\/air-quality-in-europe-2021\/health-impacts-of-air-pollution\">https:\/\/www.eea.europa.eu\/publications\/air-quality-in-europe-2021\/health-impacts-of-air-pollution<\/a>, dostop 22. 6. 2022<br>4 Evropski center za prepre\u010devanje in obvladovanje bolezni, Podatki o \u010dlanicah EU za leto 2020<\/p>\n\n\n\n<p><a href=\"https:\/\/www.ecdc.europa.eu\/en\/publications-data\/data-daily-new-cases-covid-19-eueea-country\">https:\/\/www.ecdc.europa.eu\/en\/publications-data\/data-daily-new-cases-covid-19-eueea-country<\/a>, dostop 22. 6. 2022&nbsp;<\/p>","protected":false},"excerpt":{"rendered":"<p>LJUBLJANA, Slovenija; BRUSELJ, Belgija \u2013 30. junij 2022 \u2013 Nova raziskava CE Delft potrjuje, da so za zmanj\u0161anje izpustov toplogrednih plinov (TGP) iz cestnega prometa in izbolj\u0161anje kakovosti zunanjega zraka najbolj\u0161a alternativa vozilom na dizelski pogon elektri\u010dna vozila \u2013 tako z vidika \u201cod rezervoarja do kolesa\u201d kot \u201cod izvora do kolesa\u201d. Elektrifikacija voznega parka bi [&hellip;]<\/p>","protected":false},"author":8,"featured_media":3128,"comment_status":"closed","ping_status":"closed","sticky":false,"template":"","format":"standard","meta":{"_monsterinsights_skip_tracking":false,"_monsterinsights_sitenote_active":false,"_monsterinsights_sitenote_note":"","_monsterinsights_sitenote_category":0,"_uf_show_specific_survey":0,"_uf_disable_surveys":false,"footnotes":""},"categories":[7],"tags":[],"class_list":["post-3122","post","type-post","status-publish","format-standard","has-post-thumbnail","hentry","category-novice"],"aioseo_notices":[],"yoast_head":"<!-- This site is optimized with the Yoast SEO plugin v24.5 - https:\/\/yoast.com\/wordpress\/plugins\/seo\/ -->\n<title>SZJ: &quot;Hitrej\u0161a nadomestitev dizelskih vozil z elektri\u010dnimi bi \u010dlanicam EU letno prihranila ve\u010d kot 9 milijard evrov zdravstvenih stro\u0161kov&quot; - IZO<\/title>\n<meta name=\"robots\" content=\"index, follow, max-snippet:-1, max-image-preview:large, max-video-preview:-1\" \/>\n<link rel=\"canonical\" href=\"https:\/\/izo.si\/en\/sporocilo-za-javnost-elektricna-vozila\/\" \/>\n<meta property=\"og:locale\" content=\"en_GB\" \/>\n<meta property=\"og:type\" content=\"article\" \/>\n<meta property=\"og:title\" content=\"SZJ: &quot;Hitrej\u0161a nadomestitev dizelskih vozil z elektri\u010dnimi bi \u010dlanicam EU letno prihranila ve\u010d kot 9 milijard evrov zdravstvenih stro\u0161kov&quot; - IZO\" \/>\n<meta property=\"og:description\" content=\"LJUBLJANA, Slovenija; BRUSELJ, Belgija \u2013 30. junij 2022 \u2013 Nova raziskava CE Delft potrjuje, da so za zmanj\u0161anje izpustov toplogrednih plinov (TGP) iz cestnega prometa in izbolj\u0161anje kakovosti zunanjega zraka najbolj\u0161a alternativa vozilom na dizelski pogon elektri\u010dna vozila \u2013 tako z vidika \u201cod rezervoarja do kolesa\u201d kot \u201cod izvora do kolesa\u201d. Elektrifikacija voznega parka bi [&hellip;]\" \/>\n<meta property=\"og:url\" content=\"https:\/\/izo.si\/en\/sporocilo-za-javnost-elektricna-vozila\/\" \/>\n<meta property=\"og:site_name\" content=\"IZO\" \/>\n<meta property=\"article:published_time\" content=\"2022-06-30T11:31:23+00:00\" \/>\n<meta property=\"article:modified_time\" content=\"2023-08-04T12:00:03+00:00\" \/>\n<meta property=\"og:image\" content=\"https:\/\/izo.si\/wp-content\/uploads\/2022\/06\/Untitled-design-2.png\" \/>\n\t<meta property=\"og:image:width\" content=\"940\" \/>\n\t<meta property=\"og:image:height\" content=\"788\" \/>\n\t<meta property=\"og:image:type\" content=\"image\/png\" \/>\n<meta name=\"author\" content=\"info@izo.si\" \/>\n<meta name=\"twitter:card\" content=\"summary_large_image\" \/>\n<meta name=\"twitter:label1\" content=\"Written by\" \/>\n\t<meta name=\"twitter:data1\" content=\"info@izo.si\" \/>\n\t<meta name=\"twitter:label2\" content=\"Estimated reading time\" \/>\n\t<meta name=\"twitter:data2\" content=\"5 minutes\" \/>\n<script type=\"application\/ld+json\" class=\"yoast-schema-graph\">{\"@context\":\"https:\/\/schema.org\",\"@graph\":[{\"@type\":\"Article\",\"@id\":\"https:\/\/izo.si\/sporocilo-za-javnost-elektricna-vozila\/#article\",\"isPartOf\":{\"@id\":\"https:\/\/izo.si\/sporocilo-za-javnost-elektricna-vozila\/\"},\"author\":{\"name\":\"info@izo.si\",\"@id\":\"https:\/\/izo.si\/#\/schema\/person\/7c1d308fe359416255fc3003e716015d\"},\"headline\":\"SZJ: &#8220;Hitrej\u0161a nadomestitev dizelskih vozil z elektri\u010dnimi bi \u010dlanicam EU letno prihranila ve\u010d kot 9 milijard evrov zdravstvenih stro\u0161kov&#8221;\",\"datePublished\":\"2022-06-30T11:31:23+00:00\",\"dateModified\":\"2023-08-04T12:00:03+00:00\",\"mainEntityOfPage\":{\"@id\":\"https:\/\/izo.si\/sporocilo-za-javnost-elektricna-vozila\/\"},\"wordCount\":1124,\"publisher\":{\"@id\":\"https:\/\/izo.si\/#organization\"},\"image\":{\"@id\":\"https:\/\/izo.si\/sporocilo-za-javnost-elektricna-vozila\/#primaryimage\"},\"thumbnailUrl\":\"https:\/\/izo.si\/wp-content\/uploads\/2022\/06\/Untitled-design-2.png\",\"articleSection\":[\"Novice\"],\"inLanguage\":\"en-GB\"},{\"@type\":\"WebPage\",\"@id\":\"https:\/\/izo.si\/sporocilo-za-javnost-elektricna-vozila\/\",\"url\":\"https:\/\/izo.si\/sporocilo-za-javnost-elektricna-vozila\/\",\"name\":\"SZJ: \\\"Hitrej\u0161a nadomestitev dizelskih vozil z elektri\u010dnimi bi \u010dlanicam EU letno prihranila ve\u010d kot 9 milijard evrov zdravstvenih stro\u0161kov\\\" - IZO\",\"isPartOf\":{\"@id\":\"https:\/\/izo.si\/#website\"},\"primaryImageOfPage\":{\"@id\":\"https:\/\/izo.si\/sporocilo-za-javnost-elektricna-vozila\/#primaryimage\"},\"image\":{\"@id\":\"https:\/\/izo.si\/sporocilo-za-javnost-elektricna-vozila\/#primaryimage\"},\"thumbnailUrl\":\"https:\/\/izo.si\/wp-content\/uploads\/2022\/06\/Untitled-design-2.png\",\"datePublished\":\"2022-06-30T11:31:23+00:00\",\"dateModified\":\"2023-08-04T12:00:03+00:00\",\"breadcrumb\":{\"@id\":\"https:\/\/izo.si\/sporocilo-za-javnost-elektricna-vozila\/#breadcrumb\"},\"inLanguage\":\"en-GB\",\"potentialAction\":[{\"@type\":\"ReadAction\",\"target\":[\"https:\/\/izo.si\/sporocilo-za-javnost-elektricna-vozila\/\"]}]},{\"@type\":\"ImageObject\",\"inLanguage\":\"en-GB\",\"@id\":\"https:\/\/izo.si\/sporocilo-za-javnost-elektricna-vozila\/#primaryimage\",\"url\":\"https:\/\/izo.si\/wp-content\/uploads\/2022\/06\/Untitled-design-2.png\",\"contentUrl\":\"https:\/\/izo.si\/wp-content\/uploads\/2022\/06\/Untitled-design-2.png\",\"width\":940,\"height\":788},{\"@type\":\"BreadcrumbList\",\"@id\":\"https:\/\/izo.si\/sporocilo-za-javnost-elektricna-vozila\/#breadcrumb\",\"itemListElement\":[{\"@type\":\"ListItem\",\"position\":1,\"name\":\"Home\",\"item\":\"https:\/\/izo.si\/\"},{\"@type\":\"ListItem\",\"position\":2,\"name\":\"SZJ: &#8220;Hitrej\u0161a nadomestitev dizelskih vozil z elektri\u010dnimi bi \u010dlanicam EU letno prihranila ve\u010d kot 9 milijard evrov zdravstvenih stro\u0161kov&#8221;\"}]},{\"@type\":\"WebSite\",\"@id\":\"https:\/\/izo.si\/#website\",\"url\":\"https:\/\/izo.si\/\",\"name\":\"IZO\",\"description\":\"In\u0161titut za zdravje in okolje\",\"publisher\":{\"@id\":\"https:\/\/izo.si\/#organization\"},\"potentialAction\":[{\"@type\":\"SearchAction\",\"target\":{\"@type\":\"EntryPoint\",\"urlTemplate\":\"https:\/\/izo.si\/?s={search_term_string}\"},\"query-input\":{\"@type\":\"PropertyValueSpecification\",\"valueRequired\":true,\"valueName\":\"search_term_string\"}}],\"inLanguage\":\"en-GB\"},{\"@type\":\"Organization\",\"@id\":\"https:\/\/izo.si\/#organization\",\"name\":\"IZO\",\"url\":\"https:\/\/izo.si\/\",\"logo\":{\"@type\":\"ImageObject\",\"inLanguage\":\"en-GB\",\"@id\":\"https:\/\/izo.si\/#\/schema\/logo\/image\/\",\"url\":\"https:\/\/izo.si\/wp-content\/uploads\/2021\/01\/izo-logo@2x.png\",\"contentUrl\":\"https:\/\/izo.si\/wp-content\/uploads\/2021\/01\/izo-logo@2x.png\",\"width\":262,\"height\":139,\"caption\":\"IZO\"},\"image\":{\"@id\":\"https:\/\/izo.si\/#\/schema\/logo\/image\/\"}},{\"@type\":\"Person\",\"@id\":\"https:\/\/izo.si\/#\/schema\/person\/7c1d308fe359416255fc3003e716015d\",\"name\":\"info@izo.si\",\"image\":{\"@type\":\"ImageObject\",\"inLanguage\":\"en-GB\",\"@id\":\"https:\/\/izo.si\/#\/schema\/person\/image\/\",\"url\":\"https:\/\/secure.gravatar.com\/avatar\/6119564cb294b108df0fe93b796cfc2f405adef8ccb4e9788179335543b4f393?s=96&d=mm&r=g\",\"contentUrl\":\"https:\/\/secure.gravatar.com\/avatar\/6119564cb294b108df0fe93b796cfc2f405adef8ccb4e9788179335543b4f393?s=96&d=mm&r=g\",\"caption\":\"info@izo.si\"},\"url\":\"https:\/\/izo.si\/en\/author\/infoizo-si\/\"}]}<\/script>\n<!-- \/ Yoast SEO plugin. -->","yoast_head_json":{"title":"SZJ: \"Hitrej\u0161a nadomestitev dizelskih vozil z elektri\u010dnimi bi \u010dlanicam EU letno prihranila ve\u010d kot 9 milijard evrov zdravstvenih stro\u0161kov\" - IZO","robots":{"index":"index","follow":"follow","max-snippet":"max-snippet:-1","max-image-preview":"max-image-preview:large","max-video-preview":"max-video-preview:-1"},"canonical":"https:\/\/izo.si\/en\/sporocilo-za-javnost-elektricna-vozila\/","og_locale":"en_GB","og_type":"article","og_title":"SZJ: \"Hitrej\u0161a nadomestitev dizelskih vozil z elektri\u010dnimi bi \u010dlanicam EU letno prihranila ve\u010d kot 9 milijard evrov zdravstvenih stro\u0161kov\" - IZO","og_description":"LJUBLJANA, Slovenija; BRUSELJ, Belgija \u2013 30. junij 2022 \u2013 Nova raziskava CE Delft potrjuje, da so za zmanj\u0161anje izpustov toplogrednih plinov (TGP) iz cestnega prometa in izbolj\u0161anje kakovosti zunanjega zraka najbolj\u0161a alternativa vozilom na dizelski pogon elektri\u010dna vozila \u2013 tako z vidika \u201cod rezervoarja do kolesa\u201d kot \u201cod izvora do kolesa\u201d. Elektrifikacija voznega parka bi [&hellip;]","og_url":"https:\/\/izo.si\/en\/sporocilo-za-javnost-elektricna-vozila\/","og_site_name":"IZO","article_published_time":"2022-06-30T11:31:23+00:00","article_modified_time":"2023-08-04T12:00:03+00:00","og_image":[{"width":940,"height":788,"url":"https:\/\/izo.si\/wp-content\/uploads\/2022\/06\/Untitled-design-2.png","type":"image\/png"}],"author":"info@izo.si","twitter_card":"summary_large_image","twitter_misc":{"Written by":"info@izo.si","Estimated reading time":"5 minutes"},"schema":{"@context":"https:\/\/schema.org","@graph":[{"@type":"Article","@id":"https:\/\/izo.si\/sporocilo-za-javnost-elektricna-vozila\/#article","isPartOf":{"@id":"https:\/\/izo.si\/sporocilo-za-javnost-elektricna-vozila\/"},"author":{"name":"info@izo.si","@id":"https:\/\/izo.si\/#\/schema\/person\/7c1d308fe359416255fc3003e716015d"},"headline":"SZJ: &#8220;Hitrej\u0161a nadomestitev dizelskih vozil z elektri\u010dnimi bi \u010dlanicam EU letno prihranila ve\u010d kot 9 milijard evrov zdravstvenih stro\u0161kov&#8221;","datePublished":"2022-06-30T11:31:23+00:00","dateModified":"2023-08-04T12:00:03+00:00","mainEntityOfPage":{"@id":"https:\/\/izo.si\/sporocilo-za-javnost-elektricna-vozila\/"},"wordCount":1124,"publisher":{"@id":"https:\/\/izo.si\/#organization"},"image":{"@id":"https:\/\/izo.si\/sporocilo-za-javnost-elektricna-vozila\/#primaryimage"},"thumbnailUrl":"https:\/\/izo.si\/wp-content\/uploads\/2022\/06\/Untitled-design-2.png","articleSection":["Novice"],"inLanguage":"en-GB"},{"@type":"WebPage","@id":"https:\/\/izo.si\/sporocilo-za-javnost-elektricna-vozila\/","url":"https:\/\/izo.si\/sporocilo-za-javnost-elektricna-vozila\/","name":"SZJ: \"Hitrej\u0161a nadomestitev dizelskih vozil z elektri\u010dnimi bi \u010dlanicam EU letno prihranila ve\u010d kot 9 milijard evrov zdravstvenih stro\u0161kov\" - IZO","isPartOf":{"@id":"https:\/\/izo.si\/#website"},"primaryImageOfPage":{"@id":"https:\/\/izo.si\/sporocilo-za-javnost-elektricna-vozila\/#primaryimage"},"image":{"@id":"https:\/\/izo.si\/sporocilo-za-javnost-elektricna-vozila\/#primaryimage"},"thumbnailUrl":"https:\/\/izo.si\/wp-content\/uploads\/2022\/06\/Untitled-design-2.png","datePublished":"2022-06-30T11:31:23+00:00","dateModified":"2023-08-04T12:00:03+00:00","breadcrumb":{"@id":"https:\/\/izo.si\/sporocilo-za-javnost-elektricna-vozila\/#breadcrumb"},"inLanguage":"en-GB","potentialAction":[{"@type":"ReadAction","target":["https:\/\/izo.si\/sporocilo-za-javnost-elektricna-vozila\/"]}]},{"@type":"ImageObject","inLanguage":"en-GB","@id":"https:\/\/izo.si\/sporocilo-za-javnost-elektricna-vozila\/#primaryimage","url":"https:\/\/izo.si\/wp-content\/uploads\/2022\/06\/Untitled-design-2.png","contentUrl":"https:\/\/izo.si\/wp-content\/uploads\/2022\/06\/Untitled-design-2.png","width":940,"height":788},{"@type":"BreadcrumbList","@id":"https:\/\/izo.si\/sporocilo-za-javnost-elektricna-vozila\/#breadcrumb","itemListElement":[{"@type":"ListItem","position":1,"name":"Home","item":"https:\/\/izo.si\/"},{"@type":"ListItem","position":2,"name":"SZJ: &#8220;Hitrej\u0161a nadomestitev dizelskih vozil z elektri\u010dnimi bi \u010dlanicam EU letno prihranila ve\u010d kot 9 milijard evrov zdravstvenih stro\u0161kov&#8221;"}]},{"@type":"WebSite","@id":"https:\/\/izo.si\/#website","url":"https:\/\/izo.si\/","name":"IZO","description":"Institute for Health and Environment","publisher":{"@id":"https:\/\/izo.si\/#organization"},"potentialAction":[{"@type":"SearchAction","target":{"@type":"EntryPoint","urlTemplate":"https:\/\/izo.si\/?s={search_term_string}"},"query-input":{"@type":"PropertyValueSpecification","valueRequired":true,"valueName":"search_term_string"}}],"inLanguage":"en-GB"},{"@type":"Organization","@id":"https:\/\/izo.si\/#organization","name":"IZO","url":"https:\/\/izo.si\/","logo":{"@type":"ImageObject","inLanguage":"en-GB","@id":"https:\/\/izo.si\/#\/schema\/logo\/image\/","url":"https:\/\/izo.si\/wp-content\/uploads\/2021\/01\/izo-logo@2x.png","contentUrl":"https:\/\/izo.si\/wp-content\/uploads\/2021\/01\/izo-logo@2x.png","width":262,"height":139,"caption":"IZO"},"image":{"@id":"https:\/\/izo.si\/#\/schema\/logo\/image\/"}},{"@type":"Person","@id":"https:\/\/izo.si\/#\/schema\/person\/7c1d308fe359416255fc3003e716015d","name":"info@izo.si","image":{"@type":"ImageObject","inLanguage":"en-GB","@id":"https:\/\/izo.si\/#\/schema\/person\/image\/","url":"https:\/\/secure.gravatar.com\/avatar\/6119564cb294b108df0fe93b796cfc2f405adef8ccb4e9788179335543b4f393?s=96&d=mm&r=g","contentUrl":"https:\/\/secure.gravatar.com\/avatar\/6119564cb294b108df0fe93b796cfc2f405adef8ccb4e9788179335543b4f393?s=96&d=mm&r=g","caption":"info@izo.si"},"url":"https:\/\/izo.si\/en\/author\/infoizo-si\/"}]}},"_links":{"self":[{"href":"https:\/\/izo.si\/en\/wp-json\/wp\/v2\/posts\/3122","targetHints":{"allow":["GET"]}}],"collection":[{"href":"https:\/\/izo.si\/en\/wp-json\/wp\/v2\/posts"}],"about":[{"href":"https:\/\/izo.si\/en\/wp-json\/wp\/v2\/types\/post"}],"author":[{"embeddable":true,"href":"https:\/\/izo.si\/en\/wp-json\/wp\/v2\/users\/8"}],"replies":[{"embeddable":true,"href":"https:\/\/izo.si\/en\/wp-json\/wp\/v2\/comments?post=3122"}],"version-history":[{"count":2,"href":"https:\/\/izo.si\/en\/wp-json\/wp\/v2\/posts\/3122\/revisions"}],"predecessor-version":[{"id":4320,"href":"https:\/\/izo.si\/en\/wp-json\/wp\/v2\/posts\/3122\/revisions\/4320"}],"wp:featuredmedia":[{"embeddable":true,"href":"https:\/\/izo.si\/en\/wp-json\/wp\/v2\/media\/3128"}],"wp:attachment":[{"href":"https:\/\/izo.si\/en\/wp-json\/wp\/v2\/media?parent=3122"}],"wp:term":[{"taxonomy":"category","embeddable":true,"href":"https:\/\/izo.si\/en\/wp-json\/wp\/v2\/categories?post=3122"},{"taxonomy":"post_tag","embeddable":true,"href":"https:\/\/izo.si\/en\/wp-json\/wp\/v2\/tags?post=3122"}],"curies":[{"name":"wp","href":"https:\/\/api.w.org\/{rel}","templated":true}]}}