{"id":2990,"date":"2022-04-25T10:32:00","date_gmt":"2022-04-25T08:32:00","guid":{"rendered":"https:\/\/izo.si\/?p=2990"},"modified":"2022-05-30T15:58:54","modified_gmt":"2022-05-30T13:58:54","slug":"poletna-sola-in-mladinski-vrh-o-podnebnih-spremembah","status":"publish","type":"post","link":"https:\/\/izo.si\/en\/poletna-sola-in-mladinski-vrh-o-podnebnih-spremembah\/","title":{"rendered":"Poletna \u0161ola in mladinski vrh o podnebnih spremembah"},"content":{"rendered":"<p>In\u0161titut za zdravje in okolje v partnerstvu z Oddelkom za geografijo Filozofske fakultete Univerze v Ljubljani in nekaterimi drugimi doma\u010dimi ter tujimi organizacijami organizira <strong>poletno \u0161olo o podnebnih spremembah in trajnosti ter mednarodni vrh o podnebnih spremembah<\/strong>. Dogodka se bosta odvila v Ljubljani med 4. in 8. julijem 2022.<\/p>\n\n\n\n<p>Dogodek je organiziran v sklopu projekta <a href=\"https:\/\/izo.si\/en\/sustainaware-climate-mitigation\/\">Sustainaware<\/a>, ki je del Evropske pobude za podnebje (EUKI) v okviru nem\u0161kega Zveznega ministrstva za gospodarske zadeve in podnebne ukrepe, sofinancira pa ga tudi Evropska unija. Cilj projekta je opolnomo\u010denje mladih, \u0161tudentov, mladinskih delavcev, nevladnih organizacij in socialnih podjetij na podro\u010dju podnebnih sprememb, njihovega bla\u017eenja in trajnostnega razvoja. Glede na cilje projekta bo <strong>poletna \u0161ola o podnebnih spremembah in trajnosti<\/strong> namenjena predvsem izobra\u017eevanju na podro\u010dju podnebnih sprememb in njihovega bla\u017eenja.<\/p>\n\n\n\n<p><\/p>\n\n\n<div class=\"wp-block-image\">\n<figure class=\"aligncenter size-large\"><img fetchpriority=\"high\" decoding=\"async\" width=\"1024\" height=\"458\" src=\"https:\/\/izo.si\/wp-content\/uploads\/2022\/04\/Program-1024x458.jpg\" alt=\"\" class=\"wp-image-2993\" srcset=\"https:\/\/izo.si\/wp-content\/uploads\/2022\/04\/Program-1024x458.jpg 1024w, https:\/\/izo.si\/wp-content\/uploads\/2022\/04\/Program-300x134.jpg 300w, https:\/\/izo.si\/wp-content\/uploads\/2022\/04\/Program-768x343.jpg 768w, https:\/\/izo.si\/wp-content\/uploads\/2022\/04\/Program-1536x687.jpg 1536w, https:\/\/izo.si\/wp-content\/uploads\/2022\/04\/Program-2048x916.jpg 2048w\" sizes=\"(max-width: 1024px) 100vw, 1024px\" \/><\/figure>\n<\/div>\n\n\n<p>Program bodo z inovativnimi pedago\u0161kimi pristopi vodili izku\u0161eni predavateljice in predavatelji iz slovenskega ter tudi mednarodnega okolja. Udele\u017eenci bodo pridobili veliko uporabnega znanja, ve\u0161\u010din in kompetenc na podro\u010dju zmanj\u0161anja ekolo\u0161kega odtisa, trendov bla\u017eenja podnebnih sprememb in podnebne pismenosti. <\/p>\n\n\n\n<p>Po zaklju\u010deni poletni \u0161oli bo sledil <strong>vrh o podnebnih spremembah<\/strong>. Cilj vrha je, da se mladi, mladinski delavci in drugi relevantni dele\u017eniki aktivno vklju\u010dijo v soustvarjanje podnebnih politik in s tem dobijo svoje mesto pri grajenju skupne prihodnosti, ki je lahko samo trajnostna. Eden klju\u010dnih rezultatov vrha bo dokument, ki bo definiral, kak\u0161en bi moral biti polo\u017eaj mladih pri vklju\u010devanju, izobra\u017eevanju in ozave\u0161\u010danju na podro\u010dju podnebne problematike v sklopu mladinskega dela. <\/p>\n\n\n<div class=\"wp-block-image\">\n<figure class=\"aligncenter size-full is-resized\"><img decoding=\"async\" src=\"https:\/\/izo.si\/wp-content\/uploads\/2022\/04\/9.png\" alt=\"\" class=\"wp-image-2992\" width=\"470\" height=\"394\" srcset=\"https:\/\/izo.si\/wp-content\/uploads\/2022\/04\/9.png 940w, https:\/\/izo.si\/wp-content\/uploads\/2022\/04\/9-300x251.png 300w, https:\/\/izo.si\/wp-content\/uploads\/2022\/04\/9-768x644.png 768w\" sizes=\"(max-width: 470px) 100vw, 470px\" \/><figcaption><em>Za udele\u017eence obeh dogodkov (\u0161tudenti in NVO iz EU ter Zahodnega Balkana) ponujamo tudi \u0161tipendijo za kritje stro\u0161kov nastanitve in potovanja.<\/em><\/figcaption><\/figure>\n<\/div>\n\n\n<p><\/p>\n\n\n\n<p>Za ve\u010d informacij o dogodkih in prijavi vas vabimo, da obi\u0161\u010dete spletno stran dogodka prek te<a href=\"https:\/\/sustainaware.net\/euki-summer-school-on-climate-change-and-sustainability-international-youth-climate-summit\/\"> this link<\/a>.<\/p>","protected":false},"excerpt":{"rendered":"<p>In\u0161titut za zdravje in okolje v partnerstvu z Oddelkom za geografijo Filozofske fakultete Univerze v Ljubljani in nekaterimi drugimi doma\u010dimi ter tujimi organizacijami organizira poletno \u0161olo o podnebnih spremembah in trajnosti ter mednarodni vrh o podnebnih spremembah. Dogodka se bosta odvila v Ljubljani med 4. in 8. julijem 2022. Dogodek je organiziran v sklopu projekta [&hellip;]<\/p>","protected":false},"author":8,"featured_media":2991,"comment_status":"closed","ping_status":"closed","sticky":false,"template":"","format":"standard","meta":{"_monsterinsights_skip_tracking":false,"_monsterinsights_sitenote_active":false,"_monsterinsights_sitenote_note":"","_monsterinsights_sitenote_category":0,"_uf_show_specific_survey":0,"_uf_disable_surveys":false,"footnotes":""},"categories":[7],"tags":[],"class_list":["post-2990","post","type-post","status-publish","format-standard","has-post-thumbnail","hentry","category-novice"],"aioseo_notices":[],"yoast_head":"<!-- This site is optimized with the Yoast SEO plugin v24.5 - https:\/\/yoast.com\/wordpress\/plugins\/seo\/ -->\n<title>Poletna \u0161ola in mladinski vrh o podnebnih spremembah - IZO<\/title>\n<meta name=\"robots\" content=\"index, follow, max-snippet:-1, max-image-preview:large, max-video-preview:-1\" \/>\n<link rel=\"canonical\" href=\"https:\/\/izo.si\/en\/poletna-sola-in-mladinski-vrh-o-podnebnih-spremembah\/\" \/>\n<meta property=\"og:locale\" content=\"en_GB\" \/>\n<meta property=\"og:type\" content=\"article\" \/>\n<meta property=\"og:title\" content=\"Poletna \u0161ola in mladinski vrh o podnebnih spremembah - IZO\" \/>\n<meta property=\"og:description\" content=\"In\u0161titut za zdravje in okolje v partnerstvu z Oddelkom za geografijo Filozofske fakultete Univerze v Ljubljani in nekaterimi drugimi doma\u010dimi ter tujimi organizacijami organizira poletno \u0161olo o podnebnih spremembah in trajnosti ter mednarodni vrh o podnebnih spremembah. Dogodka se bosta odvila v Ljubljani med 4. in 8. julijem 2022. Dogodek je organiziran v sklopu projekta [&hellip;]\" \/>\n<meta property=\"og:url\" content=\"https:\/\/izo.si\/en\/poletna-sola-in-mladinski-vrh-o-podnebnih-spremembah\/\" \/>\n<meta property=\"og:site_name\" content=\"IZO\" \/>\n<meta property=\"article:published_time\" content=\"2022-04-25T08:32:00+00:00\" \/>\n<meta property=\"article:modified_time\" content=\"2022-05-30T13:58:54+00:00\" \/>\n<meta property=\"og:image\" content=\"https:\/\/izo.si\/wp-content\/uploads\/2022\/04\/Poletna-s\u030cola-Sustainaware-.png\" \/>\n\t<meta property=\"og:image:width\" content=\"940\" \/>\n\t<meta property=\"og:image:height\" content=\"788\" \/>\n\t<meta property=\"og:image:type\" content=\"image\/png\" \/>\n<meta name=\"author\" content=\"info@izo.si\" \/>\n<meta name=\"twitter:card\" content=\"summary_large_image\" \/>\n<meta name=\"twitter:label1\" content=\"Written by\" \/>\n\t<meta name=\"twitter:data1\" content=\"info@izo.si\" \/>\n\t<meta name=\"twitter:label2\" content=\"Estimated reading time\" \/>\n\t<meta name=\"twitter:data2\" content=\"1 minute\" \/>\n<script type=\"application\/ld+json\" class=\"yoast-schema-graph\">{\"@context\":\"https:\/\/schema.org\",\"@graph\":[{\"@type\":\"Article\",\"@id\":\"https:\/\/izo.si\/en\/poletna-sola-in-mladinski-vrh-o-podnebnih-spremembah\/#article\",\"isPartOf\":{\"@id\":\"https:\/\/izo.si\/en\/poletna-sola-in-mladinski-vrh-o-podnebnih-spremembah\/\"},\"author\":{\"name\":\"info@izo.si\",\"@id\":\"https:\/\/izo.si\/#\/schema\/person\/7c1d308fe359416255fc3003e716015d\"},\"headline\":\"Poletna \u0161ola in mladinski vrh o podnebnih spremembah\",\"datePublished\":\"2022-04-25T08:32:00+00:00\",\"dateModified\":\"2022-05-30T13:58:54+00:00\",\"mainEntityOfPage\":{\"@id\":\"https:\/\/izo.si\/en\/poletna-sola-in-mladinski-vrh-o-podnebnih-spremembah\/\"},\"wordCount\":307,\"publisher\":{\"@id\":\"https:\/\/izo.si\/#organization\"},\"image\":{\"@id\":\"https:\/\/izo.si\/en\/poletna-sola-in-mladinski-vrh-o-podnebnih-spremembah\/#primaryimage\"},\"thumbnailUrl\":\"https:\/\/izo.si\/wp-content\/uploads\/2022\/04\/Poletna-s\u030cola-Sustainaware-.png\",\"articleSection\":[\"Novice\"],\"inLanguage\":\"en-GB\"},{\"@type\":\"WebPage\",\"@id\":\"https:\/\/izo.si\/en\/poletna-sola-in-mladinski-vrh-o-podnebnih-spremembah\/\",\"url\":\"https:\/\/izo.si\/en\/poletna-sola-in-mladinski-vrh-o-podnebnih-spremembah\/\",\"name\":\"Poletna \u0161ola in mladinski vrh o podnebnih spremembah - IZO\",\"isPartOf\":{\"@id\":\"https:\/\/izo.si\/#website\"},\"primaryImageOfPage\":{\"@id\":\"https:\/\/izo.si\/en\/poletna-sola-in-mladinski-vrh-o-podnebnih-spremembah\/#primaryimage\"},\"image\":{\"@id\":\"https:\/\/izo.si\/en\/poletna-sola-in-mladinski-vrh-o-podnebnih-spremembah\/#primaryimage\"},\"thumbnailUrl\":\"https:\/\/izo.si\/wp-content\/uploads\/2022\/04\/Poletna-s\u030cola-Sustainaware-.png\",\"datePublished\":\"2022-04-25T08:32:00+00:00\",\"dateModified\":\"2022-05-30T13:58:54+00:00\",\"breadcrumb\":{\"@id\":\"https:\/\/izo.si\/en\/poletna-sola-in-mladinski-vrh-o-podnebnih-spremembah\/#breadcrumb\"},\"inLanguage\":\"en-GB\",\"potentialAction\":[{\"@type\":\"ReadAction\",\"target\":[\"https:\/\/izo.si\/en\/poletna-sola-in-mladinski-vrh-o-podnebnih-spremembah\/\"]}]},{\"@type\":\"ImageObject\",\"inLanguage\":\"en-GB\",\"@id\":\"https:\/\/izo.si\/en\/poletna-sola-in-mladinski-vrh-o-podnebnih-spremembah\/#primaryimage\",\"url\":\"https:\/\/izo.si\/wp-content\/uploads\/2022\/04\/Poletna-s\u030cola-Sustainaware-.png\",\"contentUrl\":\"https:\/\/izo.si\/wp-content\/uploads\/2022\/04\/Poletna-s\u030cola-Sustainaware-.png\",\"width\":940,\"height\":788},{\"@type\":\"BreadcrumbList\",\"@id\":\"https:\/\/izo.si\/en\/poletna-sola-in-mladinski-vrh-o-podnebnih-spremembah\/#breadcrumb\",\"itemListElement\":[{\"@type\":\"ListItem\",\"position\":1,\"name\":\"Home\",\"item\":\"https:\/\/izo.si\/\"},{\"@type\":\"ListItem\",\"position\":2,\"name\":\"Poletna \u0161ola in mladinski vrh o podnebnih spremembah\"}]},{\"@type\":\"WebSite\",\"@id\":\"https:\/\/izo.si\/#website\",\"url\":\"https:\/\/izo.si\/\",\"name\":\"IZO\",\"description\":\"In\u0161titut za zdravje in okolje\",\"publisher\":{\"@id\":\"https:\/\/izo.si\/#organization\"},\"potentialAction\":[{\"@type\":\"SearchAction\",\"target\":{\"@type\":\"EntryPoint\",\"urlTemplate\":\"https:\/\/izo.si\/?s={search_term_string}\"},\"query-input\":{\"@type\":\"PropertyValueSpecification\",\"valueRequired\":true,\"valueName\":\"search_term_string\"}}],\"inLanguage\":\"en-GB\"},{\"@type\":\"Organization\",\"@id\":\"https:\/\/izo.si\/#organization\",\"name\":\"IZO\",\"url\":\"https:\/\/izo.si\/\",\"logo\":{\"@type\":\"ImageObject\",\"inLanguage\":\"en-GB\",\"@id\":\"https:\/\/izo.si\/#\/schema\/logo\/image\/\",\"url\":\"https:\/\/izo.si\/wp-content\/uploads\/2021\/01\/izo-logo@2x.png\",\"contentUrl\":\"https:\/\/izo.si\/wp-content\/uploads\/2021\/01\/izo-logo@2x.png\",\"width\":262,\"height\":139,\"caption\":\"IZO\"},\"image\":{\"@id\":\"https:\/\/izo.si\/#\/schema\/logo\/image\/\"}},{\"@type\":\"Person\",\"@id\":\"https:\/\/izo.si\/#\/schema\/person\/7c1d308fe359416255fc3003e716015d\",\"name\":\"info@izo.si\",\"image\":{\"@type\":\"ImageObject\",\"inLanguage\":\"en-GB\",\"@id\":\"https:\/\/izo.si\/#\/schema\/person\/image\/\",\"url\":\"https:\/\/secure.gravatar.com\/avatar\/6119564cb294b108df0fe93b796cfc2f405adef8ccb4e9788179335543b4f393?s=96&d=mm&r=g\",\"contentUrl\":\"https:\/\/secure.gravatar.com\/avatar\/6119564cb294b108df0fe93b796cfc2f405adef8ccb4e9788179335543b4f393?s=96&d=mm&r=g\",\"caption\":\"info@izo.si\"},\"url\":\"https:\/\/izo.si\/en\/author\/infoizo-si\/\"}]}<\/script>\n<!-- \/ Yoast SEO plugin. -->","yoast_head_json":{"title":"Poletna \u0161ola in mladinski vrh o podnebnih spremembah - IZO","robots":{"index":"index","follow":"follow","max-snippet":"max-snippet:-1","max-image-preview":"max-image-preview:large","max-video-preview":"max-video-preview:-1"},"canonical":"https:\/\/izo.si\/en\/poletna-sola-in-mladinski-vrh-o-podnebnih-spremembah\/","og_locale":"en_GB","og_type":"article","og_title":"Poletna \u0161ola in mladinski vrh o podnebnih spremembah - IZO","og_description":"In\u0161titut za zdravje in okolje v partnerstvu z Oddelkom za geografijo Filozofske fakultete Univerze v Ljubljani in nekaterimi drugimi doma\u010dimi ter tujimi organizacijami organizira poletno \u0161olo o podnebnih spremembah in trajnosti ter mednarodni vrh o podnebnih spremembah. Dogodka se bosta odvila v Ljubljani med 4. in 8. julijem 2022. Dogodek je organiziran v sklopu projekta [&hellip;]","og_url":"https:\/\/izo.si\/en\/poletna-sola-in-mladinski-vrh-o-podnebnih-spremembah\/","og_site_name":"IZO","article_published_time":"2022-04-25T08:32:00+00:00","article_modified_time":"2022-05-30T13:58:54+00:00","og_image":[{"width":940,"height":788,"url":"https:\/\/izo.si\/wp-content\/uploads\/2022\/04\/Poletna-s\u030cola-Sustainaware-.png","type":"image\/png"}],"author":"info@izo.si","twitter_card":"summary_large_image","twitter_misc":{"Written by":"info@izo.si","Estimated reading time":"1 minute"},"schema":{"@context":"https:\/\/schema.org","@graph":[{"@type":"Article","@id":"https:\/\/izo.si\/en\/poletna-sola-in-mladinski-vrh-o-podnebnih-spremembah\/#article","isPartOf":{"@id":"https:\/\/izo.si\/en\/poletna-sola-in-mladinski-vrh-o-podnebnih-spremembah\/"},"author":{"name":"info@izo.si","@id":"https:\/\/izo.si\/#\/schema\/person\/7c1d308fe359416255fc3003e716015d"},"headline":"Poletna \u0161ola in mladinski vrh o podnebnih spremembah","datePublished":"2022-04-25T08:32:00+00:00","dateModified":"2022-05-30T13:58:54+00:00","mainEntityOfPage":{"@id":"https:\/\/izo.si\/en\/poletna-sola-in-mladinski-vrh-o-podnebnih-spremembah\/"},"wordCount":307,"publisher":{"@id":"https:\/\/izo.si\/#organization"},"image":{"@id":"https:\/\/izo.si\/en\/poletna-sola-in-mladinski-vrh-o-podnebnih-spremembah\/#primaryimage"},"thumbnailUrl":"https:\/\/izo.si\/wp-content\/uploads\/2022\/04\/Poletna-s\u030cola-Sustainaware-.png","articleSection":["Novice"],"inLanguage":"en-GB"},{"@type":"WebPage","@id":"https:\/\/izo.si\/en\/poletna-sola-in-mladinski-vrh-o-podnebnih-spremembah\/","url":"https:\/\/izo.si\/en\/poletna-sola-in-mladinski-vrh-o-podnebnih-spremembah\/","name":"Poletna \u0161ola in mladinski vrh o podnebnih spremembah - IZO","isPartOf":{"@id":"https:\/\/izo.si\/#website"},"primaryImageOfPage":{"@id":"https:\/\/izo.si\/en\/poletna-sola-in-mladinski-vrh-o-podnebnih-spremembah\/#primaryimage"},"image":{"@id":"https:\/\/izo.si\/en\/poletna-sola-in-mladinski-vrh-o-podnebnih-spremembah\/#primaryimage"},"thumbnailUrl":"https:\/\/izo.si\/wp-content\/uploads\/2022\/04\/Poletna-s\u030cola-Sustainaware-.png","datePublished":"2022-04-25T08:32:00+00:00","dateModified":"2022-05-30T13:58:54+00:00","breadcrumb":{"@id":"https:\/\/izo.si\/en\/poletna-sola-in-mladinski-vrh-o-podnebnih-spremembah\/#breadcrumb"},"inLanguage":"en-GB","potentialAction":[{"@type":"ReadAction","target":["https:\/\/izo.si\/en\/poletna-sola-in-mladinski-vrh-o-podnebnih-spremembah\/"]}]},{"@type":"ImageObject","inLanguage":"en-GB","@id":"https:\/\/izo.si\/en\/poletna-sola-in-mladinski-vrh-o-podnebnih-spremembah\/#primaryimage","url":"https:\/\/izo.si\/wp-content\/uploads\/2022\/04\/Poletna-s\u030cola-Sustainaware-.png","contentUrl":"https:\/\/izo.si\/wp-content\/uploads\/2022\/04\/Poletna-s\u030cola-Sustainaware-.png","width":940,"height":788},{"@type":"BreadcrumbList","@id":"https:\/\/izo.si\/en\/poletna-sola-in-mladinski-vrh-o-podnebnih-spremembah\/#breadcrumb","itemListElement":[{"@type":"ListItem","position":1,"name":"Home","item":"https:\/\/izo.si\/"},{"@type":"ListItem","position":2,"name":"Poletna \u0161ola in mladinski vrh o podnebnih spremembah"}]},{"@type":"WebSite","@id":"https:\/\/izo.si\/#website","url":"https:\/\/izo.si\/","name":"IZO","description":"Institute for Health and Environment","publisher":{"@id":"https:\/\/izo.si\/#organization"},"potentialAction":[{"@type":"SearchAction","target":{"@type":"EntryPoint","urlTemplate":"https:\/\/izo.si\/?s={search_term_string}"},"query-input":{"@type":"PropertyValueSpecification","valueRequired":true,"valueName":"search_term_string"}}],"inLanguage":"en-GB"},{"@type":"Organization","@id":"https:\/\/izo.si\/#organization","name":"IZO","url":"https:\/\/izo.si\/","logo":{"@type":"ImageObject","inLanguage":"en-GB","@id":"https:\/\/izo.si\/#\/schema\/logo\/image\/","url":"https:\/\/izo.si\/wp-content\/uploads\/2021\/01\/izo-logo@2x.png","contentUrl":"https:\/\/izo.si\/wp-content\/uploads\/2021\/01\/izo-logo@2x.png","width":262,"height":139,"caption":"IZO"},"image":{"@id":"https:\/\/izo.si\/#\/schema\/logo\/image\/"}},{"@type":"Person","@id":"https:\/\/izo.si\/#\/schema\/person\/7c1d308fe359416255fc3003e716015d","name":"info@izo.si","image":{"@type":"ImageObject","inLanguage":"en-GB","@id":"https:\/\/izo.si\/#\/schema\/person\/image\/","url":"https:\/\/secure.gravatar.com\/avatar\/6119564cb294b108df0fe93b796cfc2f405adef8ccb4e9788179335543b4f393?s=96&d=mm&r=g","contentUrl":"https:\/\/secure.gravatar.com\/avatar\/6119564cb294b108df0fe93b796cfc2f405adef8ccb4e9788179335543b4f393?s=96&d=mm&r=g","caption":"info@izo.si"},"url":"https:\/\/izo.si\/en\/author\/infoizo-si\/"}]}},"_links":{"self":[{"href":"https:\/\/izo.si\/en\/wp-json\/wp\/v2\/posts\/2990","targetHints":{"allow":["GET"]}}],"collection":[{"href":"https:\/\/izo.si\/en\/wp-json\/wp\/v2\/posts"}],"about":[{"href":"https:\/\/izo.si\/en\/wp-json\/wp\/v2\/types\/post"}],"author":[{"embeddable":true,"href":"https:\/\/izo.si\/en\/wp-json\/wp\/v2\/users\/8"}],"replies":[{"embeddable":true,"href":"https:\/\/izo.si\/en\/wp-json\/wp\/v2\/comments?post=2990"}],"version-history":[{"count":2,"href":"https:\/\/izo.si\/en\/wp-json\/wp\/v2\/posts\/2990\/revisions"}],"predecessor-version":[{"id":3084,"href":"https:\/\/izo.si\/en\/wp-json\/wp\/v2\/posts\/2990\/revisions\/3084"}],"wp:featuredmedia":[{"embeddable":true,"href":"https:\/\/izo.si\/en\/wp-json\/wp\/v2\/media\/2991"}],"wp:attachment":[{"href":"https:\/\/izo.si\/en\/wp-json\/wp\/v2\/media?parent=2990"}],"wp:term":[{"taxonomy":"category","embeddable":true,"href":"https:\/\/izo.si\/en\/wp-json\/wp\/v2\/categories?post=2990"},{"taxonomy":"post_tag","embeddable":true,"href":"https:\/\/izo.si\/en\/wp-json\/wp\/v2\/tags?post=2990"}],"curies":[{"name":"wp","href":"https:\/\/api.w.org\/{rel}","templated":true}]}}