{"id":2973,"date":"2022-04-18T08:09:21","date_gmt":"2022-04-18T06:09:21","guid":{"rendered":"https:\/\/izo.si\/?p=2973"},"modified":"2022-04-18T09:25:38","modified_gmt":"2022-04-18T07:25:38","slug":"sporocilo-za-javnost-gaja-ena-sama","status":"publish","type":"post","link":"https:\/\/izo.si\/en\/sporocilo-za-javnost-gaja-ena-sama\/","title":{"rendered":"Sporo\u010dilo za javnost: Gaja \u2013 ena sama!"},"content":{"rendered":"<p><strong>Ljubljana, 18. april 2022 \u2013 <\/strong>Danes obele\u017eujemo dan ekolo\u0161kega dolga za Slovenijo. \u0160e posebej zaskrbljujo\u010de je, da je ta letos prehitel dan Zemlje, ki ga praznujemo 22. aprila. To pomeni, da smo do dana\u0161njega dne Slovenci porabili \u017ee vse vire in ekosistemske storitve na\u0161ega planeta, ki jih lahko Zemlja obnovi v enem letu, zato bomo ve\u010d kot osem mesecev do konca leta \u017eiveli v t. i. ekolo\u0161kem dolgu.<\/p>\n\n\n\n<p>Ve\u010d kot o\u010ditno je, da na\u0161e \u017eivljenjske navade vse bolj iz\u010drpavajo naravno okolje na\u0161ega planeta. Na Zemlji je 12,2 milijarde hektarjev produktivnih povr\u0161in (npr. travniki, pa\u0161niki, obdelovalne povr\u0161ine, ribolovna obmo\u010dja). To pomeni, da ima vsak prebivalec na\u0161ega planeta pribli\u017eno 1,6 hektarja rodovitne povr\u0161ine za zadovoljevanje svojih potreb po naravnih virih, trenutni ekolo\u0161ki odtis slovenskega prebivalca pa v povpre\u010dju zna\u0161a kar 5,37 gha. Z drugimi besedami: \u010de bi vsi na svetu \u017eiveli kot Slovenci, bi potrebovali 3,4 planeta v velikosti Zemlje.[1]<\/p>\n\n\n\n<p><\/p>\n\n\n\n<div class=\"wp-block-image\"><figure class=\"aligncenter size-large is-resized\"><img fetchpriority=\"high\" decoding=\"async\" src=\"https:\/\/izo.si\/wp-content\/uploads\/2022\/04\/Ekolos\u030cki-odtis-drz\u030cav-1024x1024.png\" alt=\"\" class=\"wp-image-2977\" width=\"768\" height=\"768\" srcset=\"https:\/\/izo.si\/wp-content\/uploads\/2022\/04\/Ekolos\u030cki-odtis-drz\u030cav-1024x1024.png 1024w, https:\/\/izo.si\/wp-content\/uploads\/2022\/04\/Ekolos\u030cki-odtis-drz\u030cav-300x300.png 300w, https:\/\/izo.si\/wp-content\/uploads\/2022\/04\/Ekolos\u030cki-odtis-drz\u030cav-150x150.png 150w, https:\/\/izo.si\/wp-content\/uploads\/2022\/04\/Ekolos\u030cki-odtis-drz\u030cav-768x768.png 768w, https:\/\/izo.si\/wp-content\/uploads\/2022\/04\/Ekolos\u030cki-odtis-drz\u030cav-1536x1536.png 1536w, https:\/\/izo.si\/wp-content\/uploads\/2022\/04\/Ekolos\u030cki-odtis-drz\u030cav-2048x2048.png 2048w\" sizes=\"(max-width: 768px) 100vw, 768px\" \/><\/figure><\/div>\n\n\n\n<p>Lani smo dan ekolo\u0161kega dolga za Slovenijo obele\u017eevali 30. aprila in ob tem opozorili na skrb vzbujajo\u010d trend, da je slednji vsako leto bli\u017eje svetovnemu dnevu Zemlje. Takrat je Toma\u017e Gorenc, direktor In\u0161tituta za zdravje in okolje, dejal, da se lahko \u00bb<em>kaj hitro zgodi, da bomo oba jubileja &#8220;praznovali&#8221; na isti dan.<\/em>\u00ab<\/p>\n\n\n\n<p>Nismo pa pri\u010dakovali, da bomo \u017ee leto kasneje dan ekolo\u0161kega dolga obele\u017eevali kar \u0161tiri dni pred praznikom Zemlje: \u00bb<em>To samo \u0161e potrjuje dejstvo, kako problemati\u010den je trend rabe in upravljanja z naravnimi viri in ekosistemskimi storitvami. Slednje se med drugim ka\u017ee v zmanj\u0161anju biotske raznovrstnosti in napredovanju podnebnih sprememb, ki po epidemiji in aktualni vojni v Ukrajini ostajata obrobna tema. Slednje je tudi v skladu z najnovej\u0161im poro\u010dilom Mednarodnega panela za podnebne spremembe (IPCC) 2022, ki poudarja nujnost podnebnih ukrepov. Nujna sta tudi ustrezno financiranje slednjih in politi\u010dna zavezanost, ki vodita k u\u010dinkovitej\u0161emu prilagajanju podnebnim spremembam in zmanj\u0161anju emisij. Ravno v \u010dasu volilne kampanje moramo biti kot aktivni dr\u017eavljani pozorni tudi na okoljske vidike v strankarskih programih, ki naslavljajo klju\u010dne teme in vizije o tem, kak\u0161na bo na\u0161a okoljska, prometna, kmetijska ali energetska prihodnost. Kako hitro bomo na primer zmanj\u0161ali intenzivno rabo fosilnih goriv? Celostni ukrepi na ravni dru\u017ebe lahko namre\u010d posamezniku pomagajo \u017eiveti bolj u\u010dinkovito in trajnostno.<\/em>\u00ab<\/p>\n\n\n\n<p>Vedno zgodnej\u0161i datum dneva ekolo\u0161kega dolga ka\u017ee na dejstvo, da s svojim planetom ne ravnamo tako, kot bi morali, zato so nujno potrebne spremembe. In ravno to je namen svetovnega dneva Zemlje \u2013 ozave\u0161\u010danje o na\u0161em planetu, o tem, kako ga lahko zavarujemo in za\u0161\u010ditimo. Da bi to dosegli, se moramo predvsem zavedati vpliva svojih dejanj. Ker smo ljudje vizualna bitja, pa se posledic svojega ravnanja pogosto za\u010dnemo zavedati \u0161ele, ko smo z njimi soo\u010deni.<\/p>\n\n\n\n<div class=\"wp-block-image\"><figure class=\"alignright size-large is-resized\"><img decoding=\"async\" src=\"https:\/\/izo.si\/wp-content\/uploads\/2022\/04\/Foto_Tit_Bonac_Studio_Zelezna-3-683x1024.jpg\" alt=\"\" class=\"wp-image-2976\" width=\"296\" height=\"443\" srcset=\"https:\/\/izo.si\/wp-content\/uploads\/2022\/04\/Foto_Tit_Bonac_Studio_Zelezna-3-683x1024.jpg 683w, https:\/\/izo.si\/wp-content\/uploads\/2022\/04\/Foto_Tit_Bonac_Studio_Zelezna-3-200x300.jpg 200w, https:\/\/izo.si\/wp-content\/uploads\/2022\/04\/Foto_Tit_Bonac_Studio_Zelezna-3-768x1152.jpg 768w, https:\/\/izo.si\/wp-content\/uploads\/2022\/04\/Foto_Tit_Bonac_Studio_Zelezna-3-1024x1536.jpg 1024w, https:\/\/izo.si\/wp-content\/uploads\/2022\/04\/Foto_Tit_Bonac_Studio_Zelezna-3-1366x2048.jpg 1366w, https:\/\/izo.si\/wp-content\/uploads\/2022\/04\/Foto_Tit_Bonac_Studio_Zelezna-3-scaled.jpg 1707w\" sizes=\"(max-width: 296px) 100vw, 296px\" \/><figcaption><em>Ur\u0161ka Ko\u0161ir (foto: Tit Bona\u010d, Studio \u017delezna)<\/em><\/figcaption><\/figure><\/div>\n\n\n\n<p>Ob tej prilo\u017enosti najavljamo sodelovanje pri razstavi \u00bbGaja \u2013 ena sama!\u00ab priznane slovenske fotografinje Ur\u0161ke Ko\u0161ir v sodelovanju s Turizmom Ljubljana in ob podpori Studia \u017delezna. Razstavo si boste lahko ogledali na Krakovskem nasipu, na voljo pa bo ravno od 22. aprila 2022, dneva, namenjenega ozave\u0161\u010danju o edinstvenosti Zemlje.<\/p>\n\n\n\n<p>Razstava bo upodabljala problematiko aktualnega \u017eivljenjskega sloga, kot so brezglavo potro\u0161ni\u0161tvo, uni\u010devanje krajine ter podnebne spremembe, ki se na razli\u010dne na\u010dine ka\u017eejo na kakovosti na\u0161ega \u017eivljenja in vplivajo na na\u0161e zdravje. Naslov razstave je izpeljan iz reka \u00bbMama je ena sama.\u00ab Tudi na\u0161a Zemlja oziroma mama Gaja je namre\u010d ena sama, kar je fotografinji slu\u017eilo kot inspiracija pri zasnovi projekta: \u00bb<em>Gaja je ena sama in si nikakor ne zaslu\u017ei tak\u0161nega nehvale\u017enega ravnanja s svojimi viri. Ukrepati moramo sedaj, vsi skupaj, vklju\u010dno s politiko in \u0161e posebej korporacijami, preden bo prepozno. \u017dal je trenutno pri sprejemanju &#8220;zelenih&#8221; odlo\u010ditev \u0161e vedno na prvem mestu koristoljubje. \u200b\u010ce se nave\u017eem na znan indijanski pregovor: Ko bomo posekali zadnje drevo, ujeli zadnjo ribo in zastrupili zadnjo kapljo vode, bomo spoznali, da se od denarja ne da \u017eiveti. In potem nam res ostane samo \u0161e pobeg na Mars.<\/em>\u00ab<\/p>\n\n\n\n<p>Namen fotografij je spodbuditi spoznanje vsakega posameznika, da gre za zelo aktualno tematiko, v kateri smo vsi del te\u017eave. Dobra novica pa je, da smo hkrati lahko tudi del re\u0161itve! Razstava bo zato za vsako od vklju\u010denih problematik predstavila tudi re\u0161itev oziroma dobro prakso, ki jo lahko zasledimo v Sloveniji. Del razstave pa bo tudi <a href=\"https:\/\/izo.si\/en\/izracunaj-ekoloski-odtis\/\">kalkulator ekolo\u0161kega odtisa<\/a>, ki smo ga lani predstavili v okviru projekta <a href=\"https:\/\/sustainaware.net\/\">Sustainaware<\/a>. Projekt je del Evropske pobude za podnebje (EUKI) v okviru nem\u0161kega Zveznega ministrstva za gospodarske zadeve in podnebne ukrepe, sofinancira pa ga tudi Evropska unija. Kalkulator izra\u010duna ekolo\u0161ki odtis posameznika glede na njegovo vedenje in navade, kar predstavlja prvi korak k ve\u010dji ozave\u0161\u010denosti o pomenu ekolo\u0161kega odtisa.<\/p>\n\n\n\n<div class=\"wp-block-image\"><figure class=\"aligncenter size-large is-resized\"><a href=\"https:\/\/izo.si\/en\/izracunaj-ekoloski-odtis\/\"><img decoding=\"async\" src=\"https:\/\/izo.si\/wp-content\/uploads\/2021\/12\/Screen-Shot-2021-12-30-at-16.25.50-1024x416.png\" alt=\"\" class=\"wp-image-2586\" width=\"768\" height=\"312\" srcset=\"https:\/\/izo.si\/wp-content\/uploads\/2021\/12\/Screen-Shot-2021-12-30-at-16.25.50-1024x416.png 1024w, https:\/\/izo.si\/wp-content\/uploads\/2021\/12\/Screen-Shot-2021-12-30-at-16.25.50-300x122.png 300w, https:\/\/izo.si\/wp-content\/uploads\/2021\/12\/Screen-Shot-2021-12-30-at-16.25.50-768x312.png 768w, https:\/\/izo.si\/wp-content\/uploads\/2021\/12\/Screen-Shot-2021-12-30-at-16.25.50.png 1274w\" sizes=\"(max-width: 768px) 100vw, 768px\" \/><\/a><\/figure><\/div>\n\n\n\n<p>Slednje lahko znatno pripomore k doseganju cilja iz Strategije razvoja Slovenije do leta 2030 za zmanj\u0161evanje ekolo\u0161kega odtisa na prebivalca. Kalkulator poda tudi predloge o vsakdanjih manj\u0161ih spremembah posameznika, s katerimi lahko ta zmanj\u0161a svoj odtis.&nbsp;<\/p>\n\n\n\n<p>Tako lahko vsi pomagamo na poti do re\u0161itve za bolj\u0161i svet, najpomembnej\u0161i pa je prvi korak \u2013 zavedanje, da je ukrepanje nujno in neizbe\u017eno.<\/p>\n\n\n\n<p><strong>Kontakti:<\/strong><\/p>\n\n\n\n<p><em>Toma\u017e Gorenc, In\u0161titut za zdravje in okolje, <\/em><a href=\"mailto:tomaz.gorenc@izo.si\"><em>tomaz.gorenc@izo.si<\/em><\/a><em>, +386 40 493 460<\/em><\/p>\n\n\n\n<div class=\"wp-block-image\"><figure class=\"aligncenter size-full is-resized\"><img loading=\"lazy\" decoding=\"async\" src=\"https:\/\/izo.si\/wp-content\/uploads\/2022\/04\/Screen-Shot-2022-04-18-at-07.57.13.png\" alt=\"\" class=\"wp-image-2975\" width=\"548\" height=\"132\" srcset=\"https:\/\/izo.si\/wp-content\/uploads\/2022\/04\/Screen-Shot-2022-04-18-at-07.57.13.png 731w, https:\/\/izo.si\/wp-content\/uploads\/2022\/04\/Screen-Shot-2022-04-18-at-07.57.13-300x72.png 300w\" sizes=\"(max-width: 548px) 100vw, 548px\" \/><\/figure><\/div>\n\n\n\n<hr class=\"wp-block-separator\"\/>\n\n\n\n<p>\u00a0[1] (1,6\/5,37) * 365 = 108 dan (18. april): 5,37 gha je odtis za Slovenijo, 1,6 gha je globalna biokapaciteta. \u010ce bi vsi na svetu \u017eiveli kot Slovenci, bi potrebovali 3,4 planeta. Vir: https:\/\/www.overshootday.org\/how-many-earths-or-countries-do-we-need\/<\/p>\n\n\n\n<p><\/p>\n\n\n\n<p>Avtorica naslovne fotografije je Ur\u0161ka Ko\u0161ir za Studio \u017delezna.<\/p>","protected":false},"excerpt":{"rendered":"<p>Ljubljana, 18. april 2022 \u2013 Danes obele\u017eujemo dan ekolo\u0161kega dolga za Slovenijo. \u0160e posebej zaskrbljujo\u010de je, da je ta letos prehitel dan Zemlje, ki ga praznujemo 22. aprila. To pomeni, da smo do dana\u0161njega dne Slovenci porabili \u017ee vse vire in ekosistemske storitve na\u0161ega planeta, ki jih lahko Zemlja obnovi v enem letu, zato bomo [&hellip;]<\/p>","protected":false},"author":8,"featured_media":2979,"comment_status":"closed","ping_status":"closed","sticky":false,"template":"","format":"standard","meta":{"_monsterinsights_skip_tracking":false,"_monsterinsights_sitenote_active":false,"_monsterinsights_sitenote_note":"","_monsterinsights_sitenote_category":0,"_uf_show_specific_survey":0,"_uf_disable_surveys":false,"footnotes":""},"categories":[7],"tags":[],"class_list":["post-2973","post","type-post","status-publish","format-standard","has-post-thumbnail","hentry","category-novice"],"aioseo_notices":[],"yoast_head":"<!-- This site is optimized with the Yoast SEO plugin v24.5 - https:\/\/yoast.com\/wordpress\/plugins\/seo\/ -->\n<title>Sporo\u010dilo za javnost: Gaja \u2013 ena sama! - IZO<\/title>\n<meta name=\"robots\" content=\"index, follow, max-snippet:-1, max-image-preview:large, max-video-preview:-1\" \/>\n<link rel=\"canonical\" href=\"https:\/\/izo.si\/en\/sporocilo-za-javnost-gaja-ena-sama\/\" \/>\n<meta property=\"og:locale\" content=\"en_GB\" \/>\n<meta property=\"og:type\" content=\"article\" \/>\n<meta property=\"og:title\" content=\"Sporo\u010dilo za javnost: Gaja \u2013 ena sama! - IZO\" \/>\n<meta property=\"og:description\" content=\"Ljubljana, 18. april 2022 \u2013 Danes obele\u017eujemo dan ekolo\u0161kega dolga za Slovenijo. \u0160e posebej zaskrbljujo\u010de je, da je ta letos prehitel dan Zemlje, ki ga praznujemo 22. aprila. To pomeni, da smo do dana\u0161njega dne Slovenci porabili \u017ee vse vire in ekosistemske storitve na\u0161ega planeta, ki jih lahko Zemlja obnovi v enem letu, zato bomo [&hellip;]\" \/>\n<meta property=\"og:url\" content=\"https:\/\/izo.si\/en\/sporocilo-za-javnost-gaja-ena-sama\/\" \/>\n<meta property=\"og:site_name\" content=\"IZO\" \/>\n<meta property=\"article:published_time\" content=\"2022-04-18T06:09:21+00:00\" \/>\n<meta property=\"article:modified_time\" content=\"2022-04-18T07:25:38+00:00\" \/>\n<meta property=\"og:image\" content=\"https:\/\/izo.si\/wp-content\/uploads\/2022\/04\/image0.jpeg\" \/>\n\t<meta property=\"og:image:width\" content=\"976\" \/>\n\t<meta property=\"og:image:height\" content=\"1280\" \/>\n\t<meta property=\"og:image:type\" content=\"image\/jpeg\" \/>\n<meta name=\"author\" content=\"info@izo.si\" \/>\n<meta name=\"twitter:card\" content=\"summary_large_image\" \/>\n<meta name=\"twitter:label1\" content=\"Written by\" \/>\n\t<meta name=\"twitter:data1\" content=\"info@izo.si\" \/>\n\t<meta name=\"twitter:label2\" content=\"Estimated reading time\" \/>\n\t<meta name=\"twitter:data2\" content=\"5 minutes\" \/>\n<script type=\"application\/ld+json\" class=\"yoast-schema-graph\">{\"@context\":\"https:\/\/schema.org\",\"@graph\":[{\"@type\":\"Article\",\"@id\":\"https:\/\/izo.si\/en\/sporocilo-za-javnost-gaja-ena-sama\/#article\",\"isPartOf\":{\"@id\":\"https:\/\/izo.si\/en\/sporocilo-za-javnost-gaja-ena-sama\/\"},\"author\":{\"name\":\"info@izo.si\",\"@id\":\"https:\/\/izo.si\/#\/schema\/person\/7c1d308fe359416255fc3003e716015d\"},\"headline\":\"Sporo\u010dilo za javnost: Gaja \u2013 ena sama!\",\"datePublished\":\"2022-04-18T06:09:21+00:00\",\"dateModified\":\"2022-04-18T07:25:38+00:00\",\"mainEntityOfPage\":{\"@id\":\"https:\/\/izo.si\/en\/sporocilo-za-javnost-gaja-ena-sama\/\"},\"wordCount\":941,\"publisher\":{\"@id\":\"https:\/\/izo.si\/#organization\"},\"image\":{\"@id\":\"https:\/\/izo.si\/en\/sporocilo-za-javnost-gaja-ena-sama\/#primaryimage\"},\"thumbnailUrl\":\"https:\/\/izo.si\/wp-content\/uploads\/2022\/04\/image0.jpeg\",\"articleSection\":[\"Novice\"],\"inLanguage\":\"en-GB\"},{\"@type\":\"WebPage\",\"@id\":\"https:\/\/izo.si\/en\/sporocilo-za-javnost-gaja-ena-sama\/\",\"url\":\"https:\/\/izo.si\/en\/sporocilo-za-javnost-gaja-ena-sama\/\",\"name\":\"Sporo\u010dilo za javnost: Gaja \u2013 ena sama! - IZO\",\"isPartOf\":{\"@id\":\"https:\/\/izo.si\/#website\"},\"primaryImageOfPage\":{\"@id\":\"https:\/\/izo.si\/en\/sporocilo-za-javnost-gaja-ena-sama\/#primaryimage\"},\"image\":{\"@id\":\"https:\/\/izo.si\/en\/sporocilo-za-javnost-gaja-ena-sama\/#primaryimage\"},\"thumbnailUrl\":\"https:\/\/izo.si\/wp-content\/uploads\/2022\/04\/image0.jpeg\",\"datePublished\":\"2022-04-18T06:09:21+00:00\",\"dateModified\":\"2022-04-18T07:25:38+00:00\",\"breadcrumb\":{\"@id\":\"https:\/\/izo.si\/en\/sporocilo-za-javnost-gaja-ena-sama\/#breadcrumb\"},\"inLanguage\":\"en-GB\",\"potentialAction\":[{\"@type\":\"ReadAction\",\"target\":[\"https:\/\/izo.si\/en\/sporocilo-za-javnost-gaja-ena-sama\/\"]}]},{\"@type\":\"ImageObject\",\"inLanguage\":\"en-GB\",\"@id\":\"https:\/\/izo.si\/en\/sporocilo-za-javnost-gaja-ena-sama\/#primaryimage\",\"url\":\"https:\/\/izo.si\/wp-content\/uploads\/2022\/04\/image0.jpeg\",\"contentUrl\":\"https:\/\/izo.si\/wp-content\/uploads\/2022\/04\/image0.jpeg\",\"width\":976,\"height\":1280},{\"@type\":\"BreadcrumbList\",\"@id\":\"https:\/\/izo.si\/en\/sporocilo-za-javnost-gaja-ena-sama\/#breadcrumb\",\"itemListElement\":[{\"@type\":\"ListItem\",\"position\":1,\"name\":\"Home\",\"item\":\"https:\/\/izo.si\/\"},{\"@type\":\"ListItem\",\"position\":2,\"name\":\"Sporo\u010dilo za javnost: Gaja \u2013 ena sama!\"}]},{\"@type\":\"WebSite\",\"@id\":\"https:\/\/izo.si\/#website\",\"url\":\"https:\/\/izo.si\/\",\"name\":\"IZO\",\"description\":\"In\u0161titut za zdravje in okolje\",\"publisher\":{\"@id\":\"https:\/\/izo.si\/#organization\"},\"potentialAction\":[{\"@type\":\"SearchAction\",\"target\":{\"@type\":\"EntryPoint\",\"urlTemplate\":\"https:\/\/izo.si\/?s={search_term_string}\"},\"query-input\":{\"@type\":\"PropertyValueSpecification\",\"valueRequired\":true,\"valueName\":\"search_term_string\"}}],\"inLanguage\":\"en-GB\"},{\"@type\":\"Organization\",\"@id\":\"https:\/\/izo.si\/#organization\",\"name\":\"IZO\",\"url\":\"https:\/\/izo.si\/\",\"logo\":{\"@type\":\"ImageObject\",\"inLanguage\":\"en-GB\",\"@id\":\"https:\/\/izo.si\/#\/schema\/logo\/image\/\",\"url\":\"https:\/\/izo.si\/wp-content\/uploads\/2021\/01\/izo-logo@2x.png\",\"contentUrl\":\"https:\/\/izo.si\/wp-content\/uploads\/2021\/01\/izo-logo@2x.png\",\"width\":262,\"height\":139,\"caption\":\"IZO\"},\"image\":{\"@id\":\"https:\/\/izo.si\/#\/schema\/logo\/image\/\"}},{\"@type\":\"Person\",\"@id\":\"https:\/\/izo.si\/#\/schema\/person\/7c1d308fe359416255fc3003e716015d\",\"name\":\"info@izo.si\",\"image\":{\"@type\":\"ImageObject\",\"inLanguage\":\"en-GB\",\"@id\":\"https:\/\/izo.si\/#\/schema\/person\/image\/\",\"url\":\"https:\/\/secure.gravatar.com\/avatar\/6119564cb294b108df0fe93b796cfc2f405adef8ccb4e9788179335543b4f393?s=96&d=mm&r=g\",\"contentUrl\":\"https:\/\/secure.gravatar.com\/avatar\/6119564cb294b108df0fe93b796cfc2f405adef8ccb4e9788179335543b4f393?s=96&d=mm&r=g\",\"caption\":\"info@izo.si\"},\"url\":\"https:\/\/izo.si\/en\/author\/infoizo-si\/\"}]}<\/script>\n<!-- \/ Yoast SEO plugin. -->","yoast_head_json":{"title":"Sporo\u010dilo za javnost: Gaja \u2013 ena sama! - IZO","robots":{"index":"index","follow":"follow","max-snippet":"max-snippet:-1","max-image-preview":"max-image-preview:large","max-video-preview":"max-video-preview:-1"},"canonical":"https:\/\/izo.si\/en\/sporocilo-za-javnost-gaja-ena-sama\/","og_locale":"en_GB","og_type":"article","og_title":"Sporo\u010dilo za javnost: Gaja \u2013 ena sama! - IZO","og_description":"Ljubljana, 18. april 2022 \u2013 Danes obele\u017eujemo dan ekolo\u0161kega dolga za Slovenijo. \u0160e posebej zaskrbljujo\u010de je, da je ta letos prehitel dan Zemlje, ki ga praznujemo 22. aprila. To pomeni, da smo do dana\u0161njega dne Slovenci porabili \u017ee vse vire in ekosistemske storitve na\u0161ega planeta, ki jih lahko Zemlja obnovi v enem letu, zato bomo [&hellip;]","og_url":"https:\/\/izo.si\/en\/sporocilo-za-javnost-gaja-ena-sama\/","og_site_name":"IZO","article_published_time":"2022-04-18T06:09:21+00:00","article_modified_time":"2022-04-18T07:25:38+00:00","og_image":[{"width":976,"height":1280,"url":"https:\/\/izo.si\/wp-content\/uploads\/2022\/04\/image0.jpeg","type":"image\/jpeg"}],"author":"info@izo.si","twitter_card":"summary_large_image","twitter_misc":{"Written by":"info@izo.si","Estimated reading time":"5 minutes"},"schema":{"@context":"https:\/\/schema.org","@graph":[{"@type":"Article","@id":"https:\/\/izo.si\/en\/sporocilo-za-javnost-gaja-ena-sama\/#article","isPartOf":{"@id":"https:\/\/izo.si\/en\/sporocilo-za-javnost-gaja-ena-sama\/"},"author":{"name":"info@izo.si","@id":"https:\/\/izo.si\/#\/schema\/person\/7c1d308fe359416255fc3003e716015d"},"headline":"Sporo\u010dilo za javnost: Gaja \u2013 ena sama!","datePublished":"2022-04-18T06:09:21+00:00","dateModified":"2022-04-18T07:25:38+00:00","mainEntityOfPage":{"@id":"https:\/\/izo.si\/en\/sporocilo-za-javnost-gaja-ena-sama\/"},"wordCount":941,"publisher":{"@id":"https:\/\/izo.si\/#organization"},"image":{"@id":"https:\/\/izo.si\/en\/sporocilo-za-javnost-gaja-ena-sama\/#primaryimage"},"thumbnailUrl":"https:\/\/izo.si\/wp-content\/uploads\/2022\/04\/image0.jpeg","articleSection":["Novice"],"inLanguage":"en-GB"},{"@type":"WebPage","@id":"https:\/\/izo.si\/en\/sporocilo-za-javnost-gaja-ena-sama\/","url":"https:\/\/izo.si\/en\/sporocilo-za-javnost-gaja-ena-sama\/","name":"Sporo\u010dilo za javnost: Gaja \u2013 ena sama! - IZO","isPartOf":{"@id":"https:\/\/izo.si\/#website"},"primaryImageOfPage":{"@id":"https:\/\/izo.si\/en\/sporocilo-za-javnost-gaja-ena-sama\/#primaryimage"},"image":{"@id":"https:\/\/izo.si\/en\/sporocilo-za-javnost-gaja-ena-sama\/#primaryimage"},"thumbnailUrl":"https:\/\/izo.si\/wp-content\/uploads\/2022\/04\/image0.jpeg","datePublished":"2022-04-18T06:09:21+00:00","dateModified":"2022-04-18T07:25:38+00:00","breadcrumb":{"@id":"https:\/\/izo.si\/en\/sporocilo-za-javnost-gaja-ena-sama\/#breadcrumb"},"inLanguage":"en-GB","potentialAction":[{"@type":"ReadAction","target":["https:\/\/izo.si\/en\/sporocilo-za-javnost-gaja-ena-sama\/"]}]},{"@type":"ImageObject","inLanguage":"en-GB","@id":"https:\/\/izo.si\/en\/sporocilo-za-javnost-gaja-ena-sama\/#primaryimage","url":"https:\/\/izo.si\/wp-content\/uploads\/2022\/04\/image0.jpeg","contentUrl":"https:\/\/izo.si\/wp-content\/uploads\/2022\/04\/image0.jpeg","width":976,"height":1280},{"@type":"BreadcrumbList","@id":"https:\/\/izo.si\/en\/sporocilo-za-javnost-gaja-ena-sama\/#breadcrumb","itemListElement":[{"@type":"ListItem","position":1,"name":"Home","item":"https:\/\/izo.si\/"},{"@type":"ListItem","position":2,"name":"Sporo\u010dilo za javnost: Gaja \u2013 ena sama!"}]},{"@type":"WebSite","@id":"https:\/\/izo.si\/#website","url":"https:\/\/izo.si\/","name":"IZO","description":"Institute for Health and Environment","publisher":{"@id":"https:\/\/izo.si\/#organization"},"potentialAction":[{"@type":"SearchAction","target":{"@type":"EntryPoint","urlTemplate":"https:\/\/izo.si\/?s={search_term_string}"},"query-input":{"@type":"PropertyValueSpecification","valueRequired":true,"valueName":"search_term_string"}}],"inLanguage":"en-GB"},{"@type":"Organization","@id":"https:\/\/izo.si\/#organization","name":"IZO","url":"https:\/\/izo.si\/","logo":{"@type":"ImageObject","inLanguage":"en-GB","@id":"https:\/\/izo.si\/#\/schema\/logo\/image\/","url":"https:\/\/izo.si\/wp-content\/uploads\/2021\/01\/izo-logo@2x.png","contentUrl":"https:\/\/izo.si\/wp-content\/uploads\/2021\/01\/izo-logo@2x.png","width":262,"height":139,"caption":"IZO"},"image":{"@id":"https:\/\/izo.si\/#\/schema\/logo\/image\/"}},{"@type":"Person","@id":"https:\/\/izo.si\/#\/schema\/person\/7c1d308fe359416255fc3003e716015d","name":"info@izo.si","image":{"@type":"ImageObject","inLanguage":"en-GB","@id":"https:\/\/izo.si\/#\/schema\/person\/image\/","url":"https:\/\/secure.gravatar.com\/avatar\/6119564cb294b108df0fe93b796cfc2f405adef8ccb4e9788179335543b4f393?s=96&d=mm&r=g","contentUrl":"https:\/\/secure.gravatar.com\/avatar\/6119564cb294b108df0fe93b796cfc2f405adef8ccb4e9788179335543b4f393?s=96&d=mm&r=g","caption":"info@izo.si"},"url":"https:\/\/izo.si\/en\/author\/infoizo-si\/"}]}},"_links":{"self":[{"href":"https:\/\/izo.si\/en\/wp-json\/wp\/v2\/posts\/2973","targetHints":{"allow":["GET"]}}],"collection":[{"href":"https:\/\/izo.si\/en\/wp-json\/wp\/v2\/posts"}],"about":[{"href":"https:\/\/izo.si\/en\/wp-json\/wp\/v2\/types\/post"}],"author":[{"embeddable":true,"href":"https:\/\/izo.si\/en\/wp-json\/wp\/v2\/users\/8"}],"replies":[{"embeddable":true,"href":"https:\/\/izo.si\/en\/wp-json\/wp\/v2\/comments?post=2973"}],"version-history":[{"count":6,"href":"https:\/\/izo.si\/en\/wp-json\/wp\/v2\/posts\/2973\/revisions"}],"predecessor-version":[{"id":2984,"href":"https:\/\/izo.si\/en\/wp-json\/wp\/v2\/posts\/2973\/revisions\/2984"}],"wp:featuredmedia":[{"embeddable":true,"href":"https:\/\/izo.si\/en\/wp-json\/wp\/v2\/media\/2979"}],"wp:attachment":[{"href":"https:\/\/izo.si\/en\/wp-json\/wp\/v2\/media?parent=2973"}],"wp:term":[{"taxonomy":"category","embeddable":true,"href":"https:\/\/izo.si\/en\/wp-json\/wp\/v2\/categories?post=2973"},{"taxonomy":"post_tag","embeddable":true,"href":"https:\/\/izo.si\/en\/wp-json\/wp\/v2\/tags?post=2973"}],"curies":[{"name":"wp","href":"https:\/\/api.w.org\/{rel}","templated":true}]}}