{"id":2799,"date":"2022-02-28T09:15:01","date_gmt":"2022-02-28T08:15:01","guid":{"rendered":"https:\/\/izo.si\/?p=2799"},"modified":"2022-02-28T09:18:27","modified_gmt":"2022-02-28T08:18:27","slug":"webinar-priloznosti-uporabe-zunanjega-prostora-sol-za-starejse-otroke-in-mladostnike","status":"publish","type":"post","link":"https:\/\/izo.si\/en\/webinar-priloznosti-uporabe-zunanjega-prostora-sol-za-starejse-otroke-in-mladostnike\/","title":{"rendered":"Webinar: Prilo\u017enosti uporabe zunanjega prostora \u0161ol za starej\u0161e otroke in mladostnike"},"content":{"rendered":"<p>V okviru Partnerstva za okolje in zdravje z Urbanisti\u010dnim in\u0161titutom RS organiziramo spletno izobra\u017eevanje o prilo\u017enostih uporabe zunanjega prostora \u0161ol, ki bo potekalo v sredo, <strong>9. marca 2022, od 16.00 do 17.30<\/strong>.<\/p>\n\n\n\n<p>Na dogodek se lahko prijavite\u00a0<a href=\"https:\/\/docs.google.com\/forms\/u\/4\/d\/e\/1FAIpQLSfuSaGd05UrlqK3-SG_HThRfBU3Rs029CG-8as6tvkmBC6czQ\/viewform?usp=sf_link\">info@izo.si<\/a>.<\/p>\n\n\n\n<figure class=\"wp-block-image size-full\"><img fetchpriority=\"high\" decoding=\"async\" width=\"768\" height=\"644\" src=\"https:\/\/izo.si\/wp-content\/uploads\/2022\/02\/1-1-768x644-1.png\" alt=\"\" class=\"wp-image-2800\" srcset=\"https:\/\/izo.si\/wp-content\/uploads\/2022\/02\/1-1-768x644-1.png 768w, https:\/\/izo.si\/wp-content\/uploads\/2022\/02\/1-1-768x644-1-300x252.png 300w\" sizes=\"(max-width: 768px) 100vw, 768px\" \/><\/figure>\n\n\n\n<p>Z ve\u010d strokovnimi in prakti\u010dno naravnanimi predstavitvami bomo udele\u017eencem predstavili razli\u010dne vidike, ki so pomembni za ustvarjanje ustreznih mo\u017enosti in krepitev uporabe zunanjega prostora osnovnih in srednjih \u0161ol tako v \u010dasu pouka kot izven njega.<br><br>Iskali bomo odgovore na vpra\u0161anja, kot so: Kateri so vidiki kakovosti zunanjega prostora \u0161ol? \u010cemu vse lahko slu\u017ei? Kak\u0161ne vse potrebe starej\u0161ih otrok in mladostnikov se lahko v njem uresni\u010dujejo? Kako pove\u010dati in izbolj\u0161ati obstoje\u010de potenciale za njegovo uporabo? Kaj so vidiki kakovostnega na\u010drtovanja in urejanja? Kako se lahko \u0161ola v to aktivno vklju\u010di? Kako lahko pristopimo k soustvarjanju vsestransko uporabnega in privla\u010dnega zunanjega prostora \u0161ole? Kak\u0161na je lahko pri tem vloga ravnatelja, u\u010diteljev, u\u010dencev in dijakov in kak\u0161na lokalne skupnosti?<br><br>Predavateljici, krajinski arhitektki z Urbanisti\u010dnega in\u0161tituta RS, mag. Ina \u0160uklje Erjavec in Jana Kozamernik, bosta na vpra\u0161anja posku\u0161ali odgovoriti s pomo\u010djo prakti\u010dnih primerov in izku\u0161enj.\u00a0<br><br>V drugem delu bomo odprli mo\u017enost za razpravo in sku\u0161ali \u010dim konkretneje odgovoriti na vpra\u0161anja udele\u017eencev glede urejanja ob\u0161olskega prostora, vklju\u010devanja u\u010diteljev in u\u010dencev v razli\u010dne procese, o potrebah, ki jih imajo \u0161ole glede uporabe zunanjega prostora v okviru kurikuluma glede na izku\u0161nje preteklih let, pa tudi o ovirah in problemih, s katerimi se na tem podro\u010dju sre\u010dujejo (npr. vzdr\u017eevanje, vandalizem ipd.).<br><br>Vabimo vas, da se nam pridru\u017eite v sredo, 9. marca 2022, ob 16.00! Prijave zbiramo\u00a0<a href=\"https:\/\/docs.google.com\/forms\/u\/4\/d\/e\/1FAIpQLSfuSaGd05UrlqK3-SG_HThRfBU3Rs029CG-8as6tvkmBC6czQ\/viewform?usp=sf_link\">info@izo.si<\/a>.<\/p>","protected":false},"excerpt":{"rendered":"<p>V okviru Partnerstva za okolje in zdravje z Urbanisti\u010dnim in\u0161titutom RS organiziramo spletno izobra\u017eevanje o prilo\u017enostih uporabe zunanjega prostora \u0161ol, ki bo potekalo v sredo, 9. marca 2022, od 16.00 do 17.30. Na dogodek se lahko prijavite\u00a0na povezavi. Z ve\u010d strokovnimi in prakti\u010dno naravnanimi predstavitvami bomo udele\u017eencem predstavili razli\u010dne vidike, ki so pomembni za ustvarjanje [&hellip;]<\/p>","protected":false},"author":8,"featured_media":2801,"comment_status":"closed","ping_status":"closed","sticky":false,"template":"","format":"standard","meta":{"_monsterinsights_skip_tracking":false,"_monsterinsights_sitenote_active":false,"_monsterinsights_sitenote_note":"","_monsterinsights_sitenote_category":0,"_uf_show_specific_survey":0,"_uf_disable_surveys":false,"footnotes":""},"categories":[7],"tags":[],"class_list":["post-2799","post","type-post","status-publish","format-standard","has-post-thumbnail","hentry","category-novice"],"aioseo_notices":[],"yoast_head":"<!-- This site is optimized with the Yoast SEO plugin v24.5 - https:\/\/yoast.com\/wordpress\/plugins\/seo\/ -->\n<title>Webinar: Prilo\u017enosti uporabe zunanjega prostora \u0161ol za starej\u0161e otroke in mladostnike - IZO<\/title>\n<meta name=\"robots\" content=\"index, follow, max-snippet:-1, max-image-preview:large, max-video-preview:-1\" \/>\n<link rel=\"canonical\" href=\"https:\/\/izo.si\/en\/webinar-priloznosti-uporabe-zunanjega-prostora-sol-za-starejse-otroke-in-mladostnike\/\" \/>\n<meta property=\"og:locale\" content=\"en_GB\" \/>\n<meta property=\"og:type\" content=\"article\" \/>\n<meta property=\"og:title\" content=\"Webinar: Prilo\u017enosti uporabe zunanjega prostora \u0161ol za starej\u0161e otroke in mladostnike - IZO\" \/>\n<meta property=\"og:description\" content=\"V okviru Partnerstva za okolje in zdravje z Urbanisti\u010dnim in\u0161titutom RS organiziramo spletno izobra\u017eevanje o prilo\u017enostih uporabe zunanjega prostora \u0161ol, ki bo potekalo v sredo, 9. marca 2022, od 16.00 do 17.30. Na dogodek se lahko prijavite\u00a0na povezavi. Z ve\u010d strokovnimi in prakti\u010dno naravnanimi predstavitvami bomo udele\u017eencem predstavili razli\u010dne vidike, ki so pomembni za ustvarjanje [&hellip;]\" \/>\n<meta property=\"og:url\" content=\"https:\/\/izo.si\/en\/webinar-priloznosti-uporabe-zunanjega-prostora-sol-za-starejse-otroke-in-mladostnike\/\" \/>\n<meta property=\"og:site_name\" content=\"IZO\" \/>\n<meta property=\"article:published_time\" content=\"2022-02-28T08:15:01+00:00\" \/>\n<meta property=\"article:modified_time\" content=\"2022-02-28T08:18:27+00:00\" \/>\n<meta property=\"og:image\" content=\"https:\/\/izo.si\/wp-content\/uploads\/2022\/02\/Izdelek-brez-naslova-3-768x644-1.png\" \/>\n\t<meta property=\"og:image:width\" content=\"768\" \/>\n\t<meta property=\"og:image:height\" content=\"644\" \/>\n\t<meta property=\"og:image:type\" content=\"image\/png\" \/>\n<meta name=\"author\" content=\"info@izo.si\" \/>\n<meta name=\"twitter:card\" content=\"summary_large_image\" \/>\n<meta name=\"twitter:label1\" content=\"Written by\" \/>\n\t<meta name=\"twitter:data1\" content=\"info@izo.si\" \/>\n\t<meta name=\"twitter:label2\" content=\"Estimated reading time\" \/>\n\t<meta name=\"twitter:data2\" content=\"1 minute\" \/>\n<script type=\"application\/ld+json\" class=\"yoast-schema-graph\">{\"@context\":\"https:\/\/schema.org\",\"@graph\":[{\"@type\":\"Article\",\"@id\":\"https:\/\/izo.si\/en\/webinar-priloznosti-uporabe-zunanjega-prostora-sol-za-starejse-otroke-in-mladostnike\/#article\",\"isPartOf\":{\"@id\":\"https:\/\/izo.si\/en\/webinar-priloznosti-uporabe-zunanjega-prostora-sol-za-starejse-otroke-in-mladostnike\/\"},\"author\":{\"name\":\"info@izo.si\",\"@id\":\"https:\/\/izo.si\/#\/schema\/person\/7c1d308fe359416255fc3003e716015d\"},\"headline\":\"Webinar: Prilo\u017enosti uporabe zunanjega prostora \u0161ol za starej\u0161e otroke in mladostnike\",\"datePublished\":\"2022-02-28T08:15:01+00:00\",\"dateModified\":\"2022-02-28T08:18:27+00:00\",\"mainEntityOfPage\":{\"@id\":\"https:\/\/izo.si\/en\/webinar-priloznosti-uporabe-zunanjega-prostora-sol-za-starejse-otroke-in-mladostnike\/\"},\"wordCount\":309,\"publisher\":{\"@id\":\"https:\/\/izo.si\/#organization\"},\"image\":{\"@id\":\"https:\/\/izo.si\/en\/webinar-priloznosti-uporabe-zunanjega-prostora-sol-za-starejse-otroke-in-mladostnike\/#primaryimage\"},\"thumbnailUrl\":\"https:\/\/izo.si\/wp-content\/uploads\/2022\/02\/Izdelek-brez-naslova-3-768x644-1.png\",\"articleSection\":[\"Novice\"],\"inLanguage\":\"en-GB\"},{\"@type\":\"WebPage\",\"@id\":\"https:\/\/izo.si\/en\/webinar-priloznosti-uporabe-zunanjega-prostora-sol-za-starejse-otroke-in-mladostnike\/\",\"url\":\"https:\/\/izo.si\/en\/webinar-priloznosti-uporabe-zunanjega-prostora-sol-za-starejse-otroke-in-mladostnike\/\",\"name\":\"Webinar: Prilo\u017enosti uporabe zunanjega prostora \u0161ol za starej\u0161e otroke in mladostnike - IZO\",\"isPartOf\":{\"@id\":\"https:\/\/izo.si\/#website\"},\"primaryImageOfPage\":{\"@id\":\"https:\/\/izo.si\/en\/webinar-priloznosti-uporabe-zunanjega-prostora-sol-za-starejse-otroke-in-mladostnike\/#primaryimage\"},\"image\":{\"@id\":\"https:\/\/izo.si\/en\/webinar-priloznosti-uporabe-zunanjega-prostora-sol-za-starejse-otroke-in-mladostnike\/#primaryimage\"},\"thumbnailUrl\":\"https:\/\/izo.si\/wp-content\/uploads\/2022\/02\/Izdelek-brez-naslova-3-768x644-1.png\",\"datePublished\":\"2022-02-28T08:15:01+00:00\",\"dateModified\":\"2022-02-28T08:18:27+00:00\",\"breadcrumb\":{\"@id\":\"https:\/\/izo.si\/en\/webinar-priloznosti-uporabe-zunanjega-prostora-sol-za-starejse-otroke-in-mladostnike\/#breadcrumb\"},\"inLanguage\":\"en-GB\",\"potentialAction\":[{\"@type\":\"ReadAction\",\"target\":[\"https:\/\/izo.si\/en\/webinar-priloznosti-uporabe-zunanjega-prostora-sol-za-starejse-otroke-in-mladostnike\/\"]}]},{\"@type\":\"ImageObject\",\"inLanguage\":\"en-GB\",\"@id\":\"https:\/\/izo.si\/en\/webinar-priloznosti-uporabe-zunanjega-prostora-sol-za-starejse-otroke-in-mladostnike\/#primaryimage\",\"url\":\"https:\/\/izo.si\/wp-content\/uploads\/2022\/02\/Izdelek-brez-naslova-3-768x644-1.png\",\"contentUrl\":\"https:\/\/izo.si\/wp-content\/uploads\/2022\/02\/Izdelek-brez-naslova-3-768x644-1.png\",\"width\":768,\"height\":644},{\"@type\":\"BreadcrumbList\",\"@id\":\"https:\/\/izo.si\/en\/webinar-priloznosti-uporabe-zunanjega-prostora-sol-za-starejse-otroke-in-mladostnike\/#breadcrumb\",\"itemListElement\":[{\"@type\":\"ListItem\",\"position\":1,\"name\":\"Home\",\"item\":\"https:\/\/izo.si\/\"},{\"@type\":\"ListItem\",\"position\":2,\"name\":\"Webinar: Prilo\u017enosti uporabe zunanjega prostora \u0161ol za starej\u0161e otroke in mladostnike\"}]},{\"@type\":\"WebSite\",\"@id\":\"https:\/\/izo.si\/#website\",\"url\":\"https:\/\/izo.si\/\",\"name\":\"IZO\",\"description\":\"In\u0161titut za zdravje in okolje\",\"publisher\":{\"@id\":\"https:\/\/izo.si\/#organization\"},\"potentialAction\":[{\"@type\":\"SearchAction\",\"target\":{\"@type\":\"EntryPoint\",\"urlTemplate\":\"https:\/\/izo.si\/?s={search_term_string}\"},\"query-input\":{\"@type\":\"PropertyValueSpecification\",\"valueRequired\":true,\"valueName\":\"search_term_string\"}}],\"inLanguage\":\"en-GB\"},{\"@type\":\"Organization\",\"@id\":\"https:\/\/izo.si\/#organization\",\"name\":\"IZO\",\"url\":\"https:\/\/izo.si\/\",\"logo\":{\"@type\":\"ImageObject\",\"inLanguage\":\"en-GB\",\"@id\":\"https:\/\/izo.si\/#\/schema\/logo\/image\/\",\"url\":\"https:\/\/izo.si\/wp-content\/uploads\/2021\/01\/izo-logo@2x.png\",\"contentUrl\":\"https:\/\/izo.si\/wp-content\/uploads\/2021\/01\/izo-logo@2x.png\",\"width\":262,\"height\":139,\"caption\":\"IZO\"},\"image\":{\"@id\":\"https:\/\/izo.si\/#\/schema\/logo\/image\/\"}},{\"@type\":\"Person\",\"@id\":\"https:\/\/izo.si\/#\/schema\/person\/7c1d308fe359416255fc3003e716015d\",\"name\":\"info@izo.si\",\"image\":{\"@type\":\"ImageObject\",\"inLanguage\":\"en-GB\",\"@id\":\"https:\/\/izo.si\/#\/schema\/person\/image\/\",\"url\":\"https:\/\/secure.gravatar.com\/avatar\/6119564cb294b108df0fe93b796cfc2f405adef8ccb4e9788179335543b4f393?s=96&d=mm&r=g\",\"contentUrl\":\"https:\/\/secure.gravatar.com\/avatar\/6119564cb294b108df0fe93b796cfc2f405adef8ccb4e9788179335543b4f393?s=96&d=mm&r=g\",\"caption\":\"info@izo.si\"},\"url\":\"https:\/\/izo.si\/en\/author\/infoizo-si\/\"}]}<\/script>\n<!-- \/ Yoast SEO plugin. -->","yoast_head_json":{"title":"Webinar: Prilo\u017enosti uporabe zunanjega prostora \u0161ol za starej\u0161e otroke in mladostnike - IZO","robots":{"index":"index","follow":"follow","max-snippet":"max-snippet:-1","max-image-preview":"max-image-preview:large","max-video-preview":"max-video-preview:-1"},"canonical":"https:\/\/izo.si\/en\/webinar-priloznosti-uporabe-zunanjega-prostora-sol-za-starejse-otroke-in-mladostnike\/","og_locale":"en_GB","og_type":"article","og_title":"Webinar: Prilo\u017enosti uporabe zunanjega prostora \u0161ol za starej\u0161e otroke in mladostnike - IZO","og_description":"V okviru Partnerstva za okolje in zdravje z Urbanisti\u010dnim in\u0161titutom RS organiziramo spletno izobra\u017eevanje o prilo\u017enostih uporabe zunanjega prostora \u0161ol, ki bo potekalo v sredo, 9. marca 2022, od 16.00 do 17.30. Na dogodek se lahko prijavite\u00a0na povezavi. Z ve\u010d strokovnimi in prakti\u010dno naravnanimi predstavitvami bomo udele\u017eencem predstavili razli\u010dne vidike, ki so pomembni za ustvarjanje [&hellip;]","og_url":"https:\/\/izo.si\/en\/webinar-priloznosti-uporabe-zunanjega-prostora-sol-za-starejse-otroke-in-mladostnike\/","og_site_name":"IZO","article_published_time":"2022-02-28T08:15:01+00:00","article_modified_time":"2022-02-28T08:18:27+00:00","og_image":[{"width":768,"height":644,"url":"https:\/\/izo.si\/wp-content\/uploads\/2022\/02\/Izdelek-brez-naslova-3-768x644-1.png","type":"image\/png"}],"author":"info@izo.si","twitter_card":"summary_large_image","twitter_misc":{"Written by":"info@izo.si","Estimated reading time":"1 minute"},"schema":{"@context":"https:\/\/schema.org","@graph":[{"@type":"Article","@id":"https:\/\/izo.si\/en\/webinar-priloznosti-uporabe-zunanjega-prostora-sol-za-starejse-otroke-in-mladostnike\/#article","isPartOf":{"@id":"https:\/\/izo.si\/en\/webinar-priloznosti-uporabe-zunanjega-prostora-sol-za-starejse-otroke-in-mladostnike\/"},"author":{"name":"info@izo.si","@id":"https:\/\/izo.si\/#\/schema\/person\/7c1d308fe359416255fc3003e716015d"},"headline":"Webinar: Prilo\u017enosti uporabe zunanjega prostora \u0161ol za starej\u0161e otroke in mladostnike","datePublished":"2022-02-28T08:15:01+00:00","dateModified":"2022-02-28T08:18:27+00:00","mainEntityOfPage":{"@id":"https:\/\/izo.si\/en\/webinar-priloznosti-uporabe-zunanjega-prostora-sol-za-starejse-otroke-in-mladostnike\/"},"wordCount":309,"publisher":{"@id":"https:\/\/izo.si\/#organization"},"image":{"@id":"https:\/\/izo.si\/en\/webinar-priloznosti-uporabe-zunanjega-prostora-sol-za-starejse-otroke-in-mladostnike\/#primaryimage"},"thumbnailUrl":"https:\/\/izo.si\/wp-content\/uploads\/2022\/02\/Izdelek-brez-naslova-3-768x644-1.png","articleSection":["Novice"],"inLanguage":"en-GB"},{"@type":"WebPage","@id":"https:\/\/izo.si\/en\/webinar-priloznosti-uporabe-zunanjega-prostora-sol-za-starejse-otroke-in-mladostnike\/","url":"https:\/\/izo.si\/en\/webinar-priloznosti-uporabe-zunanjega-prostora-sol-za-starejse-otroke-in-mladostnike\/","name":"Webinar: Prilo\u017enosti uporabe zunanjega prostora \u0161ol za starej\u0161e otroke in mladostnike - IZO","isPartOf":{"@id":"https:\/\/izo.si\/#website"},"primaryImageOfPage":{"@id":"https:\/\/izo.si\/en\/webinar-priloznosti-uporabe-zunanjega-prostora-sol-za-starejse-otroke-in-mladostnike\/#primaryimage"},"image":{"@id":"https:\/\/izo.si\/en\/webinar-priloznosti-uporabe-zunanjega-prostora-sol-za-starejse-otroke-in-mladostnike\/#primaryimage"},"thumbnailUrl":"https:\/\/izo.si\/wp-content\/uploads\/2022\/02\/Izdelek-brez-naslova-3-768x644-1.png","datePublished":"2022-02-28T08:15:01+00:00","dateModified":"2022-02-28T08:18:27+00:00","breadcrumb":{"@id":"https:\/\/izo.si\/en\/webinar-priloznosti-uporabe-zunanjega-prostora-sol-za-starejse-otroke-in-mladostnike\/#breadcrumb"},"inLanguage":"en-GB","potentialAction":[{"@type":"ReadAction","target":["https:\/\/izo.si\/en\/webinar-priloznosti-uporabe-zunanjega-prostora-sol-za-starejse-otroke-in-mladostnike\/"]}]},{"@type":"ImageObject","inLanguage":"en-GB","@id":"https:\/\/izo.si\/en\/webinar-priloznosti-uporabe-zunanjega-prostora-sol-za-starejse-otroke-in-mladostnike\/#primaryimage","url":"https:\/\/izo.si\/wp-content\/uploads\/2022\/02\/Izdelek-brez-naslova-3-768x644-1.png","contentUrl":"https:\/\/izo.si\/wp-content\/uploads\/2022\/02\/Izdelek-brez-naslova-3-768x644-1.png","width":768,"height":644},{"@type":"BreadcrumbList","@id":"https:\/\/izo.si\/en\/webinar-priloznosti-uporabe-zunanjega-prostora-sol-za-starejse-otroke-in-mladostnike\/#breadcrumb","itemListElement":[{"@type":"ListItem","position":1,"name":"Home","item":"https:\/\/izo.si\/"},{"@type":"ListItem","position":2,"name":"Webinar: Prilo\u017enosti uporabe zunanjega prostora \u0161ol za starej\u0161e otroke in mladostnike"}]},{"@type":"WebSite","@id":"https:\/\/izo.si\/#website","url":"https:\/\/izo.si\/","name":"IZO","description":"Institute for Health and Environment","publisher":{"@id":"https:\/\/izo.si\/#organization"},"potentialAction":[{"@type":"SearchAction","target":{"@type":"EntryPoint","urlTemplate":"https:\/\/izo.si\/?s={search_term_string}"},"query-input":{"@type":"PropertyValueSpecification","valueRequired":true,"valueName":"search_term_string"}}],"inLanguage":"en-GB"},{"@type":"Organization","@id":"https:\/\/izo.si\/#organization","name":"IZO","url":"https:\/\/izo.si\/","logo":{"@type":"ImageObject","inLanguage":"en-GB","@id":"https:\/\/izo.si\/#\/schema\/logo\/image\/","url":"https:\/\/izo.si\/wp-content\/uploads\/2021\/01\/izo-logo@2x.png","contentUrl":"https:\/\/izo.si\/wp-content\/uploads\/2021\/01\/izo-logo@2x.png","width":262,"height":139,"caption":"IZO"},"image":{"@id":"https:\/\/izo.si\/#\/schema\/logo\/image\/"}},{"@type":"Person","@id":"https:\/\/izo.si\/#\/schema\/person\/7c1d308fe359416255fc3003e716015d","name":"info@izo.si","image":{"@type":"ImageObject","inLanguage":"en-GB","@id":"https:\/\/izo.si\/#\/schema\/person\/image\/","url":"https:\/\/secure.gravatar.com\/avatar\/6119564cb294b108df0fe93b796cfc2f405adef8ccb4e9788179335543b4f393?s=96&d=mm&r=g","contentUrl":"https:\/\/secure.gravatar.com\/avatar\/6119564cb294b108df0fe93b796cfc2f405adef8ccb4e9788179335543b4f393?s=96&d=mm&r=g","caption":"info@izo.si"},"url":"https:\/\/izo.si\/en\/author\/infoizo-si\/"}]}},"_links":{"self":[{"href":"https:\/\/izo.si\/en\/wp-json\/wp\/v2\/posts\/2799","targetHints":{"allow":["GET"]}}],"collection":[{"href":"https:\/\/izo.si\/en\/wp-json\/wp\/v2\/posts"}],"about":[{"href":"https:\/\/izo.si\/en\/wp-json\/wp\/v2\/types\/post"}],"author":[{"embeddable":true,"href":"https:\/\/izo.si\/en\/wp-json\/wp\/v2\/users\/8"}],"replies":[{"embeddable":true,"href":"https:\/\/izo.si\/en\/wp-json\/wp\/v2\/comments?post=2799"}],"version-history":[{"count":6,"href":"https:\/\/izo.si\/en\/wp-json\/wp\/v2\/posts\/2799\/revisions"}],"predecessor-version":[{"id":2807,"href":"https:\/\/izo.si\/en\/wp-json\/wp\/v2\/posts\/2799\/revisions\/2807"}],"wp:featuredmedia":[{"embeddable":true,"href":"https:\/\/izo.si\/en\/wp-json\/wp\/v2\/media\/2801"}],"wp:attachment":[{"href":"https:\/\/izo.si\/en\/wp-json\/wp\/v2\/media?parent=2799"}],"wp:term":[{"taxonomy":"category","embeddable":true,"href":"https:\/\/izo.si\/en\/wp-json\/wp\/v2\/categories?post=2799"},{"taxonomy":"post_tag","embeddable":true,"href":"https:\/\/izo.si\/en\/wp-json\/wp\/v2\/tags?post=2799"}],"curies":[{"name":"wp","href":"https:\/\/api.w.org\/{rel}","templated":true}]}}