{"id":2716,"date":"2021-04-21T14:37:00","date_gmt":"2021-04-21T12:37:00","guid":{"rendered":"https:\/\/izo.si\/?p=2716"},"modified":"2023-04-13T14:43:29","modified_gmt":"2023-04-13T12:43:29","slug":"dan-zemlje-je-cas-za-razmislek-o-nasem-odnosu-do-planeta","status":"publish","type":"post","link":"https:\/\/izo.si\/en\/dan-zemlje-je-cas-za-razmislek-o-nasem-odnosu-do-planeta\/","title":{"rendered":"Dan Zemlje je \u010das za razmislek o na\u0161em odnosu do planeta"},"content":{"rendered":"<p><em>Sporo\u010dilo za javnost ob dnevu Zemlje in prihajajo\u010dem dnevu ekolo\u0161kega dolga Slovenije (30. 4. 2021)<\/em><\/p>\n\n\n\n<p><strong>Ljubljana, 21. april \u2013&nbsp;<\/strong>Dne<strong>&nbsp;<\/strong>22. aprila praznujemo dan Zemlje. Dan je namenjen ozave\u0161\u010danju o edinstvenosti Zemlje in tudi problematiki iz\u010drpavanja na\u0161ega planeta. Slednje zelo zgovorno nakazuje tudi datum 30. april, ko namre\u010d Slovenija \u017ee dose\u017ee svoj dan ekolo\u0161kega dolga. Posledi\u010dno moramo na dan Zemlje \u0161e posebej premisliti, kaj lahko v odnosu do svojega planeta <meta charset=\"utf-8\">izbolj\u0161amo v praksi. Posameznikom je za ta namen na voljo novi slovenski kalkulator ekolo\u0161kega odtisa, ob tem pomembnem dnevu pa objavljamo tudi publikacijo \u00bb<a href=\"https:\/\/drive.google.com\/file\/d\/1tA5g0LMq-J8lwq5LW6PRpW5bJ7GkAXWZ\/view?usp=sharing\">WTF so podnebne spremembe?<\/a>\u00ab, ki obrazlo\u017ei problematiko podnebnih sprememb. Namenjena je u\u010diteljem, mladinskim delavcem in mladim, ki bodo zaradi podnebne krize najbolj prizadeti, ter seveda tudi posameznikom, ki jih tema zanima.<\/p>\n\n\n\n<p>Namen svetovnega dneva Zemlje je ozave\u0161\u010danje o na\u0161em planetu, o tem, kako ga lahko zavarujemo in \u0161\u010ditimo. Zavedati se moramo, kak\u0161en je vpliv na\u0161ih dejanj. \u010clove\u0161ka aktivnost namre\u010d vse bolj iz\u010drpava Zemljo. V Sloveniji je biokapaciteta<a href=\"https:\/\/izo.si\/en\/?p=2270&amp;elementor-preview=2270&amp;ver=1641908209#_ftn1\">[1]<\/a>&nbsp;na osebo okoli 2,2 gha, vendar te zmogljivosti na letni ravni prese\u017eemo. Trenutni ekolo\u0161ki odtis<a href=\"https:\/\/izo.si\/en\/?p=2270&amp;elementor-preview=2270&amp;ver=1641908209#_ftn2\">[2]<\/a>&nbsp;slovenskega prebivalca namre\u010d v povpre\u010dju zna\u0161a 4,9 gha. Z drugimi besedami, povpre\u010dni Slovenec bi za svoje navade potreboval ve\u010d kot 3 planete v velikosti Zemlje.<\/p>\n\n\n\n<p><strong>Toma\u017e Gorenc<\/strong>, direktor&nbsp;<strong>In\u0161tituta za zdravje in okolje,<\/strong>&nbsp;pravi: &#8220;<em>S simboli\u010dnega vidika je zelo zgovorno dejstvo, da med svetovnim dnem Zemlje (22. 4.) in slovenskim dnem ekolo\u0161kega dolga, ko prebivalci porabimo svoje letne vire, mine le dober teden dni. Skrb vzbujajo\u010d pa je sam trend, da je omenjeni dan ekolo\u0161kega dolga vsako leto bli\u017eje svetovnemu dnevu Zemlje. Kaj hitro se lahko zgodi, da bomo oba jubileja \u00bbpraznovali\u00ab na isti dan. To pa potrjuje sporo\u010dilnost, da s svojim planetom ne ravnamo tako, kot bi morali. Sprememba v prid planetu se mora odra\u017eati na vseh ravneh dru\u017ebe na dnevni ravni, tudi in predvsem na zakonodajnem podro\u010dju<\/em>.&#8221;<\/p>\n\n\n\n<p>Zato ob dnevu Zemlje opozarjamo, da se Slovenija vse bolj pribli\u017euje datumu svojega ekolo\u0161kega dolga, ki bo letos 30. aprila. To pomeni, da bomo Slovenci do tega datuma porabili vsa Zemljina sredstva, ki jih lahko na\u0161 planet obnovi v enem letu, zato bomo preostalih 8 mesecev \u017eiveli v t. i. ekolo\u0161kem dolgu.&nbsp;<strong>Alessandro Galli, znanstvenik pri Global Footprint Network<\/strong>, dodaja:&nbsp;<em>&#8220;Praznovanje dneva Zemlje je prilo\u017enost za razmislek o na\u0161em odnosu do planeta. Na prvi dan Zemlje, leta 1970, je bil globalni ekolo\u0161ki odtis skorajda izena\u010den z zemeljskimi sredstvi. Po petih desetletjih se soo\u010damo s popolnoma druga\u010dno situacijo, v kateri ekonomija in dru\u017eba vse bolj iz\u010drpavata sredstva tega planeta in uni\u010dujeta naravne habitate. Bolj kot kadarkoli prej so nam dogodki zadnjih 12 mesecev dokazali, da ne moremo \u017eiveti zdravo na nezdravem, izkori\u0161\u010denem planetu<\/em>.&#8221;<\/p>\n\n\n\n<p>Ob tem pomembnemu dnevu je<strong>&nbsp;Institute for Health and Environment<\/strong>&nbsp;v okviru projekta<strong>&nbsp;Sustainaware<\/strong>&nbsp;objavil publikacijo, ki ozave\u0161\u010da o globalni problematiki podnebnih sprememb. Publikacija&nbsp;<strong>WTF so podnebne spremembe?<\/strong>,<strong>&nbsp;<\/strong>ki je iz\u0161la v ve\u010d jezikih, slu\u017ei kot priro\u010dnik u\u010diteljem, mladinskim delavcem in mladim za bolj\u0161e razumevanje podnebnih sprememb. Z izobra\u017eevanjem lahko \u0161ir\u0161i javnosti pribli\u017eamo tematiko in jih nau\u010dimo konceptualnih sprememb, navad, ki so prijaznej\u0161e za ta planet in \u017eiva bitja.<\/p>\n\n\n\n<p>S tem lahko stopimo tudi korak bli\u017eje k ni\u017ejemu ekolo\u0161kemu dolgu Slovenije in ohranjanju na\u0161ega planeta tak\u0161nega, kakr\u0161nega poznamo. Od marca imajo namre\u010d prebivalci Slovenije na voljo tudi&nbsp;<a href=\"https:\/\/izo.si\/en\/izracunaj-ekoloski-odtis\/\">slovenski kalkulator za izra\u010dun lastnega ekolo\u0161kega odtisa<\/a>. Posamezniki lahko izra\u010dunajo dolg glede na svoje lastno vedenje. S tem ugotovijo, koliko Zemelj bi potrebovali, \u010de bi vsi \u017eiveli enako. Kalkulator poda tudi predloge o vsakdanjih manj\u0161ih spremembah posameznika, s katerimi lahko zmanj\u0161a svoj odtis.&nbsp;<strong>Alessandro Galli, znanstvenik pri Global Footprint Network<\/strong>, ob tem opozarja: &#8220;<em>\u010cas je, da znanje prenesemo v prakso in namenoma spremenimo ureditev dru\u017ebe v bolj trajnostno<\/em>.&#8221;<\/p>\n\n\n\n<p><strong>Kontakti:<\/strong><\/p>\n\n\n\n<p><a href=\"mailto:tomaz.gorenc@imztr.si\"><em>Toma\u017e Gorenc<\/em><\/a><em>, In\u0161titut za zdravje in okolje, +386 40 493 460<\/em><\/p>\n\n\n\n<figure class=\"wp-block-table\"><table><tbody><tr><td>Projekt Sustainaware je del Evropske pobude za podnebje (EUKI). EUKI je program Zveznega ministrstva za okolje, varstvo narave in jedrsko varnost Nem\u010dije (BMU) za sofinanciranje projektov. Izbor projektov v okviru razpisa <meta charset=\"utf-8\">EUKI vodi Nem\u0161ka dru\u017eba za mednarodno sodelovanje \u2013 Deutsche Gesellschaft f\u00fcr Internationale Zusammenarbeit (GIZ) GmbH.&nbsp;Glavni cilj programa <meta charset=\"utf-8\">EUKI je spodbujati podnebno sodelovanje znotraj Evropske unije z namenom bla\u017eenja emisij toplogrednih plinov.<\/td><\/tr><\/tbody><\/table><\/figure>\n\n\n\n<figure class=\"wp-block-image\"><img decoding=\"async\" src=\"https:\/\/izo.si\/wp-content\/uploads\/2021\/04\/image-5.png\" alt=\"\" class=\"wp-image-2271\"\/><\/figure>\n\n\n\n<figure class=\"wp-block-image\"><img decoding=\"async\" src=\"https:\/\/izo.si\/wp-content\/uploads\/2021\/04\/image-6.png\" alt=\"\" class=\"wp-image-2272\"\/><\/figure>\n\n\n\n<figure class=\"wp-block-image\"><img decoding=\"async\" src=\"https:\/\/izo.si\/wp-content\/uploads\/2021\/04\/image-7.png\" alt=\"\" class=\"wp-image-2273\"\/><\/figure>\n\n\n\n<hr class=\"wp-block-separator has-css-opacity\"\/>\n\n\n\n<p><a href=\"https:\/\/izo.si\/en\/?p=2270&amp;elementor-preview=2270&amp;ver=1641908209#_ftnref1\">[1]<\/a>&nbsp;Biokapaciteta predstavlja produktivno obmo\u010dje na prebivalca v dani dr\u017eavi.<\/p>\n\n\n\n<p><a href=\"https:\/\/izo.si\/en\/?p=2270&amp;elementor-preview=2270&amp;ver=1641908209#_ftnref2\">[2]<\/a>&nbsp;Ekolo\u0161ki odtis je najbolj celosten merski sistem za izra\u010dun biolo\u0161kih virov. Obsega vse \u010dlove\u0161ke zahteve po biolo\u0161ko produktivnih obmo\u010djih \u2013 hrani, lesu, vlaknih, skladi\u0161\u010denju ogljika in smiselni umestitvi infrastrukture.<\/p>","protected":false},"excerpt":{"rendered":"<p>Sporo\u010dilo za javnost ob dnevu Zemlje in prihajajo\u010dem dnevu ekolo\u0161kega dolga Slovenije (30. 4. 2021) Ljubljana, 21. april \u2013&nbsp;Dne&nbsp;22. aprila praznujemo dan Zemlje. Dan je namenjen ozave\u0161\u010danju o edinstvenosti Zemlje in tudi problematiki iz\u010drpavanja na\u0161ega planeta. Slednje zelo zgovorno nakazuje tudi datum 30. april, ko namre\u010d Slovenija \u017ee dose\u017ee svoj dan ekolo\u0161kega dolga. Posledi\u010dno moramo [&hellip;]<\/p>","protected":false},"author":8,"featured_media":3523,"comment_status":"closed","ping_status":"closed","sticky":false,"template":"","format":"standard","meta":{"_monsterinsights_skip_tracking":false,"_monsterinsights_sitenote_active":false,"_monsterinsights_sitenote_note":"","_monsterinsights_sitenote_category":0,"_uf_show_specific_survey":0,"_uf_disable_surveys":false,"footnotes":""},"categories":[7],"tags":[],"class_list":["post-2716","post","type-post","status-publish","format-standard","has-post-thumbnail","hentry","category-novice"],"aioseo_notices":[],"yoast_head":"<!-- This site is optimized with the Yoast SEO plugin v24.5 - https:\/\/yoast.com\/wordpress\/plugins\/seo\/ -->\n<title>Dan Zemlje je \u010das za razmislek o na\u0161em odnosu do planeta - IZO<\/title>\n<meta name=\"robots\" content=\"index, follow, max-snippet:-1, max-image-preview:large, max-video-preview:-1\" \/>\n<link rel=\"canonical\" href=\"https:\/\/izo.si\/en\/dan-zemlje-je-cas-za-razmislek-o-nasem-odnosu-do-planeta\/\" \/>\n<meta property=\"og:locale\" content=\"en_GB\" \/>\n<meta property=\"og:type\" content=\"article\" \/>\n<meta property=\"og:title\" content=\"Dan Zemlje je \u010das za razmislek o na\u0161em odnosu do planeta - IZO\" \/>\n<meta property=\"og:description\" content=\"Sporo\u010dilo za javnost ob dnevu Zemlje in prihajajo\u010dem dnevu ekolo\u0161kega dolga Slovenije (30. 4. 2021) Ljubljana, 21. april \u2013&nbsp;Dne&nbsp;22. aprila praznujemo dan Zemlje. Dan je namenjen ozave\u0161\u010danju o edinstvenosti Zemlje in tudi problematiki iz\u010drpavanja na\u0161ega planeta. Slednje zelo zgovorno nakazuje tudi datum 30. april, ko namre\u010d Slovenija \u017ee dose\u017ee svoj dan ekolo\u0161kega dolga. Posledi\u010dno moramo [&hellip;]\" \/>\n<meta property=\"og:url\" content=\"https:\/\/izo.si\/en\/dan-zemlje-je-cas-za-razmislek-o-nasem-odnosu-do-planeta\/\" \/>\n<meta property=\"og:site_name\" content=\"IZO\" \/>\n<meta property=\"article:published_time\" content=\"2021-04-21T12:37:00+00:00\" \/>\n<meta property=\"article:modified_time\" content=\"2023-04-13T12:43:29+00:00\" \/>\n<meta property=\"og:image\" content=\"https:\/\/izo.si\/wp-content\/uploads\/2021\/04\/Untitled-design-1.png\" \/>\n\t<meta property=\"og:image:width\" content=\"1080\" \/>\n\t<meta property=\"og:image:height\" content=\"1080\" \/>\n\t<meta property=\"og:image:type\" content=\"image\/png\" \/>\n<meta name=\"author\" content=\"info@izo.si\" \/>\n<meta name=\"twitter:card\" content=\"summary_large_image\" \/>\n<meta name=\"twitter:label1\" content=\"Written by\" \/>\n\t<meta name=\"twitter:data1\" content=\"info@izo.si\" \/>\n\t<meta name=\"twitter:label2\" content=\"Estimated reading time\" \/>\n\t<meta name=\"twitter:data2\" content=\"4 minutes\" \/>\n<script type=\"application\/ld+json\" class=\"yoast-schema-graph\">{\"@context\":\"https:\/\/schema.org\",\"@graph\":[{\"@type\":\"Article\",\"@id\":\"https:\/\/izo.si\/en\/dan-zemlje-je-cas-za-razmislek-o-nasem-odnosu-do-planeta\/#article\",\"isPartOf\":{\"@id\":\"https:\/\/izo.si\/en\/dan-zemlje-je-cas-za-razmislek-o-nasem-odnosu-do-planeta\/\"},\"author\":{\"name\":\"info@izo.si\",\"@id\":\"https:\/\/izo.si\/#\/schema\/person\/7c1d308fe359416255fc3003e716015d\"},\"headline\":\"Dan Zemlje je \u010das za razmislek o na\u0161em odnosu do planeta\",\"datePublished\":\"2021-04-21T12:37:00+00:00\",\"dateModified\":\"2023-04-13T12:43:29+00:00\",\"mainEntityOfPage\":{\"@id\":\"https:\/\/izo.si\/en\/dan-zemlje-je-cas-za-razmislek-o-nasem-odnosu-do-planeta\/\"},\"wordCount\":808,\"publisher\":{\"@id\":\"https:\/\/izo.si\/#organization\"},\"image\":{\"@id\":\"https:\/\/izo.si\/en\/dan-zemlje-je-cas-za-razmislek-o-nasem-odnosu-do-planeta\/#primaryimage\"},\"thumbnailUrl\":\"https:\/\/izo.si\/wp-content\/uploads\/2021\/04\/Untitled-design-1.png\",\"articleSection\":[\"Novice\"],\"inLanguage\":\"en-GB\"},{\"@type\":\"WebPage\",\"@id\":\"https:\/\/izo.si\/en\/dan-zemlje-je-cas-za-razmislek-o-nasem-odnosu-do-planeta\/\",\"url\":\"https:\/\/izo.si\/en\/dan-zemlje-je-cas-za-razmislek-o-nasem-odnosu-do-planeta\/\",\"name\":\"Dan Zemlje je \u010das za razmislek o na\u0161em odnosu do planeta - IZO\",\"isPartOf\":{\"@id\":\"https:\/\/izo.si\/#website\"},\"primaryImageOfPage\":{\"@id\":\"https:\/\/izo.si\/en\/dan-zemlje-je-cas-za-razmislek-o-nasem-odnosu-do-planeta\/#primaryimage\"},\"image\":{\"@id\":\"https:\/\/izo.si\/en\/dan-zemlje-je-cas-za-razmislek-o-nasem-odnosu-do-planeta\/#primaryimage\"},\"thumbnailUrl\":\"https:\/\/izo.si\/wp-content\/uploads\/2021\/04\/Untitled-design-1.png\",\"datePublished\":\"2021-04-21T12:37:00+00:00\",\"dateModified\":\"2023-04-13T12:43:29+00:00\",\"breadcrumb\":{\"@id\":\"https:\/\/izo.si\/en\/dan-zemlje-je-cas-za-razmislek-o-nasem-odnosu-do-planeta\/#breadcrumb\"},\"inLanguage\":\"en-GB\",\"potentialAction\":[{\"@type\":\"ReadAction\",\"target\":[\"https:\/\/izo.si\/en\/dan-zemlje-je-cas-za-razmislek-o-nasem-odnosu-do-planeta\/\"]}]},{\"@type\":\"ImageObject\",\"inLanguage\":\"en-GB\",\"@id\":\"https:\/\/izo.si\/en\/dan-zemlje-je-cas-za-razmislek-o-nasem-odnosu-do-planeta\/#primaryimage\",\"url\":\"https:\/\/izo.si\/wp-content\/uploads\/2021\/04\/Untitled-design-1.png\",\"contentUrl\":\"https:\/\/izo.si\/wp-content\/uploads\/2021\/04\/Untitled-design-1.png\",\"width\":1080,\"height\":1080},{\"@type\":\"BreadcrumbList\",\"@id\":\"https:\/\/izo.si\/en\/dan-zemlje-je-cas-za-razmislek-o-nasem-odnosu-do-planeta\/#breadcrumb\",\"itemListElement\":[{\"@type\":\"ListItem\",\"position\":1,\"name\":\"Home\",\"item\":\"https:\/\/izo.si\/\"},{\"@type\":\"ListItem\",\"position\":2,\"name\":\"Dan Zemlje je \u010das za razmislek o na\u0161em odnosu do planeta\"}]},{\"@type\":\"WebSite\",\"@id\":\"https:\/\/izo.si\/#website\",\"url\":\"https:\/\/izo.si\/\",\"name\":\"IZO\",\"description\":\"In\u0161titut za zdravje in okolje\",\"publisher\":{\"@id\":\"https:\/\/izo.si\/#organization\"},\"potentialAction\":[{\"@type\":\"SearchAction\",\"target\":{\"@type\":\"EntryPoint\",\"urlTemplate\":\"https:\/\/izo.si\/?s={search_term_string}\"},\"query-input\":{\"@type\":\"PropertyValueSpecification\",\"valueRequired\":true,\"valueName\":\"search_term_string\"}}],\"inLanguage\":\"en-GB\"},{\"@type\":\"Organization\",\"@id\":\"https:\/\/izo.si\/#organization\",\"name\":\"IZO\",\"url\":\"https:\/\/izo.si\/\",\"logo\":{\"@type\":\"ImageObject\",\"inLanguage\":\"en-GB\",\"@id\":\"https:\/\/izo.si\/#\/schema\/logo\/image\/\",\"url\":\"https:\/\/izo.si\/wp-content\/uploads\/2021\/01\/izo-logo@2x.png\",\"contentUrl\":\"https:\/\/izo.si\/wp-content\/uploads\/2021\/01\/izo-logo@2x.png\",\"width\":262,\"height\":139,\"caption\":\"IZO\"},\"image\":{\"@id\":\"https:\/\/izo.si\/#\/schema\/logo\/image\/\"}},{\"@type\":\"Person\",\"@id\":\"https:\/\/izo.si\/#\/schema\/person\/7c1d308fe359416255fc3003e716015d\",\"name\":\"info@izo.si\",\"image\":{\"@type\":\"ImageObject\",\"inLanguage\":\"en-GB\",\"@id\":\"https:\/\/izo.si\/#\/schema\/person\/image\/\",\"url\":\"https:\/\/secure.gravatar.com\/avatar\/6119564cb294b108df0fe93b796cfc2f405adef8ccb4e9788179335543b4f393?s=96&d=mm&r=g\",\"contentUrl\":\"https:\/\/secure.gravatar.com\/avatar\/6119564cb294b108df0fe93b796cfc2f405adef8ccb4e9788179335543b4f393?s=96&d=mm&r=g\",\"caption\":\"info@izo.si\"},\"url\":\"https:\/\/izo.si\/en\/author\/infoizo-si\/\"}]}<\/script>\n<!-- \/ Yoast SEO plugin. -->","yoast_head_json":{"title":"Dan Zemlje je \u010das za razmislek o na\u0161em odnosu do planeta - IZO","robots":{"index":"index","follow":"follow","max-snippet":"max-snippet:-1","max-image-preview":"max-image-preview:large","max-video-preview":"max-video-preview:-1"},"canonical":"https:\/\/izo.si\/en\/dan-zemlje-je-cas-za-razmislek-o-nasem-odnosu-do-planeta\/","og_locale":"en_GB","og_type":"article","og_title":"Dan Zemlje je \u010das za razmislek o na\u0161em odnosu do planeta - IZO","og_description":"Sporo\u010dilo za javnost ob dnevu Zemlje in prihajajo\u010dem dnevu ekolo\u0161kega dolga Slovenije (30. 4. 2021) Ljubljana, 21. april \u2013&nbsp;Dne&nbsp;22. aprila praznujemo dan Zemlje. Dan je namenjen ozave\u0161\u010danju o edinstvenosti Zemlje in tudi problematiki iz\u010drpavanja na\u0161ega planeta. Slednje zelo zgovorno nakazuje tudi datum 30. april, ko namre\u010d Slovenija \u017ee dose\u017ee svoj dan ekolo\u0161kega dolga. Posledi\u010dno moramo [&hellip;]","og_url":"https:\/\/izo.si\/en\/dan-zemlje-je-cas-za-razmislek-o-nasem-odnosu-do-planeta\/","og_site_name":"IZO","article_published_time":"2021-04-21T12:37:00+00:00","article_modified_time":"2023-04-13T12:43:29+00:00","og_image":[{"width":1080,"height":1080,"url":"https:\/\/izo.si\/wp-content\/uploads\/2021\/04\/Untitled-design-1.png","type":"image\/png"}],"author":"info@izo.si","twitter_card":"summary_large_image","twitter_misc":{"Written by":"info@izo.si","Estimated reading time":"4 minutes"},"schema":{"@context":"https:\/\/schema.org","@graph":[{"@type":"Article","@id":"https:\/\/izo.si\/en\/dan-zemlje-je-cas-za-razmislek-o-nasem-odnosu-do-planeta\/#article","isPartOf":{"@id":"https:\/\/izo.si\/en\/dan-zemlje-je-cas-za-razmislek-o-nasem-odnosu-do-planeta\/"},"author":{"name":"info@izo.si","@id":"https:\/\/izo.si\/#\/schema\/person\/7c1d308fe359416255fc3003e716015d"},"headline":"Dan Zemlje je \u010das za razmislek o na\u0161em odnosu do planeta","datePublished":"2021-04-21T12:37:00+00:00","dateModified":"2023-04-13T12:43:29+00:00","mainEntityOfPage":{"@id":"https:\/\/izo.si\/en\/dan-zemlje-je-cas-za-razmislek-o-nasem-odnosu-do-planeta\/"},"wordCount":808,"publisher":{"@id":"https:\/\/izo.si\/#organization"},"image":{"@id":"https:\/\/izo.si\/en\/dan-zemlje-je-cas-za-razmislek-o-nasem-odnosu-do-planeta\/#primaryimage"},"thumbnailUrl":"https:\/\/izo.si\/wp-content\/uploads\/2021\/04\/Untitled-design-1.png","articleSection":["Novice"],"inLanguage":"en-GB"},{"@type":"WebPage","@id":"https:\/\/izo.si\/en\/dan-zemlje-je-cas-za-razmislek-o-nasem-odnosu-do-planeta\/","url":"https:\/\/izo.si\/en\/dan-zemlje-je-cas-za-razmislek-o-nasem-odnosu-do-planeta\/","name":"Dan Zemlje je \u010das za razmislek o na\u0161em odnosu do planeta - IZO","isPartOf":{"@id":"https:\/\/izo.si\/#website"},"primaryImageOfPage":{"@id":"https:\/\/izo.si\/en\/dan-zemlje-je-cas-za-razmislek-o-nasem-odnosu-do-planeta\/#primaryimage"},"image":{"@id":"https:\/\/izo.si\/en\/dan-zemlje-je-cas-za-razmislek-o-nasem-odnosu-do-planeta\/#primaryimage"},"thumbnailUrl":"https:\/\/izo.si\/wp-content\/uploads\/2021\/04\/Untitled-design-1.png","datePublished":"2021-04-21T12:37:00+00:00","dateModified":"2023-04-13T12:43:29+00:00","breadcrumb":{"@id":"https:\/\/izo.si\/en\/dan-zemlje-je-cas-za-razmislek-o-nasem-odnosu-do-planeta\/#breadcrumb"},"inLanguage":"en-GB","potentialAction":[{"@type":"ReadAction","target":["https:\/\/izo.si\/en\/dan-zemlje-je-cas-za-razmislek-o-nasem-odnosu-do-planeta\/"]}]},{"@type":"ImageObject","inLanguage":"en-GB","@id":"https:\/\/izo.si\/en\/dan-zemlje-je-cas-za-razmislek-o-nasem-odnosu-do-planeta\/#primaryimage","url":"https:\/\/izo.si\/wp-content\/uploads\/2021\/04\/Untitled-design-1.png","contentUrl":"https:\/\/izo.si\/wp-content\/uploads\/2021\/04\/Untitled-design-1.png","width":1080,"height":1080},{"@type":"BreadcrumbList","@id":"https:\/\/izo.si\/en\/dan-zemlje-je-cas-za-razmislek-o-nasem-odnosu-do-planeta\/#breadcrumb","itemListElement":[{"@type":"ListItem","position":1,"name":"Home","item":"https:\/\/izo.si\/"},{"@type":"ListItem","position":2,"name":"Dan Zemlje je \u010das za razmislek o na\u0161em odnosu do planeta"}]},{"@type":"WebSite","@id":"https:\/\/izo.si\/#website","url":"https:\/\/izo.si\/","name":"IZO","description":"Institute for Health and Environment","publisher":{"@id":"https:\/\/izo.si\/#organization"},"potentialAction":[{"@type":"SearchAction","target":{"@type":"EntryPoint","urlTemplate":"https:\/\/izo.si\/?s={search_term_string}"},"query-input":{"@type":"PropertyValueSpecification","valueRequired":true,"valueName":"search_term_string"}}],"inLanguage":"en-GB"},{"@type":"Organization","@id":"https:\/\/izo.si\/#organization","name":"IZO","url":"https:\/\/izo.si\/","logo":{"@type":"ImageObject","inLanguage":"en-GB","@id":"https:\/\/izo.si\/#\/schema\/logo\/image\/","url":"https:\/\/izo.si\/wp-content\/uploads\/2021\/01\/izo-logo@2x.png","contentUrl":"https:\/\/izo.si\/wp-content\/uploads\/2021\/01\/izo-logo@2x.png","width":262,"height":139,"caption":"IZO"},"image":{"@id":"https:\/\/izo.si\/#\/schema\/logo\/image\/"}},{"@type":"Person","@id":"https:\/\/izo.si\/#\/schema\/person\/7c1d308fe359416255fc3003e716015d","name":"info@izo.si","image":{"@type":"ImageObject","inLanguage":"en-GB","@id":"https:\/\/izo.si\/#\/schema\/person\/image\/","url":"https:\/\/secure.gravatar.com\/avatar\/6119564cb294b108df0fe93b796cfc2f405adef8ccb4e9788179335543b4f393?s=96&d=mm&r=g","contentUrl":"https:\/\/secure.gravatar.com\/avatar\/6119564cb294b108df0fe93b796cfc2f405adef8ccb4e9788179335543b4f393?s=96&d=mm&r=g","caption":"info@izo.si"},"url":"https:\/\/izo.si\/en\/author\/infoizo-si\/"}]}},"_links":{"self":[{"href":"https:\/\/izo.si\/en\/wp-json\/wp\/v2\/posts\/2716","targetHints":{"allow":["GET"]}}],"collection":[{"href":"https:\/\/izo.si\/en\/wp-json\/wp\/v2\/posts"}],"about":[{"href":"https:\/\/izo.si\/en\/wp-json\/wp\/v2\/types\/post"}],"author":[{"embeddable":true,"href":"https:\/\/izo.si\/en\/wp-json\/wp\/v2\/users\/8"}],"replies":[{"embeddable":true,"href":"https:\/\/izo.si\/en\/wp-json\/wp\/v2\/comments?post=2716"}],"version-history":[{"count":2,"href":"https:\/\/izo.si\/en\/wp-json\/wp\/v2\/posts\/2716\/revisions"}],"predecessor-version":[{"id":3524,"href":"https:\/\/izo.si\/en\/wp-json\/wp\/v2\/posts\/2716\/revisions\/3524"}],"wp:featuredmedia":[{"embeddable":true,"href":"https:\/\/izo.si\/en\/wp-json\/wp\/v2\/media\/3523"}],"wp:attachment":[{"href":"https:\/\/izo.si\/en\/wp-json\/wp\/v2\/media?parent=2716"}],"wp:term":[{"taxonomy":"category","embeddable":true,"href":"https:\/\/izo.si\/en\/wp-json\/wp\/v2\/categories?post=2716"},{"taxonomy":"post_tag","embeddable":true,"href":"https:\/\/izo.si\/en\/wp-json\/wp\/v2\/tags?post=2716"}],"curies":[{"name":"wp","href":"https:\/\/api.w.org\/{rel}","templated":true}]}}