{"id":2581,"date":"2021-12-31T10:45:58","date_gmt":"2021-12-31T09:45:58","guid":{"rendered":"https:\/\/izo.si\/?p=2581"},"modified":"2021-12-31T11:09:44","modified_gmt":"2021-12-31T10:09:44","slug":"pogled-nazaj","status":"publish","type":"post","link":"https:\/\/izo.si\/en\/pogled-nazaj\/","title":{"rendered":"Pogled nazaj: male in velike zmage ter vse vmes"},"content":{"rendered":"<p>Ob koncu leta se radi ozremo nazaj in premislimo, kaj vse smo v letu, ki se poslavlja, naredili, kaj smo dosegli, \u010desa smo se veselili &#8230; In kaj \u017eelimo v prihajajo\u010dem letu nadgraditi, spremeniti, izbolj\u0161ati.<\/p>\n\n\n\n<p>In ravno temu je namenjen ta \u010dlanek \u2013 nostalgi\u010dnemu popotovanju skozi leto 2021 in veselju ob prihodu novega, za katerega nam ne bo manjkalo projektov in idej. Upamo, da nam bo leto 2022 prineslo \u010dim ve\u010d zdravja, tako za nas kot tudi za na\u0161 planet!<\/p>\n\n\n\n<p>\u010ce se zdravje ljudi in okolja tudi na va\u0161em seznamu uvr\u0161\u010da visoko, vas vabimo, da letos <a href=\"https:\/\/izo.si\/donacije\/\">1 % svoje dohodnine<\/a> namenite na\u0161i organizaciji, za kar imate \u010das samo \u0161e danes. Vas ni\u010d ne stane, nam pa pomeni ogromno!<\/p>\n\n\n\n<p>Pa prevrtimo \u010das nazaj do januarja 2021:<\/p>\n\n\n\n<p><strong>JANUAR<\/strong><\/p>\n\n\n\n<div class=\"wp-block-image\"><figure class=\"alignright size-full is-resized\"><img decoding=\"async\" src=\"https:\/\/izo.si\/wp-content\/uploads\/2021\/12\/Meritve.jpeg\" alt=\"\" class=\"wp-image-2583\" width=\"197\" height=\"201\" srcset=\"https:\/\/izo.si\/wp-content\/uploads\/2021\/12\/Meritve.jpeg 788w, https:\/\/izo.si\/wp-content\/uploads\/2021\/12\/Meritve-294x300.jpeg 294w, https:\/\/izo.si\/wp-content\/uploads\/2021\/12\/Meritve-768x785.jpeg 768w\" sizes=\"(max-width: 197px) 100vw, 197px\" \/><\/figure><\/div>\n\n\n\n<p>Novo leto 2021 smo za\u010deli z okoljskimi novoletnimi zaobljubami. Zavezali smo se k izogibanju hrani nerastlinskega izvora, k ve\u010dji uporabi javnega prevoza ali kolesa, doslednemu recikliranju, pametnemu ravnanju s stvarmi in \u010dim manj\u0161i porabi plastike za enkratno uporabo. K temu smo pozvali tudi vse svoje sledilce in obljubili, da jim bomo z objavami vse leto pomagali pri sledenju zaobljubam.<\/p>\n\n\n\n<p>Mesec smo nadaljevali z ozave\u0161\u010danjem o pomembnosti \u010distega zraka za vse ter izvedbo meritev NO<sub>2<\/sub> v razli\u010dnih delih Ljubljane. V sporo\u010dilu za javnost smo predstavili zdravstvene stro\u0161ke, ki so posledica onesna\u017eenja zraka v evropskih mestih, 31. januarja pa opozorili na svetovni dan brez cigarete in \u0161kodljivost kajenja tako za na\u0161e zdravje kot tudi na\u0161 planet.<\/p>\n\n\n\n<p><strong>FEBRUAR<\/strong><\/p>\n\n\n\n<p>Februarja smo izvedli dva webinarja v okviru na\u0161ega projekta <a href=\"https:\/\/izo.si\/en\/sustainaware-climate-mitigation\/\">Sustainaware<\/a>, ki je del Evropske pobude za podnebje (EUKI).<\/p>\n\n\n\n<p>Na prvem webinarju smo govorili o pri\u010dakovanjih, povezanih s podnebnimi ukrepi v prihajajo\u010dem desetletju, na drugem pa se nam je pridru\u017eila ter z nami svoje znanje delila soprejemnica Nobelove nagrade za mir in klimatologinja dr. Lu\u010dka Kajfe\u017e Bogataj.<\/p>\n\n\n\n<div class=\"wp-block-image\"><figure class=\"aligncenter size-full is-resized\"><img fetchpriority=\"high\" decoding=\"async\" src=\"https:\/\/izo.si\/wp-content\/uploads\/2021\/12\/Sustainaware-2.-webinar.png\" alt=\"\" class=\"wp-image-2584\" width=\"600\" height=\"300\" srcset=\"https:\/\/izo.si\/wp-content\/uploads\/2021\/12\/Sustainaware-2.-webinar.png 800w, https:\/\/izo.si\/wp-content\/uploads\/2021\/12\/Sustainaware-2.-webinar-300x150.png 300w, https:\/\/izo.si\/wp-content\/uploads\/2021\/12\/Sustainaware-2.-webinar-768x384.png 768w\" sizes=\"(max-width: 600px) 100vw, 600px\" \/><\/figure><\/div>\n\n\n\n<p>Prav tako smo ob svetovnem dnevu raka, ki ga obele\u017eujemo 4. februarja, opozarjali na nujnost na\u010drtov za zmanj\u0161anje okoljskega onesna\u017eevanja.<\/p>\n\n\n\n<p>22. februarja smo z dru\u0161tvom Focus na 156 lokacijah v Ljubljani zaklju\u010dili z meritvami zdravju \u0161kodljivega <meta charset=\"utf-8\">NO<sub>2<\/sub> v zraku ter vzorce poslali na analizo v \u0160vico.<\/p>\n\n\n\n<p><strong>MAREC<\/strong><\/p>\n\n\n\n<p>Tudi marec je bil pester, saj smo nadaljevali z webinarji v sklopu projekta Sustainaware, tokrat na temo energetske ozave\u0161\u010denosti ter izobra\u017eevalnih orodij in podnebnih ukrepov.<\/p>\n\n\n\n<p>Z dru\u0161tvom Focus ter Kariernim centrom Univerze na Primorskem smo organizirali proaktivno kavarno Our food, our future, na kateri smo delili mnenja in izku\u0161nje o povezavi med podnebnimi spremembami, eti\u010dno proizvodnjo in potro\u0161njo hrane ter tem, kaj dobrega lahko v tej smeri naredimo sami.<\/p>\n\n\n\n<p>30. marca 2021 smo predstavili slovensko razli\u010dico kalkulatorja ekolo\u0161kega odtisa. <a href=\"https:\/\/www.imztr.si\/data\/file\/IMZTR_Ogljicni-Odtis_Zgibanka_A3_10-2018_v13_PRESS_brezPrepogibov.pdf\">Ekolo\u0161ki odtis<\/a>\u00a0meri naravne vire in ekosistemske storitve, ki jih \u010dlovek uporablja, ter jih primerja z njihovo biolo\u0161ko zmogljivostjo obnavljanja. Velja za enega najbolj celostnih kazalnikov trajnosti, ki nam pove, koliko \u010dlovek pritiska na okolje.<\/p>\n\n\n\n<div class=\"wp-block-image\"><figure class=\"aligncenter size-large is-resized\"><a href=\"https:\/\/izo.si\/en\/izracunaj-ekoloski-odtis\/\"><img decoding=\"async\" src=\"https:\/\/izo.si\/wp-content\/uploads\/2021\/12\/Screen-Shot-2021-12-30-at-16.25.50-1024x416.png\" alt=\"\" class=\"wp-image-2586\" width=\"768\" height=\"312\" srcset=\"https:\/\/izo.si\/wp-content\/uploads\/2021\/12\/Screen-Shot-2021-12-30-at-16.25.50-1024x416.png 1024w, https:\/\/izo.si\/wp-content\/uploads\/2021\/12\/Screen-Shot-2021-12-30-at-16.25.50-300x122.png 300w, https:\/\/izo.si\/wp-content\/uploads\/2021\/12\/Screen-Shot-2021-12-30-at-16.25.50-768x312.png 768w, https:\/\/izo.si\/wp-content\/uploads\/2021\/12\/Screen-Shot-2021-12-30-at-16.25.50.png 1274w\" sizes=\"(max-width: 768px) 100vw, 768px\" \/><\/a><\/figure><\/div>\n\n\n\n<p><\/p>\n\n\n\n<p><strong>APRIL<\/strong><\/p>\n\n\n\n<div class=\"wp-block-image\"><figure class=\"alignright size-full is-resized\"><a href=\"https:\/\/drive.google.com\/file\/d\/1tA5g0LMq-J8lwq5LW6PRpW5bJ7GkAXWZ\/view\"><img loading=\"lazy\" decoding=\"async\" src=\"https:\/\/izo.si\/wp-content\/uploads\/2021\/12\/Screen-Shot-2021-12-30-at-16.27.33.png\" alt=\"\" class=\"wp-image-2587\" width=\"247\" height=\"356\" srcset=\"https:\/\/izo.si\/wp-content\/uploads\/2021\/12\/Screen-Shot-2021-12-30-at-16.27.33.png 329w, https:\/\/izo.si\/wp-content\/uploads\/2021\/12\/Screen-Shot-2021-12-30-at-16.27.33-208x300.png 208w\" sizes=\"(max-width: 247px) 100vw, 247px\" \/><\/a><\/figure><\/div>\n\n\n\n<p>V aprilu smo pozivali k zaostritvi preblage <a href=\"https:\/\/izo.si\/en\/sporocilo-za-javnost-se-posebej-med-epidemijo-bi-morala-biti-alkoholna-politika-med-pomembnejsimi-prioritetami-drzave\/\">alkoholne politike<\/a>, ki bi morala biti \u0161e posebej med epidemijo med pomembnej\u0161imi prioritetami dr\u017eave, saj alkohol poleg covida-19 vpliva tudi na druge pomembne javnozdravstvene probleme.<\/p>\n\n\n\n<p>22. aprila smo obele\u017eevali svetovni dan Zemlje, ki je namenjen ozave\u0161\u010danju o edinstvenosti na\u0161ega planeta in tudi problematiki njegovega iz\u010drpavanja. Slednje zelo zgovorno nakazuje tudi datum 30. april, ko Slovenija \u017ee dose\u017ee svoj dan ekolo\u0161kega dolga.<\/p>\n\n\n\n<p>Posledi\u010dno moramo na dan Zemlje \u0161e posebej premisliti, kaj lahko izbolj\u0161amo v odnosu do svojega planeta v praksi. Ob tem pomembnem dnevu smo v sklopu projekta Sustainaware objavili publikacijo \u00bb<a href=\"https:\/\/drive.google.com\/file\/d\/1tA5g0LMq-J8lwq5LW6PRpW5bJ7GkAXWZ\/view?usp=sharing\">WTF so podnebne spremembe?<\/a>\u00ab. Namenjena je u\u010diteljem, mladinskim delavcem in mladim, ki bodo zaradi podnebne krize najbolj prizadeti, ter seveda tudi posameznikom, ki jih tema zanima.<\/p>\n\n\n\n<p>30. aprila smo torej obele\u017eili dan ekolo\u0161kega dolga za Slovenijo, ob katerem je Toma\u017e Gorenc, direktor In\u0161tituta za zdravje in okolje, poudaril: &#8220;<em>Skrb vzbujajo\u010d je sam trend, da je omenjeni dan ekolo\u0161kega dolga vsako leto bli\u017eje svetovnemu dnevu Zemlje. Kaj hitro se lahko zgodi, da bomo oba jubileja \u00bbpraznovali\u00ab na isti dan. To pa potrjuje sporo\u010dilnost, da z na\u0161im planetom ne ravnamo tako, kot bi morali<\/em>.&#8221;<\/p>\n\n\n\n<p><strong>MAJ<\/strong><\/p>\n\n\n\n<p>Maja smo z Urbanisti\u010dnim in\u0161titutom Republike Slovenije v okviru projekta <a href=\"https:\/\/izo.si\/en\/partnerstvo-za-okolje-in-zdravje\/\">Partnerstvo za okolje in zdravje<\/a> organizirali webinar Vidiki kakovosti zelenih povr\u0161in za mlade, na katerem smo govorili o pristopih na\u010drtovanja zelenih povr\u0161in in mo\u017enostih njihove uporabe.<\/p>\n\n\n\n<p>Predstavili smo tudi rezultate meritev NO<sub>2<\/sub>, ki smo jih v sklopu kampanje POZOR: tukaj je dihanje nevarno opravili februarja na 156 lokacijah po Ljubljani:<\/p>\n\n\n\n<div class=\"wp-block-image\"><figure class=\"aligncenter size-full is-resized\"><a href=\"https:\/\/okolje-zdravje.si\/kje-v-ljubljani-dihamo-najbolj-onesnazen-zrak\/\"><img loading=\"lazy\" decoding=\"async\" src=\"https:\/\/izo.si\/wp-content\/uploads\/2021\/12\/Zemljevid-1024x502-1.jpeg\" alt=\"\" class=\"wp-image-2582\" width=\"768\" height=\"377\" srcset=\"https:\/\/izo.si\/wp-content\/uploads\/2021\/12\/Zemljevid-1024x502-1.jpeg 1024w, https:\/\/izo.si\/wp-content\/uploads\/2021\/12\/Zemljevid-1024x502-1-300x147.jpeg 300w, https:\/\/izo.si\/wp-content\/uploads\/2021\/12\/Zemljevid-1024x502-1-768x377.jpeg 768w\" sizes=\"(max-width: 768px) 100vw, 768px\" \/><\/a><\/figure><\/div>\n\n\n\n<p><\/p>\n\n\n\n<p>Ob svetovnem dnevu brez tobaka smo pozivali k opu\u0161\u010danju kajenja, ki nima negativnega vpliva &#8220;samo&#8221; na na\u0161e zdravje, temve\u010d tudi na okolje. Pridelava tobaka namre\u010d povzro\u010da 5 % svetovne deforestacije in poskrbi za 1,69 milijarde nevarnih odpadkov na leto.<\/p>\n\n\n\n<p><strong>JUNIJ, JULIJ IN AVGUST<\/strong><\/p>\n\n\n\n<p>Junija smo nadaljevali s sodelovanjem v kampanji ob referendumu zakona o vodah ter delili informacije o pred\u010dasnem glasovanju, glasovanju iz tujine ter sami pomembnosti za\u0161\u010dite pravice do vode.<\/p>\n\n\n\n<p>Za\u010deli smo tudi s projektom ZeroCO2MED, v okviru katerega s partnerji UVIC,\u00a0WWF Mediterranean in CENER21 razvijamo orodje ter metodologijo za izra\u010dun oglji\u010dnega odtisa, ki bi ga lahko uporabljali tudi drugi projekti Interreg MED.<\/p>\n\n\n\n<p>29. julija smo obele\u017eevali svetovni dan ekolo\u0161kega dolga, ki zaznamuje dan, ko \u010dlove\u0161ke potrebe po naravnih virih in ekosistemskih storitvah svetovno prese\u017eejo obnavljanje omenjenih virov.<\/p>\n\n\n\n<p><\/p>\n\n\n\n<div class=\"wp-block-image\"><figure class=\"aligncenter size-large is-resized\"><img loading=\"lazy\" decoding=\"async\" src=\"https:\/\/izo.si\/wp-content\/uploads\/2021\/12\/195509888_2949696552023151_2769683979357622839_n-1024x564.jpeg\" alt=\"\" class=\"wp-image-2588\" width=\"768\" height=\"423\" srcset=\"https:\/\/izo.si\/wp-content\/uploads\/2021\/12\/195509888_2949696552023151_2769683979357622839_n-1024x564.jpeg 1024w, https:\/\/izo.si\/wp-content\/uploads\/2021\/12\/195509888_2949696552023151_2769683979357622839_n-300x165.jpeg 300w, https:\/\/izo.si\/wp-content\/uploads\/2021\/12\/195509888_2949696552023151_2769683979357622839_n-768x423.jpeg 768w, https:\/\/izo.si\/wp-content\/uploads\/2021\/12\/195509888_2949696552023151_2769683979357622839_n-1536x847.jpeg 1536w, https:\/\/izo.si\/wp-content\/uploads\/2021\/12\/195509888_2949696552023151_2769683979357622839_n.jpeg 1640w\" sizes=\"(max-width: 768px) 100vw, 768px\" \/><\/figure><\/div>\n\n\n\n<p>Med poletjem smo bili pri\u010da tudi \u0161tevilnim naravnim nesre\u010dam, kot so poplave v Zahodni Evropi in na Kitajskem ali vro\u010dinski valovi, ki so posledica podnebnih sprememb. Na to temo smo pripravili razli\u010dne objave tako v sklopu dneva ekolo\u0161kega dolga kot tudi v kasnej\u0161ih tednih.<\/p>\n\n\n\n<p><strong>SEPTEMBER<\/strong><\/p>\n\n\n\n<p>7. septembra smo ob svetovnem dnevu \u010distega zraka opozarjali na povezavo med \u010distim zrakom in vplivom na na\u0161e zdravje. Onesna\u017een zrak namre\u010d vsako leto povzro\u010di do 7 milijonov prezgodnjih smrti po svetu, v Evropski uniji pa do pribli\u017eno 400.000 \u2013 od tega samo pri nas kar 1700.<\/p>\n\n\n\n<p>V povezavi s tem smo 22. septembra slavili prav posebno zmago za na\u0161e okolje, saj je Svetovna zdravstvena organizacija prvi\u010d po letu 2005 izdala nove smernice kakovosti zraka, ki potrjujejo, da lahko \u017ee manj\u0161e onesna\u017eenje zraka resno ogro\u017ea na\u0161e zdravje. V <a href=\"https:\/\/izo.si\/en\/sporocilo-za-javnost-szo-z-novimi-smernicami-potrjuje-ze-manjse-onesnazenje-zraka-lahko-ogroza-nase-zdravje\/\">sporo\u010dilu za javnost<\/a> smo odlo\u010devalce na mednarodni, nacionalni in lokalni ravni pozvali, da izvedejo korenite ukrepe za zmanj\u0161anje \u0161kodljivih izpustov ter s tem naslovijo dva problema hkrati: onesna\u017eenost zraka in podnebno krizo. Z doseganjem novih smernic bi lahko namre\u010d izbolj\u0161ali zdravje ljudi ter hkrati bla\u017eili podnebne spremembe.<\/p>\n\n\n\n<figure class=\"wp-block-gallery columns-3 is-cropped wp-block-gallery-1 is-layout-flex wp-block-gallery-is-layout-flex\"><ul class=\"blocks-gallery-grid\"><li class=\"blocks-gallery-item\"><figure><img loading=\"lazy\" decoding=\"async\" width=\"1024\" height=\"1024\" src=\"https:\/\/izo.si\/wp-content\/uploads\/2021\/12\/1-1-1024x1024.png\" alt=\"\" data-id=\"2589\" data-full-url=\"https:\/\/izo.si\/wp-content\/uploads\/2021\/12\/1-1.png\" data-link=\"https:\/\/izo.si\/?attachment_id=2589\" class=\"wp-image-2589\" srcset=\"https:\/\/izo.si\/wp-content\/uploads\/2021\/12\/1-1-1024x1024.png 1024w, https:\/\/izo.si\/wp-content\/uploads\/2021\/12\/1-1-300x300.png 300w, https:\/\/izo.si\/wp-content\/uploads\/2021\/12\/1-1-150x150.png 150w, https:\/\/izo.si\/wp-content\/uploads\/2021\/12\/1-1-768x768.png 768w, https:\/\/izo.si\/wp-content\/uploads\/2021\/12\/1-1.png 1080w\" sizes=\"(max-width: 1024px) 100vw, 1024px\" \/><\/figure><\/li><li class=\"blocks-gallery-item\"><figure><img loading=\"lazy\" decoding=\"async\" width=\"1024\" height=\"1024\" src=\"https:\/\/izo.si\/wp-content\/uploads\/2021\/12\/2-1-1024x1024.png\" alt=\"\" data-id=\"2590\" data-full-url=\"https:\/\/izo.si\/wp-content\/uploads\/2021\/12\/2-1.png\" data-link=\"https:\/\/izo.si\/?attachment_id=2590\" class=\"wp-image-2590\" srcset=\"https:\/\/izo.si\/wp-content\/uploads\/2021\/12\/2-1-1024x1024.png 1024w, https:\/\/izo.si\/wp-content\/uploads\/2021\/12\/2-1-300x300.png 300w, https:\/\/izo.si\/wp-content\/uploads\/2021\/12\/2-1-150x150.png 150w, https:\/\/izo.si\/wp-content\/uploads\/2021\/12\/2-1-768x768.png 768w, https:\/\/izo.si\/wp-content\/uploads\/2021\/12\/2-1.png 1080w\" sizes=\"(max-width: 1024px) 100vw, 1024px\" \/><\/figure><\/li><li class=\"blocks-gallery-item\"><figure><img loading=\"lazy\" decoding=\"async\" width=\"1024\" height=\"1024\" src=\"https:\/\/izo.si\/wp-content\/uploads\/2021\/12\/3-1-1024x1024.png\" alt=\"\" data-id=\"2591\" data-full-url=\"https:\/\/izo.si\/wp-content\/uploads\/2021\/12\/3-1.png\" data-link=\"https:\/\/izo.si\/?attachment_id=2591\" class=\"wp-image-2591\" srcset=\"https:\/\/izo.si\/wp-content\/uploads\/2021\/12\/3-1-1024x1024.png 1024w, https:\/\/izo.si\/wp-content\/uploads\/2021\/12\/3-1-300x300.png 300w, https:\/\/izo.si\/wp-content\/uploads\/2021\/12\/3-1-150x150.png 150w, https:\/\/izo.si\/wp-content\/uploads\/2021\/12\/3-1-768x768.png 768w, https:\/\/izo.si\/wp-content\/uploads\/2021\/12\/3-1.png 1080w\" sizes=\"(max-width: 1024px) 100vw, 1024px\" \/><\/figure><\/li><li class=\"blocks-gallery-item\"><figure><img loading=\"lazy\" decoding=\"async\" width=\"1024\" height=\"1024\" src=\"https:\/\/izo.si\/wp-content\/uploads\/2021\/12\/4-1-1024x1024.png\" alt=\"\" data-id=\"2592\" data-full-url=\"https:\/\/izo.si\/wp-content\/uploads\/2021\/12\/4-1.png\" data-link=\"https:\/\/izo.si\/?attachment_id=2592\" class=\"wp-image-2592\" srcset=\"https:\/\/izo.si\/wp-content\/uploads\/2021\/12\/4-1-1024x1024.png 1024w, https:\/\/izo.si\/wp-content\/uploads\/2021\/12\/4-1-300x300.png 300w, https:\/\/izo.si\/wp-content\/uploads\/2021\/12\/4-1-150x150.png 150w, https:\/\/izo.si\/wp-content\/uploads\/2021\/12\/4-1-768x768.png 768w, https:\/\/izo.si\/wp-content\/uploads\/2021\/12\/4-1.png 1080w\" sizes=\"(max-width: 1024px) 100vw, 1024px\" \/><\/figure><\/li><li class=\"blocks-gallery-item\"><figure><img loading=\"lazy\" decoding=\"async\" width=\"1024\" height=\"1024\" src=\"https:\/\/izo.si\/wp-content\/uploads\/2021\/12\/5-1-1024x1024.png\" alt=\"\" data-id=\"2593\" data-full-url=\"https:\/\/izo.si\/wp-content\/uploads\/2021\/12\/5-1.png\" data-link=\"https:\/\/izo.si\/?attachment_id=2593\" class=\"wp-image-2593\" srcset=\"https:\/\/izo.si\/wp-content\/uploads\/2021\/12\/5-1-1024x1024.png 1024w, https:\/\/izo.si\/wp-content\/uploads\/2021\/12\/5-1-300x300.png 300w, https:\/\/izo.si\/wp-content\/uploads\/2021\/12\/5-1-150x150.png 150w, https:\/\/izo.si\/wp-content\/uploads\/2021\/12\/5-1-768x768.png 768w, https:\/\/izo.si\/wp-content\/uploads\/2021\/12\/5-1.png 1080w\" sizes=\"(max-width: 1024px) 100vw, 1024px\" \/><\/figure><\/li><li class=\"blocks-gallery-item\"><figure><img loading=\"lazy\" decoding=\"async\" width=\"1024\" height=\"1024\" src=\"https:\/\/izo.si\/wp-content\/uploads\/2021\/12\/6-1-1024x1024.png\" alt=\"\" data-id=\"2594\" data-full-url=\"https:\/\/izo.si\/wp-content\/uploads\/2021\/12\/6-1.png\" data-link=\"https:\/\/izo.si\/?attachment_id=2594\" class=\"wp-image-2594\" srcset=\"https:\/\/izo.si\/wp-content\/uploads\/2021\/12\/6-1-1024x1024.png 1024w, https:\/\/izo.si\/wp-content\/uploads\/2021\/12\/6-1-300x300.png 300w, https:\/\/izo.si\/wp-content\/uploads\/2021\/12\/6-1-150x150.png 150w, https:\/\/izo.si\/wp-content\/uploads\/2021\/12\/6-1-768x768.png 768w, https:\/\/izo.si\/wp-content\/uploads\/2021\/12\/6-1.png 1080w\" sizes=\"(max-width: 1024px) 100vw, 1024px\" \/><\/figure><\/li><\/ul><\/figure>\n\n\n\n<p>Ob tem smo nadaljevali s kampanjo ozave\u0161\u010danja o pomembnosti \u010distega zraka ter na\u010dinih, na katere lahko \u017ee sami veliko naredimo za <a href=\"https:\/\/izo.si\/en\/kaksen-zrak-pa-ti-dihas\/\">izbolj\u0161anje njegove kakovosti.<\/a><\/p>\n\n\n\n<p>Konec septembra smo v Ljubljani organizirali seminar v sklopu projekta <a href=\"https:\/\/izo.si\/en\/yaeh\/\">YAEH<\/a> (Mladinska akademija zagovorni\u0161tva okolja in zdravja). S projektom \u017eelimo mladinske delavce ter posledi\u010dno mladinske organizacije in mlade opolnomo\u010diti za uspe\u0161no zagovorni\u0161tvo ter jih opremiti z metodami in tehnikami, kako naj pridobljeno znanje aktivno uporabljajo pri mladinskem delu in ga prena\u0161ajo naprej.<\/p>\n\n\n\n<p><strong>OKTOBER<\/strong><\/p>\n\n\n\n<p>Tudi zadnji meseci leta 2021 so bili pestri. Oktobra smo sodelovali na konferenci EUKI Speed Exchange ter na njej predstavili projekt Sustainaware in slovensko razli\u010dico kalkulatorja ekolo\u0161kega odtisa.<\/p>\n\n\n\n<p>15. oktobra smo obele\u017eevali svetovni dan hoje. Ste vedeli, da bi, \u010de bi vsak teden prehodili 16 kilometrov, emisije CO<sub>2<\/sub> na leto zmanj\u0161ali za pribli\u017eno 230 kg?<\/p>\n\n\n\n<p>16. oktobra je potekal Changemakers Youth Forum, na katerem se je v sklopu na\u0161ega projekta Sustainaware odvil tudi trening trenerjev.<\/p>\n\n\n\n<p><strong>NOVEMBER<\/strong><\/p>\n\n\n\n<div class=\"wp-block-image\"><figure class=\"alignright size-large is-resized\"><img loading=\"lazy\" decoding=\"async\" src=\"https:\/\/izo.si\/wp-content\/uploads\/2021\/12\/2-2-1024x1024.png\" alt=\"\" class=\"wp-image-2595\" width=\"256\" height=\"256\" srcset=\"https:\/\/izo.si\/wp-content\/uploads\/2021\/12\/2-2-1024x1024.png 1024w, https:\/\/izo.si\/wp-content\/uploads\/2021\/12\/2-2-300x300.png 300w, https:\/\/izo.si\/wp-content\/uploads\/2021\/12\/2-2-150x150.png 150w, https:\/\/izo.si\/wp-content\/uploads\/2021\/12\/2-2-768x768.png 768w, https:\/\/izo.si\/wp-content\/uploads\/2021\/12\/2-2.png 1080w\" sizes=\"(max-width: 256px) 100vw, 256px\" \/><\/figure><\/div>\n\n\n\n<p>Konec oktobra se je za\u010dela konferenca COP26, ki je trajala do 12. novembra in ki smo jo spremljali tudi sami. Konferenca je pustila grenak priokus pri posameznikih in organizacijah, ki se ukvarjajo z za\u0161\u010dito okolja, tudi sam generalni sekretar Zdru\u017eenih narodov\u00a0Antonio Guterres\u00a0je dogovore ozna\u010dil za &#8220;<em>kompromis, ki odra\u017ea interese, protislovja in stanje politi\u010dne volje v dana\u0161njem svetu<\/em>&#8220;.<\/p>\n\n\n\n<p>Kaj smo \u0161e po\u010deli novembra? 19. novembra smo predstavili <a href=\"https:\/\/zeroco2med.interreg-med.eu\/\">spletno stran projekta ZeroCO2MED<\/a>, na kateri so zbrane vse informacije in novice o projektu, na t. i. \u010drni petek pa smo vse pozivali k zelenemu petku in misli na na\u0161e okolje. Ste vedeli, da je spletno nakupovanje za \u010drni petek leta 2020 samo v Zdru\u017eenem kraljestvu poskrbelo za 429.000 ton izpustov toplogrednih plinov, kar je enako te\u017ei 61.308 slonov?<\/p>\n\n\n\n<p>Pripravljali pa smo se tudi na na\u0161 dogodek <a href=\"https:\/\/izo.si\/en\/sporocilo-za-javnost-pot-do-cistega-in-zdravega-zraka-za-preprecevanje-raka\/\">Pot do \u010distega in bolj zdravega zraka za prepre\u010devanje raka<\/a>, ki je potekal v okviru predsedovanja Slovenije Svetu Evropske unije. Na njem so se zbrali strokovnjaki s podro\u010dja okolja in zdravja, odlo\u010devalci in drugi dele\u017eniki, ki so razpravljali o sinergijah boja proti raku, povezanih z onesna\u017eevanjem okolja kot enim klju\u010dnih dejavnikov tveganja, in implementaciji novih smernic Svetovne zdravstvene organizacije o kakovosti zraka.<\/p>\n\n\n\n<p><strong>DECEMBER<\/strong><\/p>\n\n\n\n<p>Decembrske aktivnosti smo usmerili predvsem v ozave\u0161\u010danje o problematiki zavr\u017eene hrane, ki je \u0161e posebej pere\u010da med prazniki, pridru\u017eili smo se akciji ob dnevih cepljenja, ki sta jih pripravila NIJZ in Ministrstvo za zdravje, pripravili pa smo tudi <a href=\"https:\/\/izo.si\/en\/naj-bo-letosnji-bozic-obarvan-zeleno\/\">\u010dlanek z nasveti za bolj trajnostno naravnane praznike<\/a>.<\/p>\n\n\n\n<p>Kaj pa prihodnje leto? Idej za \u0161tevilne aktivnosti nam zagotovo ne manjka in veselimo se, da nam bo leto 2022 ponudilo 365 novih nepopisanih strani, ki jih lahko zapolnimo z nepozabnimi spomini, uspe\u0161no izvedenimi projekti ter idejami za varovanje okolja in zdravja.<\/p>\n\n\n\n<div class=\"wp-block-image\"><figure class=\"aligncenter size-large is-resized\"><img loading=\"lazy\" decoding=\"async\" src=\"https:\/\/izo.si\/wp-content\/uploads\/2021\/12\/Novo-leto-IZO-1024x1024.png\" alt=\"\" class=\"wp-image-2596\" width=\"512\" height=\"512\" srcset=\"https:\/\/izo.si\/wp-content\/uploads\/2021\/12\/Novo-leto-IZO-1024x1024.png 1024w, https:\/\/izo.si\/wp-content\/uploads\/2021\/12\/Novo-leto-IZO-300x300.png 300w, https:\/\/izo.si\/wp-content\/uploads\/2021\/12\/Novo-leto-IZO-150x150.png 150w, https:\/\/izo.si\/wp-content\/uploads\/2021\/12\/Novo-leto-IZO-768x768.png 768w, https:\/\/izo.si\/wp-content\/uploads\/2021\/12\/Novo-leto-IZO.png 1080w\" sizes=\"(max-width: 512px) 100vw, 512px\" \/><\/figure><\/div>\n\n\n\n<p><\/p>","protected":false},"excerpt":{"rendered":"<p>Ob koncu leta se radi ozremo nazaj in premislimo, kaj vse smo v letu, ki se poslavlja, naredili, kaj smo dosegli, \u010desa smo se veselili &#8230; In kaj \u017eelimo v prihajajo\u010dem letu nadgraditi, spremeniti, izbolj\u0161ati. In ravno temu je namenjen ta \u010dlanek \u2013 nostalgi\u010dnemu popotovanju skozi leto 2021 in veselju ob prihodu novega, za katerega [&hellip;]<\/p>","protected":false},"author":8,"featured_media":2598,"comment_status":"closed","ping_status":"closed","sticky":false,"template":"","format":"standard","meta":{"_monsterinsights_skip_tracking":false,"_monsterinsights_sitenote_active":false,"_monsterinsights_sitenote_note":"","_monsterinsights_sitenote_category":0,"_uf_show_specific_survey":0,"_uf_disable_surveys":false,"footnotes":""},"categories":[7],"tags":[],"class_list":["post-2581","post","type-post","status-publish","format-standard","has-post-thumbnail","hentry","category-novice"],"aioseo_notices":[],"yoast_head":"<!-- This site is optimized with the Yoast SEO plugin v24.5 - https:\/\/yoast.com\/wordpress\/plugins\/seo\/ -->\n<title>Pogled nazaj: male in velike zmage ter vse vmes - IZO<\/title>\n<meta name=\"robots\" content=\"index, follow, max-snippet:-1, max-image-preview:large, max-video-preview:-1\" \/>\n<link rel=\"canonical\" href=\"https:\/\/izo.si\/en\/pogled-nazaj\/\" \/>\n<meta property=\"og:locale\" content=\"en_GB\" \/>\n<meta property=\"og:type\" content=\"article\" \/>\n<meta property=\"og:title\" content=\"Pogled nazaj: male in velike zmage ter vse vmes - IZO\" \/>\n<meta property=\"og:description\" content=\"Ob koncu leta se radi ozremo nazaj in premislimo, kaj vse smo v letu, ki se poslavlja, naredili, kaj smo dosegli, \u010desa smo se veselili &#8230; In kaj \u017eelimo v prihajajo\u010dem letu nadgraditi, spremeniti, izbolj\u0161ati. In ravno temu je namenjen ta \u010dlanek \u2013 nostalgi\u010dnemu popotovanju skozi leto 2021 in veselju ob prihodu novega, za katerega [&hellip;]\" \/>\n<meta property=\"og:url\" content=\"https:\/\/izo.si\/en\/pogled-nazaj\/\" \/>\n<meta property=\"og:site_name\" content=\"IZO\" \/>\n<meta property=\"article:published_time\" content=\"2021-12-31T09:45:58+00:00\" \/>\n<meta property=\"article:modified_time\" content=\"2021-12-31T10:09:44+00:00\" \/>\n<meta property=\"og:image\" content=\"https:\/\/izo.si\/wp-content\/uploads\/2021\/12\/Izdelek-brez-naslova-2.png\" \/>\n\t<meta property=\"og:image:width\" content=\"940\" \/>\n\t<meta property=\"og:image:height\" content=\"788\" \/>\n\t<meta property=\"og:image:type\" content=\"image\/png\" \/>\n<meta name=\"author\" content=\"info@izo.si\" \/>\n<meta name=\"twitter:card\" content=\"summary_large_image\" \/>\n<meta name=\"twitter:label1\" content=\"Written by\" \/>\n\t<meta name=\"twitter:data1\" content=\"info@izo.si\" \/>\n\t<meta name=\"twitter:label2\" content=\"Estimated reading time\" \/>\n\t<meta name=\"twitter:data2\" content=\"8 minutes\" \/>\n<script type=\"application\/ld+json\" class=\"yoast-schema-graph\">{\"@context\":\"https:\/\/schema.org\",\"@graph\":[{\"@type\":\"Article\",\"@id\":\"https:\/\/izo.si\/en\/pogled-nazaj\/#article\",\"isPartOf\":{\"@id\":\"https:\/\/izo.si\/en\/pogled-nazaj\/\"},\"author\":{\"name\":\"info@izo.si\",\"@id\":\"https:\/\/izo.si\/#\/schema\/person\/7c1d308fe359416255fc3003e716015d\"},\"headline\":\"Pogled nazaj: male in velike zmage ter vse vmes\",\"datePublished\":\"2021-12-31T09:45:58+00:00\",\"dateModified\":\"2021-12-31T10:09:44+00:00\",\"mainEntityOfPage\":{\"@id\":\"https:\/\/izo.si\/en\/pogled-nazaj\/\"},\"wordCount\":1558,\"publisher\":{\"@id\":\"https:\/\/izo.si\/#organization\"},\"image\":{\"@id\":\"https:\/\/izo.si\/en\/pogled-nazaj\/#primaryimage\"},\"thumbnailUrl\":\"https:\/\/izo.si\/wp-content\/uploads\/2021\/12\/Izdelek-brez-naslova-2.png\",\"articleSection\":[\"Novice\"],\"inLanguage\":\"en-GB\"},{\"@type\":\"WebPage\",\"@id\":\"https:\/\/izo.si\/en\/pogled-nazaj\/\",\"url\":\"https:\/\/izo.si\/en\/pogled-nazaj\/\",\"name\":\"Pogled nazaj: male in velike zmage ter vse vmes - IZO\",\"isPartOf\":{\"@id\":\"https:\/\/izo.si\/#website\"},\"primaryImageOfPage\":{\"@id\":\"https:\/\/izo.si\/en\/pogled-nazaj\/#primaryimage\"},\"image\":{\"@id\":\"https:\/\/izo.si\/en\/pogled-nazaj\/#primaryimage\"},\"thumbnailUrl\":\"https:\/\/izo.si\/wp-content\/uploads\/2021\/12\/Izdelek-brez-naslova-2.png\",\"datePublished\":\"2021-12-31T09:45:58+00:00\",\"dateModified\":\"2021-12-31T10:09:44+00:00\",\"breadcrumb\":{\"@id\":\"https:\/\/izo.si\/en\/pogled-nazaj\/#breadcrumb\"},\"inLanguage\":\"en-GB\",\"potentialAction\":[{\"@type\":\"ReadAction\",\"target\":[\"https:\/\/izo.si\/en\/pogled-nazaj\/\"]}]},{\"@type\":\"ImageObject\",\"inLanguage\":\"en-GB\",\"@id\":\"https:\/\/izo.si\/en\/pogled-nazaj\/#primaryimage\",\"url\":\"https:\/\/izo.si\/wp-content\/uploads\/2021\/12\/Izdelek-brez-naslova-2.png\",\"contentUrl\":\"https:\/\/izo.si\/wp-content\/uploads\/2021\/12\/Izdelek-brez-naslova-2.png\",\"width\":940,\"height\":788},{\"@type\":\"BreadcrumbList\",\"@id\":\"https:\/\/izo.si\/en\/pogled-nazaj\/#breadcrumb\",\"itemListElement\":[{\"@type\":\"ListItem\",\"position\":1,\"name\":\"Home\",\"item\":\"https:\/\/izo.si\/\"},{\"@type\":\"ListItem\",\"position\":2,\"name\":\"Pogled nazaj: male in velike zmage ter vse vmes\"}]},{\"@type\":\"WebSite\",\"@id\":\"https:\/\/izo.si\/#website\",\"url\":\"https:\/\/izo.si\/\",\"name\":\"IZO\",\"description\":\"In\u0161titut za zdravje in okolje\",\"publisher\":{\"@id\":\"https:\/\/izo.si\/#organization\"},\"potentialAction\":[{\"@type\":\"SearchAction\",\"target\":{\"@type\":\"EntryPoint\",\"urlTemplate\":\"https:\/\/izo.si\/?s={search_term_string}\"},\"query-input\":{\"@type\":\"PropertyValueSpecification\",\"valueRequired\":true,\"valueName\":\"search_term_string\"}}],\"inLanguage\":\"en-GB\"},{\"@type\":\"Organization\",\"@id\":\"https:\/\/izo.si\/#organization\",\"name\":\"IZO\",\"url\":\"https:\/\/izo.si\/\",\"logo\":{\"@type\":\"ImageObject\",\"inLanguage\":\"en-GB\",\"@id\":\"https:\/\/izo.si\/#\/schema\/logo\/image\/\",\"url\":\"https:\/\/izo.si\/wp-content\/uploads\/2021\/01\/izo-logo@2x.png\",\"contentUrl\":\"https:\/\/izo.si\/wp-content\/uploads\/2021\/01\/izo-logo@2x.png\",\"width\":262,\"height\":139,\"caption\":\"IZO\"},\"image\":{\"@id\":\"https:\/\/izo.si\/#\/schema\/logo\/image\/\"}},{\"@type\":\"Person\",\"@id\":\"https:\/\/izo.si\/#\/schema\/person\/7c1d308fe359416255fc3003e716015d\",\"name\":\"info@izo.si\",\"image\":{\"@type\":\"ImageObject\",\"inLanguage\":\"en-GB\",\"@id\":\"https:\/\/izo.si\/#\/schema\/person\/image\/\",\"url\":\"https:\/\/secure.gravatar.com\/avatar\/6119564cb294b108df0fe93b796cfc2f405adef8ccb4e9788179335543b4f393?s=96&d=mm&r=g\",\"contentUrl\":\"https:\/\/secure.gravatar.com\/avatar\/6119564cb294b108df0fe93b796cfc2f405adef8ccb4e9788179335543b4f393?s=96&d=mm&r=g\",\"caption\":\"info@izo.si\"},\"url\":\"https:\/\/izo.si\/en\/author\/infoizo-si\/\"}]}<\/script>\n<!-- \/ Yoast SEO plugin. -->","yoast_head_json":{"title":"Pogled nazaj: male in velike zmage ter vse vmes - IZO","robots":{"index":"index","follow":"follow","max-snippet":"max-snippet:-1","max-image-preview":"max-image-preview:large","max-video-preview":"max-video-preview:-1"},"canonical":"https:\/\/izo.si\/en\/pogled-nazaj\/","og_locale":"en_GB","og_type":"article","og_title":"Pogled nazaj: male in velike zmage ter vse vmes - IZO","og_description":"Ob koncu leta se radi ozremo nazaj in premislimo, kaj vse smo v letu, ki se poslavlja, naredili, kaj smo dosegli, \u010desa smo se veselili &#8230; In kaj \u017eelimo v prihajajo\u010dem letu nadgraditi, spremeniti, izbolj\u0161ati. In ravno temu je namenjen ta \u010dlanek \u2013 nostalgi\u010dnemu popotovanju skozi leto 2021 in veselju ob prihodu novega, za katerega [&hellip;]","og_url":"https:\/\/izo.si\/en\/pogled-nazaj\/","og_site_name":"IZO","article_published_time":"2021-12-31T09:45:58+00:00","article_modified_time":"2021-12-31T10:09:44+00:00","og_image":[{"width":940,"height":788,"url":"https:\/\/izo.si\/wp-content\/uploads\/2021\/12\/Izdelek-brez-naslova-2.png","type":"image\/png"}],"author":"info@izo.si","twitter_card":"summary_large_image","twitter_misc":{"Written by":"info@izo.si","Estimated reading time":"8 minutes"},"schema":{"@context":"https:\/\/schema.org","@graph":[{"@type":"Article","@id":"https:\/\/izo.si\/en\/pogled-nazaj\/#article","isPartOf":{"@id":"https:\/\/izo.si\/en\/pogled-nazaj\/"},"author":{"name":"info@izo.si","@id":"https:\/\/izo.si\/#\/schema\/person\/7c1d308fe359416255fc3003e716015d"},"headline":"Pogled nazaj: male in velike zmage ter vse vmes","datePublished":"2021-12-31T09:45:58+00:00","dateModified":"2021-12-31T10:09:44+00:00","mainEntityOfPage":{"@id":"https:\/\/izo.si\/en\/pogled-nazaj\/"},"wordCount":1558,"publisher":{"@id":"https:\/\/izo.si\/#organization"},"image":{"@id":"https:\/\/izo.si\/en\/pogled-nazaj\/#primaryimage"},"thumbnailUrl":"https:\/\/izo.si\/wp-content\/uploads\/2021\/12\/Izdelek-brez-naslova-2.png","articleSection":["Novice"],"inLanguage":"en-GB"},{"@type":"WebPage","@id":"https:\/\/izo.si\/en\/pogled-nazaj\/","url":"https:\/\/izo.si\/en\/pogled-nazaj\/","name":"Pogled nazaj: male in velike zmage ter vse vmes - IZO","isPartOf":{"@id":"https:\/\/izo.si\/#website"},"primaryImageOfPage":{"@id":"https:\/\/izo.si\/en\/pogled-nazaj\/#primaryimage"},"image":{"@id":"https:\/\/izo.si\/en\/pogled-nazaj\/#primaryimage"},"thumbnailUrl":"https:\/\/izo.si\/wp-content\/uploads\/2021\/12\/Izdelek-brez-naslova-2.png","datePublished":"2021-12-31T09:45:58+00:00","dateModified":"2021-12-31T10:09:44+00:00","breadcrumb":{"@id":"https:\/\/izo.si\/en\/pogled-nazaj\/#breadcrumb"},"inLanguage":"en-GB","potentialAction":[{"@type":"ReadAction","target":["https:\/\/izo.si\/en\/pogled-nazaj\/"]}]},{"@type":"ImageObject","inLanguage":"en-GB","@id":"https:\/\/izo.si\/en\/pogled-nazaj\/#primaryimage","url":"https:\/\/izo.si\/wp-content\/uploads\/2021\/12\/Izdelek-brez-naslova-2.png","contentUrl":"https:\/\/izo.si\/wp-content\/uploads\/2021\/12\/Izdelek-brez-naslova-2.png","width":940,"height":788},{"@type":"BreadcrumbList","@id":"https:\/\/izo.si\/en\/pogled-nazaj\/#breadcrumb","itemListElement":[{"@type":"ListItem","position":1,"name":"Home","item":"https:\/\/izo.si\/"},{"@type":"ListItem","position":2,"name":"Pogled nazaj: male in velike zmage ter vse vmes"}]},{"@type":"WebSite","@id":"https:\/\/izo.si\/#website","url":"https:\/\/izo.si\/","name":"IZO","description":"Institute for Health and Environment","publisher":{"@id":"https:\/\/izo.si\/#organization"},"potentialAction":[{"@type":"SearchAction","target":{"@type":"EntryPoint","urlTemplate":"https:\/\/izo.si\/?s={search_term_string}"},"query-input":{"@type":"PropertyValueSpecification","valueRequired":true,"valueName":"search_term_string"}}],"inLanguage":"en-GB"},{"@type":"Organization","@id":"https:\/\/izo.si\/#organization","name":"IZO","url":"https:\/\/izo.si\/","logo":{"@type":"ImageObject","inLanguage":"en-GB","@id":"https:\/\/izo.si\/#\/schema\/logo\/image\/","url":"https:\/\/izo.si\/wp-content\/uploads\/2021\/01\/izo-logo@2x.png","contentUrl":"https:\/\/izo.si\/wp-content\/uploads\/2021\/01\/izo-logo@2x.png","width":262,"height":139,"caption":"IZO"},"image":{"@id":"https:\/\/izo.si\/#\/schema\/logo\/image\/"}},{"@type":"Person","@id":"https:\/\/izo.si\/#\/schema\/person\/7c1d308fe359416255fc3003e716015d","name":"info@izo.si","image":{"@type":"ImageObject","inLanguage":"en-GB","@id":"https:\/\/izo.si\/#\/schema\/person\/image\/","url":"https:\/\/secure.gravatar.com\/avatar\/6119564cb294b108df0fe93b796cfc2f405adef8ccb4e9788179335543b4f393?s=96&d=mm&r=g","contentUrl":"https:\/\/secure.gravatar.com\/avatar\/6119564cb294b108df0fe93b796cfc2f405adef8ccb4e9788179335543b4f393?s=96&d=mm&r=g","caption":"info@izo.si"},"url":"https:\/\/izo.si\/en\/author\/infoizo-si\/"}]}},"_links":{"self":[{"href":"https:\/\/izo.si\/en\/wp-json\/wp\/v2\/posts\/2581","targetHints":{"allow":["GET"]}}],"collection":[{"href":"https:\/\/izo.si\/en\/wp-json\/wp\/v2\/posts"}],"about":[{"href":"https:\/\/izo.si\/en\/wp-json\/wp\/v2\/types\/post"}],"author":[{"embeddable":true,"href":"https:\/\/izo.si\/en\/wp-json\/wp\/v2\/users\/8"}],"replies":[{"embeddable":true,"href":"https:\/\/izo.si\/en\/wp-json\/wp\/v2\/comments?post=2581"}],"version-history":[{"count":7,"href":"https:\/\/izo.si\/en\/wp-json\/wp\/v2\/posts\/2581\/revisions"}],"predecessor-version":[{"id":2609,"href":"https:\/\/izo.si\/en\/wp-json\/wp\/v2\/posts\/2581\/revisions\/2609"}],"wp:featuredmedia":[{"embeddable":true,"href":"https:\/\/izo.si\/en\/wp-json\/wp\/v2\/media\/2598"}],"wp:attachment":[{"href":"https:\/\/izo.si\/en\/wp-json\/wp\/v2\/media?parent=2581"}],"wp:term":[{"taxonomy":"category","embeddable":true,"href":"https:\/\/izo.si\/en\/wp-json\/wp\/v2\/categories?post=2581"},{"taxonomy":"post_tag","embeddable":true,"href":"https:\/\/izo.si\/en\/wp-json\/wp\/v2\/tags?post=2581"}],"curies":[{"name":"wp","href":"https:\/\/api.w.org\/{rel}","templated":true}]}}