{"id":2121,"date":"2021-03-30T06:45:17","date_gmt":"2021-03-30T06:45:17","guid":{"rendered":"https:\/\/izo.si\/?p=2121"},"modified":"2022-01-11T15:18:08","modified_gmt":"2022-01-11T14:18:08","slug":"slovenski-kalkulator-ekoloskega-odtisa","status":"publish","type":"post","link":"https:\/\/izo.si\/en\/slovenski-kalkulator-ekoloskega-odtisa\/","title":{"rendered":"Slovenski kalkulator ekolo\u0161kega odtisa"},"content":{"rendered":"<p><strong>Ljubljana, 30. marec 2021 &#8211; In\u0161titut za zdravje in okolje je v okviru projekta Sustainaware objavil <\/strong><a href=\"https:\/\/izo.si\/en\/izracunaj-ekoloski-odtis\/\"><strong>slovensko razli\u010dico kalkulatorja ekolo\u0161kega odtisa<\/strong><\/a><strong>. \u010clove\u0161ka dejavnost izkori\u0161\u010da naravne vire na tak\u0161en na\u010din, da se ti ne obnavljajo dovolj hitro, da bi nadomestili odvzeto. Prav s kazalnikom ekolo\u0161kega odtisa sku\u0161amo ugotoviti, kako hitro porabimo naravne vire, ki bi nam sicer morali zado\u0161\u010dati za vse leto. Slovenski kalkulator omogo\u010da, da vsak Slovenec izra\u010duna svoj ekolo\u0161ki odtis. Tovrstno ozave\u0161\u010danje posameznikov o ekolo\u0161kem odtisu je klju\u010den element naslavljanja problematike podnebnih sprememb. Slovenija si je namre\u010d v Strategiji razvoja do leta 2030 zadala zmanj\u0161anje ekolo\u0161kega odtisa na prebivalca za 20 odstotkov.<\/strong><\/p>\n\n\n\n<p>\u010clove\u0161tvo vse bolj izkori\u0161\u010da naravne vire in ogro\u017ea ekosisteme. <strong>Dr. Alessandro Galli<\/strong>, <strong>vi\u0161ji raziskovalec in direktor Global Footprint Network Mediterranean,<\/strong> izpostavlja: \u201c<em>V zadnjih petih desetletjih se je \u010dlove\u0161ka dejavnost vedno bolj \u0161irila in presegla zmogljivosti na\u0161ega planeta. Mre\u017ea globalnega ekolo\u0161kega odtisa je v zadnjem izra\u010dunu pokazala, da Zemlja potrebuje pribli\u017eno 19 mesecev za obnavljanje sredstev in ekolo\u0161kih storitev, ki jih \u010dlove\u0161tvo porabi v enem letu.\u201d<\/em><\/p>\n\n\n\n<p><a href=\"https:\/\/www.imztr.si\/data\/file\/IMZTR_Ogljicni-Odtis_Zgibanka_A3_10-2018_v13_PRESS_brezPrepogibov.pdf\">Ekolo\u0161ki odtis<\/a> meri naravne vire in ekosistemske storitve, ki jih \u010dlovek uporablja, ter jih primerja z njihovo biolo\u0161ko zmogljivostjo obnavljanja. Velja za enega najbolj celostnih kazalcev trajnosti, ki nam pove, koliko \u010dlovek pritiska na okolje. <strong>Prodekanja in izredna profesorica geografije na Filozofski fakulteti Univerze v Ljubljani,<\/strong> <strong>dr. Katja Vintar Mally,<\/strong> pravi: \u00bb<em>Slovenski strokovnjaki \u017ee vrsto let sledimo metodolo\u0161kemu napredku pri izra\u010dunavanju ekolo\u0161kega odtisa in mo\u017enostim njegove uporabe za celovit prikaz pritiskov \u010dlove\u0161ke dru\u017ebe na okolje. Zanimanje za ekolo\u0161ki odtis se je v Sloveniji izjemno pove\u010dalo po vklju\u010ditvi tega kazalca v Strategijo razvoja Slovenije 2030, z namenom spremljanja na\u0161e uspe\u0161nosti upravljanja naravnih virov. Dr\u017eava si je v Strategiji razvoja Slovenije zadala cilj, da do leta 2030 zmanj\u0161a ekolo\u0161ki odtis na prebivalca za pribli\u017eno 20 odstotkov (s 4,7 gha na prebivalca leta 2013 na 3,8 gha na prebivalca leta 2030). Cilj zmanj\u0161evanja ekolo\u0161kega odtisa je izpostavljen tudi v nacionalnem programu varstva okolja do leta 2030, kazalec pa je vklju\u010den tudi v pripravo regionalnih razvojnih programov za obdobje 2021\u20132027. Ker se od zadanih ciljev trenutno bolj oddaljujemo kot pa pribli\u017eujemo, sta ozave\u0161\u010danje in izobra\u017eevanje na tem podro\u010dju \u0161e toliko pomembnej\u0161a.\u201d<\/em><\/p>\n\n\n\n<p>Ozave\u0161\u010danje o ekolo\u0161kem odtisu bi pripomoglo k doseganju ciljev. Kar 76 % Slovencev se zaveda, da so podnebne spremembe resna gro\u017enja. Velika ve\u010dina Slovencev se trudi reciklirati in omejevati uporabo plastike. Vendar zgolj 22 odstotkov Slovencev sku\u0161a zni\u017eati ekolo\u0161ki odtis med kupovanjem hrane in le 7 odstotkov pomisli na lasten ekolo\u0161ki odtis med na\u010drtovanjem po\u010ditnic oziroma dalj\u0161e poti, je <a href=\"https:\/\/ec.europa.eu\/clima\/sites\/default\/files\/support\/docs\/si_climate_2019_en.pdf\">pokazala anketa Eurobarometer<\/a>.<\/p>\n\n\n\n<p>V okviru projekta Sustainaware je zato In\u0161titut za zdravje in okolje v sodelovanju z Global Footprint Network pripravil kalkulator, ki izra\u010duna ekolo\u0161ki odtis posameznika glede na njegovo vedenje in navade. To predstavlja prvi korak k ve\u010dji ozave\u0161\u010denosti o pomenu ekolo\u0161kega odtisa in tudi dejanske spremembe v vedenju posameznikov. Slednje lahko znatno pripomore k doseganju cilja iz Strategije razvoja Slovenije do leta 2030 za zmanj\u0161evanje ekolo\u0161kega odtisa na prebivalca. <strong>Direktor In\u0161tituta za zdravje in okolje, Toma\u017e Gorenc<\/strong>, ob tem izpostavlja: \u201c<em>Veseli nas, da nam je v sodelovanju z odmevnimi partnerji in ob podpori Evropske podnebne iniciative (EUKI) uspelo realizirati projekt slovenskega kalkulatorja ekolo\u0161kega odtisa. Menimo, da so za prehod v brezoglji\u010dno dru\u017ebo potrebne spremembe na ravni dru\u017ebe in posameznika. Ravno zato smo razvili tak\u0161no uporabno orodje, da lahko vsak na zanimiv in enostaven na\u010din izra\u010duna, koliko planetov Zemlja potrebuje za svoj \u017eivljenjski slog. Le z vrednotenjem svojega \u017eivljenjskega sloga in ozave\u0161\u010danjem lahko dose\u017eemo pomembne spremembe k \u010distej\u0161emu okolju in posledi\u010dno zdravju ljudi.\u201d<\/em><\/p>\n\n\n\n<p>Vsekakor pa ozave\u0161\u010danje posameznikov ni dovolj. Doseganje kazalcev ekolo\u0161kega odtisa posameznika je zgolj manj\u0161i kos sestavljanke, spremembe pa morajo biti celostne. <strong>Toma\u017e Gorenc<\/strong> poudarja: \u201c<em>Ne \u017eelimo si, da bi kalkulator trkal na vest posameznika, temve\u010d da bi bil to prvi korak k ukrepanju. Zato ima to orodje na koncu tudi ideje, kako zni\u017eati osebni ekolo\u0161ki odtis. Pri tem pa moramo poudariti, da le celostne in strukturne politike na ravni dru\u017ebe posamezniku <meta charset=\"utf-8\"><em>omogo\u010dajo<\/em>, da maksimalno zni\u017ea svoj odtis. Zato je pomembno, da na evropski in nacionalni ravni sprejemamo tak\u0161no zakonodajo, ki bo v praksi omogo\u010dala okolju in zdravju prijazno vedenje. Mehanizem za okrevanje in odpornost je zagotovo odli\u010dna strate\u0161ka prilo\u017enost, da zni\u017eamo ekolo\u0161ki odtis tako, da se pribli\u017eamo cilju iz Strategije razvoja Slovenije 2030 in drugim mednarodnim zavezam<\/em>.\u201d<\/p>\n\n\n\n<p><strong>Dr. Katja Vintar Mally <\/strong>izpostavlja: \u201c<em>Veseli smo slovenske razli\u010dice kalkulatorja ekolo\u0161kega odtisa, ki bo uporabnikom, \u0161e <meta charset=\"utf-8\"><em>zlasti<\/em><\/em> <em>mladim, bolj pribli\u017eala na\u010din razmi\u0161ljanja, da na planetu z omejenimi viri ni mo\u017ena njihova brezmejna potro\u0161nja, predvsem ne brez konkretnih posledic za okolje, v katerem in od katerega \u017eivimo.\u201d <\/em><strong>Dr. Alessandro Galli <\/strong>dodaja: \u201c<em>Ne moremo si ve\u010d privo\u0161\u010diti \u010dakanja in odlaganja, aktivirati se moramo \u010dim prej. K sre\u010di si mladina in vedno ve\u010dji del civilne dru\u017ebe \u017eelita pripomo\u010di k bolj zeleni in trajnostni dru\u017ebi. O\u010ditno obstajata \u017eelja in potreba po izobrazbi, k \u010demur lahko pripomore kalkulator za ekolo\u0161ki odtis kot uporabno orodje, ki bo ozave\u0161\u010dalo in aktiviralo evropske dr\u017eavljane<\/em>.\u201d V okviru projekta Sustainaware si \u017eelimo, da bi tovrstno orodje uporabljali tudi v izobra\u017eevanju. Za ta namen pripravljamo tudi \u0161tevilna druga u\u010dna gradiva.<\/p>\n\n\n\n<p>Projekt podpira <strong>Evropska podnebna iniciativa (EUKI) nem\u0161kega zveznega ministrstva za okolje, <\/strong>za katero je odgovoren<strong> dr. Silke Karcher<\/strong>, ki pravi: <em>\u201cProjekt Sustainaware je navdihujo\u010d primer zdru\u017eevanja ljudi vseh starosti, predvsem otrok in mladostnikov, v aktivni participaciji v boju proti podnebnim spremembam. Z zadovoljstvom spremljamo mlaj\u0161e generacije v Sloveniji, ki so gonilna sila v boju proti podnebnim spremembam. Tudi od njih je odvisno, ali se bodo toplogredni plini v prihodnjih desetletjih <meta charset=\"utf-8\"><em>zmanj\u0161ali<\/em>.\u201d<\/em><\/p>\n\n\n\n<p><\/p>\n\n\n\n<figure class=\"wp-block-table\"><table><tbody><tr><td>Projekt Sustainaware je del Evropske pobude za podnebje (EUKI). EUKI je program Zveznega ministrstva za okolje, varstvo narave in jedrsko varnost Nem\u010dije (BMU) za sofinanciranje projektov. Izbor projektov v okviru razpisa <meta charset=\"utf-8\">EUKI vodi Nem\u0161ka dru\u017eba za mednarodno sodelovanje \u2013 Deutsche Gesellschaft f\u00fcr Internationale Zusammenarbeit (GIZ) GmbH. Glavni cilj programa <meta charset=\"utf-8\">EUKI je spodbujati podnebno sodelovanje znotraj Evropske unije z namenom bla\u017eenja emisij toplogrednih plinov.<\/td><\/tr><\/tbody><\/table><\/figure>\n\n\n\n<p><\/p>","protected":false},"excerpt":{"rendered":"<p>Ljubljana, 30. marec 2021 &#8211; In\u0161titut za zdravje in okolje je v okviru projekta Sustainaware objavil slovensko razli\u010dico kalkulatorja ekolo\u0161kega odtisa. \u010clove\u0161ka dejavnost izkori\u0161\u010da naravne vire na tak\u0161en na\u010din, da se ti ne obnavljajo dovolj hitro, da bi nadomestili odvzeto. Prav s kazalnikom ekolo\u0161kega odtisa sku\u0161amo ugotoviti, kako hitro porabimo naravne vire, ki bi nam [&hellip;]<\/p>","protected":false},"author":4,"featured_media":2682,"comment_status":"closed","ping_status":"closed","sticky":false,"template":"","format":"standard","meta":{"_monsterinsights_skip_tracking":false,"_monsterinsights_sitenote_active":false,"_monsterinsights_sitenote_note":"","_monsterinsights_sitenote_category":0,"_uf_show_specific_survey":0,"_uf_disable_surveys":false,"footnotes":""},"categories":[7],"tags":[],"class_list":["post-2121","post","type-post","status-publish","format-standard","has-post-thumbnail","hentry","category-novice"],"aioseo_notices":[],"yoast_head":"<!-- This site is optimized with the Yoast SEO plugin v24.5 - https:\/\/yoast.com\/wordpress\/plugins\/seo\/ -->\n<title>Slovenski kalkulator ekolo\u0161kega odtisa - IZO<\/title>\n<meta name=\"robots\" content=\"index, follow, max-snippet:-1, max-image-preview:large, max-video-preview:-1\" \/>\n<link rel=\"canonical\" href=\"https:\/\/izo.si\/en\/slovenski-kalkulator-ekoloskega-odtisa\/\" \/>\n<meta property=\"og:locale\" content=\"en_GB\" \/>\n<meta property=\"og:type\" content=\"article\" \/>\n<meta property=\"og:title\" content=\"Slovenski kalkulator ekolo\u0161kega odtisa - IZO\" \/>\n<meta property=\"og:description\" content=\"Ljubljana, 30. marec 2021 &#8211; In\u0161titut za zdravje in okolje je v okviru projekta Sustainaware objavil slovensko razli\u010dico kalkulatorja ekolo\u0161kega odtisa. \u010clove\u0161ka dejavnost izkori\u0161\u010da naravne vire na tak\u0161en na\u010din, da se ti ne obnavljajo dovolj hitro, da bi nadomestili odvzeto. Prav s kazalnikom ekolo\u0161kega odtisa sku\u0161amo ugotoviti, kako hitro porabimo naravne vire, ki bi nam [&hellip;]\" \/>\n<meta property=\"og:url\" content=\"https:\/\/izo.si\/en\/slovenski-kalkulator-ekoloskega-odtisa\/\" \/>\n<meta property=\"og:site_name\" content=\"IZO\" \/>\n<meta property=\"article:published_time\" content=\"2021-03-30T06:45:17+00:00\" \/>\n<meta property=\"article:modified_time\" content=\"2022-01-11T14:18:08+00:00\" \/>\n<meta property=\"og:image\" content=\"https:\/\/izo.si\/wp-content\/uploads\/2021\/03\/Izdelek-brez-naslova-4.png\" \/>\n\t<meta property=\"og:image:width\" content=\"1080\" \/>\n\t<meta property=\"og:image:height\" content=\"1080\" \/>\n\t<meta property=\"og:image:type\" content=\"image\/png\" \/>\n<meta name=\"author\" content=\"Toma\u017e Gorenc\" \/>\n<meta name=\"twitter:card\" content=\"summary_large_image\" \/>\n<meta name=\"twitter:label1\" content=\"Written by\" \/>\n\t<meta name=\"twitter:data1\" content=\"Toma\u017e Gorenc\" \/>\n\t<meta name=\"twitter:label2\" content=\"Estimated reading time\" \/>\n\t<meta name=\"twitter:data2\" content=\"5 minutes\" \/>\n<script type=\"application\/ld+json\" class=\"yoast-schema-graph\">{\"@context\":\"https:\/\/schema.org\",\"@graph\":[{\"@type\":\"Article\",\"@id\":\"https:\/\/izo.si\/slovenski-kalkulator-ekoloskega-odtisa\/#article\",\"isPartOf\":{\"@id\":\"https:\/\/izo.si\/slovenski-kalkulator-ekoloskega-odtisa\/\"},\"author\":{\"name\":\"Toma\u017e Gorenc\",\"@id\":\"https:\/\/izo.si\/#\/schema\/person\/4624a92a9e247fc2c1581bbc65d158ba\"},\"headline\":\"Slovenski kalkulator ekolo\u0161kega odtisa\",\"datePublished\":\"2021-03-30T06:45:17+00:00\",\"dateModified\":\"2022-01-11T14:18:08+00:00\",\"mainEntityOfPage\":{\"@id\":\"https:\/\/izo.si\/slovenski-kalkulator-ekoloskega-odtisa\/\"},\"wordCount\":1082,\"publisher\":{\"@id\":\"https:\/\/izo.si\/#organization\"},\"image\":{\"@id\":\"https:\/\/izo.si\/slovenski-kalkulator-ekoloskega-odtisa\/#primaryimage\"},\"thumbnailUrl\":\"https:\/\/izo.si\/wp-content\/uploads\/2021\/03\/Izdelek-brez-naslova-4.png\",\"articleSection\":[\"Novice\"],\"inLanguage\":\"en-GB\"},{\"@type\":\"WebPage\",\"@id\":\"https:\/\/izo.si\/slovenski-kalkulator-ekoloskega-odtisa\/\",\"url\":\"https:\/\/izo.si\/slovenski-kalkulator-ekoloskega-odtisa\/\",\"name\":\"Slovenski kalkulator ekolo\u0161kega odtisa - IZO\",\"isPartOf\":{\"@id\":\"https:\/\/izo.si\/#website\"},\"primaryImageOfPage\":{\"@id\":\"https:\/\/izo.si\/slovenski-kalkulator-ekoloskega-odtisa\/#primaryimage\"},\"image\":{\"@id\":\"https:\/\/izo.si\/slovenski-kalkulator-ekoloskega-odtisa\/#primaryimage\"},\"thumbnailUrl\":\"https:\/\/izo.si\/wp-content\/uploads\/2021\/03\/Izdelek-brez-naslova-4.png\",\"datePublished\":\"2021-03-30T06:45:17+00:00\",\"dateModified\":\"2022-01-11T14:18:08+00:00\",\"breadcrumb\":{\"@id\":\"https:\/\/izo.si\/slovenski-kalkulator-ekoloskega-odtisa\/#breadcrumb\"},\"inLanguage\":\"en-GB\",\"potentialAction\":[{\"@type\":\"ReadAction\",\"target\":[\"https:\/\/izo.si\/slovenski-kalkulator-ekoloskega-odtisa\/\"]}]},{\"@type\":\"ImageObject\",\"inLanguage\":\"en-GB\",\"@id\":\"https:\/\/izo.si\/slovenski-kalkulator-ekoloskega-odtisa\/#primaryimage\",\"url\":\"https:\/\/izo.si\/wp-content\/uploads\/2021\/03\/Izdelek-brez-naslova-4.png\",\"contentUrl\":\"https:\/\/izo.si\/wp-content\/uploads\/2021\/03\/Izdelek-brez-naslova-4.png\",\"width\":1080,\"height\":1080},{\"@type\":\"BreadcrumbList\",\"@id\":\"https:\/\/izo.si\/slovenski-kalkulator-ekoloskega-odtisa\/#breadcrumb\",\"itemListElement\":[{\"@type\":\"ListItem\",\"position\":1,\"name\":\"Home\",\"item\":\"https:\/\/izo.si\/\"},{\"@type\":\"ListItem\",\"position\":2,\"name\":\"Slovenski kalkulator ekolo\u0161kega odtisa\"}]},{\"@type\":\"WebSite\",\"@id\":\"https:\/\/izo.si\/#website\",\"url\":\"https:\/\/izo.si\/\",\"name\":\"IZO\",\"description\":\"In\u0161titut za zdravje in okolje\",\"publisher\":{\"@id\":\"https:\/\/izo.si\/#organization\"},\"potentialAction\":[{\"@type\":\"SearchAction\",\"target\":{\"@type\":\"EntryPoint\",\"urlTemplate\":\"https:\/\/izo.si\/?s={search_term_string}\"},\"query-input\":{\"@type\":\"PropertyValueSpecification\",\"valueRequired\":true,\"valueName\":\"search_term_string\"}}],\"inLanguage\":\"en-GB\"},{\"@type\":\"Organization\",\"@id\":\"https:\/\/izo.si\/#organization\",\"name\":\"IZO\",\"url\":\"https:\/\/izo.si\/\",\"logo\":{\"@type\":\"ImageObject\",\"inLanguage\":\"en-GB\",\"@id\":\"https:\/\/izo.si\/#\/schema\/logo\/image\/\",\"url\":\"https:\/\/izo.si\/wp-content\/uploads\/2021\/01\/izo-logo@2x.png\",\"contentUrl\":\"https:\/\/izo.si\/wp-content\/uploads\/2021\/01\/izo-logo@2x.png\",\"width\":262,\"height\":139,\"caption\":\"IZO\"},\"image\":{\"@id\":\"https:\/\/izo.si\/#\/schema\/logo\/image\/\"}},{\"@type\":\"Person\",\"@id\":\"https:\/\/izo.si\/#\/schema\/person\/4624a92a9e247fc2c1581bbc65d158ba\",\"name\":\"Toma\u017e Gorenc\",\"image\":{\"@type\":\"ImageObject\",\"inLanguage\":\"en-GB\",\"@id\":\"https:\/\/izo.si\/#\/schema\/person\/image\/\",\"url\":\"https:\/\/secure.gravatar.com\/avatar\/34750c0a4c204196371f4683dc360d96c806db6d4fc377591f116136f094c81e?s=96&d=mm&r=g\",\"contentUrl\":\"https:\/\/secure.gravatar.com\/avatar\/34750c0a4c204196371f4683dc360d96c806db6d4fc377591f116136f094c81e?s=96&d=mm&r=g\",\"caption\":\"Toma\u017e Gorenc\"},\"url\":\"https:\/\/izo.si\/en\/author\/tomaz-gorencizo-si\/\"}]}<\/script>\n<!-- \/ Yoast SEO plugin. -->","yoast_head_json":{"title":"Slovenski kalkulator ekolo\u0161kega odtisa - IZO","robots":{"index":"index","follow":"follow","max-snippet":"max-snippet:-1","max-image-preview":"max-image-preview:large","max-video-preview":"max-video-preview:-1"},"canonical":"https:\/\/izo.si\/en\/slovenski-kalkulator-ekoloskega-odtisa\/","og_locale":"en_GB","og_type":"article","og_title":"Slovenski kalkulator ekolo\u0161kega odtisa - IZO","og_description":"Ljubljana, 30. marec 2021 &#8211; In\u0161titut za zdravje in okolje je v okviru projekta Sustainaware objavil slovensko razli\u010dico kalkulatorja ekolo\u0161kega odtisa. \u010clove\u0161ka dejavnost izkori\u0161\u010da naravne vire na tak\u0161en na\u010din, da se ti ne obnavljajo dovolj hitro, da bi nadomestili odvzeto. Prav s kazalnikom ekolo\u0161kega odtisa sku\u0161amo ugotoviti, kako hitro porabimo naravne vire, ki bi nam [&hellip;]","og_url":"https:\/\/izo.si\/en\/slovenski-kalkulator-ekoloskega-odtisa\/","og_site_name":"IZO","article_published_time":"2021-03-30T06:45:17+00:00","article_modified_time":"2022-01-11T14:18:08+00:00","og_image":[{"width":1080,"height":1080,"url":"https:\/\/izo.si\/wp-content\/uploads\/2021\/03\/Izdelek-brez-naslova-4.png","type":"image\/png"}],"author":"Toma\u017e Gorenc","twitter_card":"summary_large_image","twitter_misc":{"Written by":"Toma\u017e Gorenc","Estimated reading time":"5 minutes"},"schema":{"@context":"https:\/\/schema.org","@graph":[{"@type":"Article","@id":"https:\/\/izo.si\/slovenski-kalkulator-ekoloskega-odtisa\/#article","isPartOf":{"@id":"https:\/\/izo.si\/slovenski-kalkulator-ekoloskega-odtisa\/"},"author":{"name":"Toma\u017e Gorenc","@id":"https:\/\/izo.si\/#\/schema\/person\/4624a92a9e247fc2c1581bbc65d158ba"},"headline":"Slovenski kalkulator ekolo\u0161kega odtisa","datePublished":"2021-03-30T06:45:17+00:00","dateModified":"2022-01-11T14:18:08+00:00","mainEntityOfPage":{"@id":"https:\/\/izo.si\/slovenski-kalkulator-ekoloskega-odtisa\/"},"wordCount":1082,"publisher":{"@id":"https:\/\/izo.si\/#organization"},"image":{"@id":"https:\/\/izo.si\/slovenski-kalkulator-ekoloskega-odtisa\/#primaryimage"},"thumbnailUrl":"https:\/\/izo.si\/wp-content\/uploads\/2021\/03\/Izdelek-brez-naslova-4.png","articleSection":["Novice"],"inLanguage":"en-GB"},{"@type":"WebPage","@id":"https:\/\/izo.si\/slovenski-kalkulator-ekoloskega-odtisa\/","url":"https:\/\/izo.si\/slovenski-kalkulator-ekoloskega-odtisa\/","name":"Slovenski kalkulator ekolo\u0161kega odtisa - IZO","isPartOf":{"@id":"https:\/\/izo.si\/#website"},"primaryImageOfPage":{"@id":"https:\/\/izo.si\/slovenski-kalkulator-ekoloskega-odtisa\/#primaryimage"},"image":{"@id":"https:\/\/izo.si\/slovenski-kalkulator-ekoloskega-odtisa\/#primaryimage"},"thumbnailUrl":"https:\/\/izo.si\/wp-content\/uploads\/2021\/03\/Izdelek-brez-naslova-4.png","datePublished":"2021-03-30T06:45:17+00:00","dateModified":"2022-01-11T14:18:08+00:00","breadcrumb":{"@id":"https:\/\/izo.si\/slovenski-kalkulator-ekoloskega-odtisa\/#breadcrumb"},"inLanguage":"en-GB","potentialAction":[{"@type":"ReadAction","target":["https:\/\/izo.si\/slovenski-kalkulator-ekoloskega-odtisa\/"]}]},{"@type":"ImageObject","inLanguage":"en-GB","@id":"https:\/\/izo.si\/slovenski-kalkulator-ekoloskega-odtisa\/#primaryimage","url":"https:\/\/izo.si\/wp-content\/uploads\/2021\/03\/Izdelek-brez-naslova-4.png","contentUrl":"https:\/\/izo.si\/wp-content\/uploads\/2021\/03\/Izdelek-brez-naslova-4.png","width":1080,"height":1080},{"@type":"BreadcrumbList","@id":"https:\/\/izo.si\/slovenski-kalkulator-ekoloskega-odtisa\/#breadcrumb","itemListElement":[{"@type":"ListItem","position":1,"name":"Home","item":"https:\/\/izo.si\/"},{"@type":"ListItem","position":2,"name":"Slovenski kalkulator ekolo\u0161kega odtisa"}]},{"@type":"WebSite","@id":"https:\/\/izo.si\/#website","url":"https:\/\/izo.si\/","name":"IZO","description":"Institute for Health and Environment","publisher":{"@id":"https:\/\/izo.si\/#organization"},"potentialAction":[{"@type":"SearchAction","target":{"@type":"EntryPoint","urlTemplate":"https:\/\/izo.si\/?s={search_term_string}"},"query-input":{"@type":"PropertyValueSpecification","valueRequired":true,"valueName":"search_term_string"}}],"inLanguage":"en-GB"},{"@type":"Organization","@id":"https:\/\/izo.si\/#organization","name":"IZO","url":"https:\/\/izo.si\/","logo":{"@type":"ImageObject","inLanguage":"en-GB","@id":"https:\/\/izo.si\/#\/schema\/logo\/image\/","url":"https:\/\/izo.si\/wp-content\/uploads\/2021\/01\/izo-logo@2x.png","contentUrl":"https:\/\/izo.si\/wp-content\/uploads\/2021\/01\/izo-logo@2x.png","width":262,"height":139,"caption":"IZO"},"image":{"@id":"https:\/\/izo.si\/#\/schema\/logo\/image\/"}},{"@type":"Person","@id":"https:\/\/izo.si\/#\/schema\/person\/4624a92a9e247fc2c1581bbc65d158ba","name":"Toma\u017e Gorenc","image":{"@type":"ImageObject","inLanguage":"en-GB","@id":"https:\/\/izo.si\/#\/schema\/person\/image\/","url":"https:\/\/secure.gravatar.com\/avatar\/34750c0a4c204196371f4683dc360d96c806db6d4fc377591f116136f094c81e?s=96&d=mm&r=g","contentUrl":"https:\/\/secure.gravatar.com\/avatar\/34750c0a4c204196371f4683dc360d96c806db6d4fc377591f116136f094c81e?s=96&d=mm&r=g","caption":"Toma\u017e Gorenc"},"url":"https:\/\/izo.si\/en\/author\/tomaz-gorencizo-si\/"}]}},"_links":{"self":[{"href":"https:\/\/izo.si\/en\/wp-json\/wp\/v2\/posts\/2121","targetHints":{"allow":["GET"]}}],"collection":[{"href":"https:\/\/izo.si\/en\/wp-json\/wp\/v2\/posts"}],"about":[{"href":"https:\/\/izo.si\/en\/wp-json\/wp\/v2\/types\/post"}],"author":[{"embeddable":true,"href":"https:\/\/izo.si\/en\/wp-json\/wp\/v2\/users\/4"}],"replies":[{"embeddable":true,"href":"https:\/\/izo.si\/en\/wp-json\/wp\/v2\/comments?post=2121"}],"version-history":[{"count":6,"href":"https:\/\/izo.si\/en\/wp-json\/wp\/v2\/posts\/2121\/revisions"}],"predecessor-version":[{"id":2721,"href":"https:\/\/izo.si\/en\/wp-json\/wp\/v2\/posts\/2121\/revisions\/2721"}],"wp:featuredmedia":[{"embeddable":true,"href":"https:\/\/izo.si\/en\/wp-json\/wp\/v2\/media\/2682"}],"wp:attachment":[{"href":"https:\/\/izo.si\/en\/wp-json\/wp\/v2\/media?parent=2121"}],"wp:term":[{"taxonomy":"category","embeddable":true,"href":"https:\/\/izo.si\/en\/wp-json\/wp\/v2\/categories?post=2121"},{"taxonomy":"post_tag","embeddable":true,"href":"https:\/\/izo.si\/en\/wp-json\/wp\/v2\/tags?post=2121"}],"curies":[{"name":"wp","href":"https:\/\/api.w.org\/{rel}","templated":true}]}}